{"id":1089,"date":"2025-02-28T09:33:06","date_gmt":"2025-02-28T09:33:06","guid":{"rendered":"https:\/\/www.grupolanave.com\/informacion\/?p=1089"},"modified":"2025-02-28T09:33:06","modified_gmt":"2025-02-28T09:33:06","slug":"como-colocar-dos-sofas-en-un-salon-pequeno","status":"publish","type":"post","link":"https:\/\/www.grupolanave.com\/informacion\/como-colocar-dos-sofas-en-un-salon-pequeno\/","title":{"rendered":"C\u00f3mo colocar dos sof\u00e1s en un sal\u00f3n peque\u00f1o"},"content":{"rendered":"<p><img loading=\"lazy\" decoding=\"async\" src=\"https:\/\/www.grupolanave.com\/informacion\/wp-content\/uploads\/2025\/02\/dos_sofas.jpg\" alt=\"C&oacute;mo colocar dos sof&aacute;s en un sal&oacute;n peque&ntilde;o\" width=\"850\" height=\"567\" \/><\/p>\n<p>Amueblar un sal&oacute;n peque&ntilde;o puede parecer dif&iacute;cil, pero con una buena planificaci&oacute;n, vas a crear un espacio acogedor, funcional y con estilo.<\/p>\n<p>Tener dos sof&aacute;s en lugar de uno es la soluci&oacute;n perfecta para conseguir un sal&oacute;n mucho m&aacute;s c&oacute;modo para relajarse y disfrutar de los mejores momentos de ocio y descanso. Pero si te preguntas<strong> c&oacute;mo colocar dos sof&aacute;s en un sal&oacute;n peque&ntilde;o,<\/strong> aqu&iacute; tienes algunas ideas.<\/p>\n<h2>Por qu&eacute; es m&aacute;s pr&aacute;ctico tener dos sof&aacute;s en vez de uno<\/h2>\n<p>En primer lugar, con dos sof&aacute;s en un sal&oacute;n peque&ntilde;o, obtenemos m&aacute;s espacio para <strong>recibir invitados.<\/strong> Si organizamos una reuni&oacute;n familiar o una noche de pel&iacute;culas con amigos, el hecho de disponer de dos sof&aacute;s permite que todos tengan un lugar c&oacute;modo donde sentarse.<\/p>\n<p>Adem&aacute;s, los sof&aacute;s tambi&eacute;n dan <strong>mayor independencia a quienes viven en casa.<\/strong> Por ejemplo, una persona puede estar tumbada, leyendo o viendo la televisi&oacute;n mientras otra est&aacute; sentada trabajando en el ordenador o tomando un caf&eacute;. Lo mejor de todo es que el espacio no tiene por qu&eacute; ser un problema, siempre y cuando sepamos elegir y ubicar los sof&aacute;s correctamente.<\/p>\n<h2>C&oacute;mo elegir los sof&aacute;s adecuados para un sal&oacute;n peque&ntilde;o<\/h2>\n<p>Estos son algunos consejos para elegir los sof&aacute;s m&aacute;s apropiados para salones de tama&ntilde;o reducido.<\/p>\n<h3>Tama&ntilde;os proporcionados<\/h3>\n<p>Lo que hay que hacer es elegir sof&aacute;s de dos plazas o tres como m&aacute;ximo y evitar dise&ntilde;os demasiado voluminosos. Los sof&aacute;s compactos <strong>con un dise&ntilde;o minimalista<\/strong> ayudan a mantener la sensaci&oacute;n de amplitud y sin saturar visualmente el espacio. Es una gran opci&oacute;n para un sal&oacute;n peque&ntilde;o con dos sof&aacute;s.<\/p>\n<h3>Colores claros<\/h3>\n<p>Los tonos claros o neutros son tus mejores aliados. Es mejor seleccionar sof&aacute;s en colores como el <em>beige,<\/em> el gris claro o el blanco roto porque hacen que el sal&oacute;n se perciba <strong>m&aacute;s amplio y luminoso.<\/strong><\/p>\n<h3>Combinar sof&aacute; rinconera con un sill&oacute;n independiente o sof&aacute;s diferentes<\/h3>\n<p>Otra opci&oacute;n para aprovechar el espacio es combinar un sof&aacute; rinconera dise&ntilde;ado para salones peque&ntilde;os con un sill&oacute;n individual. Tambi&eacute;n puedes considerar un sal&oacute;n con dos sof&aacute;s diferentes. Es una propuesta que le <strong>da mucha personalidad al espacio.<\/strong><\/p>\n<h3>Sof&aacute;s compactos<\/h3>\n<p>Otra opci&oacute;n son los sof&aacute;s compactos <strong>con almacenamiento integrado,<\/strong> que permiten aprovechar al m&aacute;ximo el espacio. Estos sof&aacute;s, adem&aacute;s de cumplir su funci&oacute;n principal, tienen hueco para guardar mantas, cojines u otros objetos que podr&iacute;an ocupar espacio extra.<\/p>\n<h2>Ideas para colocar dos sof&aacute;s en un sal&oacute;n peque&ntilde;o<\/h2>\n<p>Los sof&aacute;s son el alma del sal&oacute;n, y si priorizas la comodidad y la funcionalidad, merece la pena reorganizar el espacio para darles protagonismo. Si te faltan metros cuadrados, una soluci&oacute;n m&aacute;s pr&aacute;ctica es retirar muebles u objetos menos &uacute;tiles y almacenarlos <a href=\"https:\/\/www.grupolanave.com\/trasteros-particulares\/espacio-extra\" target=\"_blank\" rel=\"noopener\">en un trastero<\/a>.<\/p>\n<h3>Colocaci&oacute;n en L<\/h3>\n<p>Esta es una de las configuraciones m&aacute;s populares y eficientes para salones peque&ntilde;os. Colocar los sof&aacute;s en forma de L <strong>aprovecha las esquinas <\/strong> y deja&nbsp;el resto del espacio m&aacute;s despejado.<\/p>\n<h3>Frente a frente<\/h3>\n<p>Si tu sal&oacute;n es alargado, puedes colocar dos sof&aacute;s frente a frente. Es una disposici&oacute;n perfecta para reuniones o para un espacio social donde las conversaciones sean el centro de atenci&oacute;n. Es recomendable<strong> poner una mesa de centro ligera<\/strong> para unir visualmente los dos sof&aacute;s.&nbsp;<\/p>\n<h3>Contra la pared<\/h3>\n<p>En salones peque&ntilde;os, la mejor estrategia es colocar ambos sof&aacute;s <strong>contra las paredes opuestas.<\/strong> De esta forma ampliamos el espacio central y es posible una circulaci&oacute;n c&oacute;moda. Tambi&eacute;n puedes usar alfombras o cojines para dar un toque de calidez y cohesi&oacute;n al ambiente.<\/p>\n<p>&nbsp;<\/p>\n<p>Si te preguntabas c&oacute;mo colocar dos sof&aacute;s en un sal&oacute;n peque&ntilde;o, ya has visto que con un poco de creatividad, puedes transformar tu hogar en un espacio funcional y acogedor. Si necesitas liberar espacio para dar protagonismo a tus sof&aacute;s, <a href=\"https:\/\/www.grupolanave.com\/\" target=\"_blank\" rel=\"noopener\">Grupo La Nave<\/a> ofrece servicios de trasteros a medida para adaptarnos a tus necesidades. Conf&iacute;a en nosotros para ayudarte a conseguir un hogar c&oacute;modo y ordenado.<\/p>\n","protected":false},"excerpt":{"rendered":"<p>Amueblar un sal&oacute;n peque&ntilde;o puede parecer dif&iacute;cil, pero con una buena planificaci&oacute;n, vas a crear un espacio acogedor, funcional y con estilo. Tener dos sof&aacute;s en lugar de uno es la soluci&oacute;n perfecta para conseguir un sal&oacute;n mucho m&aacute;s c&oacute;modo para relajarse y disfrutar de los mejores momentos de ocio y descanso. Pero si te [&hellip;]<\/p>\n","protected":false},"author":1,"featured_media":1088,"comment_status":"open","ping_status":"open","sticky":false,"template":"","format":"standard","meta":{"footnotes":""},"categories":[1],"tags":[],"yoast_head":"<!-- This site is optimized with the Yoast SEO plugin v22.8 - https:\/\/yoast.com\/wordpress\/plugins\/seo\/ -->\n<title>C\u00f3mo colocar dos sof\u00e1s en un sal\u00f3n peque\u00f1o - Grupo La Nave<\/title>\n<meta name=\"robots\" content=\"index, follow, max-snippet:-1, max-image-preview:large, max-video-preview:-1\" \/>\n<link rel=\"canonical\" href=\"https:\/\/www.grupolanave.com\/informacion\/como-colocar-dos-sofas-en-un-salon-pequeno\/\" \/>\n<meta property=\"og:locale\" content=\"es_ES\" \/>\n<meta property=\"og:type\" content=\"article\" \/>\n<meta property=\"og:title\" content=\"C\u00f3mo colocar dos sof\u00e1s en un sal\u00f3n peque\u00f1o - Grupo La Nave\" \/>\n<meta property=\"og:description\" content=\"Amueblar un sal&oacute;n peque&ntilde;o puede parecer dif&iacute;cil, pero con una buena planificaci&oacute;n, vas a crear un espacio acogedor, funcional y con estilo. Tener dos sof&aacute;s en lugar de uno es la soluci&oacute;n perfecta para conseguir un sal&oacute;n mucho m&aacute;s c&oacute;modo para relajarse y disfrutar de los mejores momentos de ocio y descanso. Pero si te [&hellip;]\" \/>\n<meta property=\"og:url\" content=\"https:\/\/www.grupolanave.com\/informacion\/como-colocar-dos-sofas-en-un-salon-pequeno\/\" \/>\n<meta property=\"og:site_name\" content=\"Grupo La Nave\" \/>\n<meta property=\"article:published_time\" content=\"2025-02-28T09:33:06+00:00\" \/>\n<meta property=\"og:image\" content=\"https:\/\/www.grupolanave.com\/informacion\/wp-content\/uploads\/2025\/02\/dos_sofas.jpg\" \/>\n\t<meta property=\"og:image:width\" content=\"1000\" \/>\n\t<meta property=\"og:image:height\" content=\"667\" \/>\n\t<meta property=\"og:image:type\" content=\"image\/jpeg\" \/>\n<meta name=\"author\" content=\"lanave\" \/>\n<meta name=\"twitter:card\" content=\"summary_large_image\" \/>\n<meta name=\"twitter:label1\" content=\"Escrito por\" \/>\n\t<meta name=\"twitter:data1\" content=\"lanave\" \/>\n\t<meta name=\"twitter:label2\" content=\"Tiempo de lectura\" \/>\n\t<meta name=\"twitter:data2\" content=\"4 minutos\" \/>\n<script type=\"application\/ld+json\" class=\"yoast-schema-graph\">{\"@context\":\"https:\/\/schema.org\",\"@graph\":[{\"@type\":\"Article\",\"@id\":\"https:\/\/www.grupolanave.com\/informacion\/como-colocar-dos-sofas-en-un-salon-pequeno\/#article\",\"isPartOf\":{\"@id\":\"https:\/\/www.grupolanave.com\/informacion\/como-colocar-dos-sofas-en-un-salon-pequeno\/\"},\"author\":{\"name\":\"lanave\",\"@id\":\"https:\/\/www.grupolanave.com\/informacion\/#\/schema\/person\/e5a234affc161cbc11f28a4b305e10c4\"},\"headline\":\"C\u00f3mo colocar dos sof\u00e1s en un sal\u00f3n peque\u00f1o\",\"datePublished\":\"2025-02-28T09:33:06+00:00\",\"dateModified\":\"2025-02-28T09:33:06+00:00\",\"mainEntityOfPage\":{\"@id\":\"https:\/\/www.grupolanave.com\/informacion\/como-colocar-dos-sofas-en-un-salon-pequeno\/\"},\"wordCount\":855,\"commentCount\":0,\"publisher\":{\"@id\":\"https:\/\/www.grupolanave.com\/informacion\/#organization\"},\"image\":{\"@id\":\"https:\/\/www.grupolanave.com\/informacion\/como-colocar-dos-sofas-en-un-salon-pequeno\/#primaryimage\"},\"thumbnailUrl\":\"https:\/\/www.grupolanave.com\/informacion\/wp-content\/uploads\/2025\/02\/dos_sofas.jpg\",\"inLanguage\":\"es\",\"potentialAction\":[{\"@type\":\"CommentAction\",\"name\":\"Comment\",\"target\":[\"https:\/\/www.grupolanave.com\/informacion\/como-colocar-dos-sofas-en-un-salon-pequeno\/#respond\"]}]},{\"@type\":\"WebPage\",\"@id\":\"https:\/\/www.grupolanave.com\/informacion\/como-colocar-dos-sofas-en-un-salon-pequeno\/\",\"url\":\"https:\/\/www.grupolanave.com\/informacion\/como-colocar-dos-sofas-en-un-salon-pequeno\/\",\"name\":\"C\u00f3mo colocar dos sof\u00e1s en un sal\u00f3n peque\u00f1o - Grupo La Nave\",\"isPartOf\":{\"@id\":\"https:\/\/www.grupolanave.com\/informacion\/#website\"},\"primaryImageOfPage\":{\"@id\":\"https:\/\/www.grupolanave.com\/informacion\/como-colocar-dos-sofas-en-un-salon-pequeno\/#primaryimage\"},\"image\":{\"@id\":\"https:\/\/www.grupolanave.com\/informacion\/como-colocar-dos-sofas-en-un-salon-pequeno\/#primaryimage\"},\"thumbnailUrl\":\"https:\/\/www.grupolanave.com\/informacion\/wp-content\/uploads\/2025\/02\/dos_sofas.jpg\",\"datePublished\":\"2025-02-28T09:33:06+00:00\",\"dateModified\":\"2025-02-28T09:33:06+00:00\",\"breadcrumb\":{\"@id\":\"https:\/\/www.grupolanave.com\/informacion\/como-colocar-dos-sofas-en-un-salon-pequeno\/#breadcrumb\"},\"inLanguage\":\"es\",\"potentialAction\":[{\"@type\":\"ReadAction\",\"target\":[\"https:\/\/www.grupolanave.com\/informacion\/como-colocar-dos-sofas-en-un-salon-pequeno\/\"]}]},{\"@type\":\"ImageObject\",\"inLanguage\":\"es\",\"@id\":\"https:\/\/www.grupolanave.com\/informacion\/como-colocar-dos-sofas-en-un-salon-pequeno\/#primaryimage\",\"url\":\"https:\/\/www.grupolanave.com\/informacion\/wp-content\/uploads\/2025\/02\/dos_sofas.jpg\",\"contentUrl\":\"https:\/\/www.grupolanave.com\/informacion\/wp-content\/uploads\/2025\/02\/dos_sofas.jpg\",\"width\":1000,\"height\":667},{\"@type\":\"BreadcrumbList\",\"@id\":\"https:\/\/www.grupolanave.com\/informacion\/como-colocar-dos-sofas-en-un-salon-pequeno\/#breadcrumb\",\"itemListElement\":[{\"@type\":\"ListItem\",\"position\":1,\"name\":\"Portada\",\"item\":\"https:\/\/www.grupolanave.com\/informacion\/\"},{\"@type\":\"ListItem\",\"position\":2,\"name\":\"C\u00f3mo colocar dos sof\u00e1s en un sal\u00f3n peque\u00f1o\"}]},{\"@type\":\"WebSite\",\"@id\":\"https:\/\/www.grupolanave.com\/informacion\/#website\",\"url\":\"https:\/\/www.grupolanave.com\/informacion\/\",\"name\":\"Grupo La Nave\",\"description\":\"Alquiler de trasteros y minialmacenes\",\"publisher\":{\"@id\":\"https:\/\/www.grupolanave.com\/informacion\/#organization\"},\"potentialAction\":[{\"@type\":\"SearchAction\",\"target\":{\"@type\":\"EntryPoint\",\"urlTemplate\":\"https:\/\/www.grupolanave.com\/informacion\/?s={search_term_string}\"},\"query-input\":\"required name=search_term_string\"}],\"inLanguage\":\"es\"},{\"@type\":\"Organization\",\"@id\":\"https:\/\/www.grupolanave.com\/informacion\/#organization\",\"name\":\"Grupo La Nave\",\"url\":\"https:\/\/www.grupolanave.com\/informacion\/\",\"logo\":{\"@type\":\"ImageObject\",\"inLanguage\":\"es\",\"@id\":\"https:\/\/www.grupolanave.com\/informacion\/#\/schema\/logo\/image\/\",\"url\":\"https:\/\/www.grupolanave.com\/informacion\/wp-content\/uploads\/2021\/04\/cropped-logo-trasteros.png\",\"contentUrl\":\"https:\/\/www.grupolanave.com\/informacion\/wp-content\/uploads\/2021\/04\/cropped-logo-trasteros.png\",\"width\":291,\"height\":85,\"caption\":\"Grupo La Nave\"},\"image\":{\"@id\":\"https:\/\/www.grupolanave.com\/informacion\/#\/schema\/logo\/image\/\"}},{\"@type\":\"Person\",\"@id\":\"https:\/\/www.grupolanave.com\/informacion\/#\/schema\/person\/e5a234affc161cbc11f28a4b305e10c4\",\"name\":\"lanave\",\"image\":{\"@type\":\"ImageObject\",\"inLanguage\":\"es\",\"@id\":\"https:\/\/www.grupolanave.com\/informacion\/#\/schema\/person\/image\/\",\"url\":\"https:\/\/secure.gravatar.com\/avatar\/4149137097ddd89bf75c953b3f2ed1e1?s=96&d=mm&r=g\",\"contentUrl\":\"https:\/\/secure.gravatar.com\/avatar\/4149137097ddd89bf75c953b3f2ed1e1?s=96&d=mm&r=g\",\"caption\":\"lanave\"},\"sameAs\":[\"https:\/\/www.grupolanave.com\/informacion\"],\"url\":\"https:\/\/www.grupolanave.com\/informacion\/author\/lanave\/\"}]}<\/script>\n<!-- \/ Yoast SEO plugin. -->","yoast_head_json":{"title":"C\u00f3mo colocar dos sof\u00e1s en un sal\u00f3n peque\u00f1o - Grupo La Nave","robots":{"index":"index","follow":"follow","max-snippet":"max-snippet:-1","max-image-preview":"max-image-preview:large","max-video-preview":"max-video-preview:-1"},"canonical":"https:\/\/www.grupolanave.com\/informacion\/como-colocar-dos-sofas-en-un-salon-pequeno\/","og_locale":"es_ES","og_type":"article","og_title":"C\u00f3mo colocar dos sof\u00e1s en un sal\u00f3n peque\u00f1o - Grupo La Nave","og_description":"Amueblar un sal&oacute;n peque&ntilde;o puede parecer dif&iacute;cil, pero con una buena planificaci&oacute;n, vas a crear un espacio acogedor, funcional y con estilo. Tener dos sof&aacute;s en lugar de uno es la soluci&oacute;n perfecta para conseguir un sal&oacute;n mucho m&aacute;s c&oacute;modo para relajarse y disfrutar de los mejores momentos de ocio y descanso. Pero si te [&hellip;]","og_url":"https:\/\/www.grupolanave.com\/informacion\/como-colocar-dos-sofas-en-un-salon-pequeno\/","og_site_name":"Grupo La Nave","article_published_time":"2025-02-28T09:33:06+00:00","og_image":[{"width":1000,"height":667,"url":"https:\/\/www.grupolanave.com\/informacion\/wp-content\/uploads\/2025\/02\/dos_sofas.jpg","type":"image\/jpeg"}],"author":"lanave","twitter_card":"summary_large_image","twitter_misc":{"Escrito por":"lanave","Tiempo de lectura":"4 minutos"},"schema":{"@context":"https:\/\/schema.org","@graph":[{"@type":"Article","@id":"https:\/\/www.grupolanave.com\/informacion\/como-colocar-dos-sofas-en-un-salon-pequeno\/#article","isPartOf":{"@id":"https:\/\/www.grupolanave.com\/informacion\/como-colocar-dos-sofas-en-un-salon-pequeno\/"},"author":{"name":"lanave","@id":"https:\/\/www.grupolanave.com\/informacion\/#\/schema\/person\/e5a234affc161cbc11f28a4b305e10c4"},"headline":"C\u00f3mo colocar dos sof\u00e1s en un sal\u00f3n peque\u00f1o","datePublished":"2025-02-28T09:33:06+00:00","dateModified":"2025-02-28T09:33:06+00:00","mainEntityOfPage":{"@id":"https:\/\/www.grupolanave.com\/informacion\/como-colocar-dos-sofas-en-un-salon-pequeno\/"},"wordCount":855,"commentCount":0,"publisher":{"@id":"https:\/\/www.grupolanave.com\/informacion\/#organization"},"image":{"@id":"https:\/\/www.grupolanave.com\/informacion\/como-colocar-dos-sofas-en-un-salon-pequeno\/#primaryimage"},"thumbnailUrl":"https:\/\/www.grupolanave.com\/informacion\/wp-content\/uploads\/2025\/02\/dos_sofas.jpg","inLanguage":"es","potentialAction":[{"@type":"CommentAction","name":"Comment","target":["https:\/\/www.grupolanave.com\/informacion\/como-colocar-dos-sofas-en-un-salon-pequeno\/#respond"]}]},{"@type":"WebPage","@id":"https:\/\/www.grupolanave.com\/informacion\/como-colocar-dos-sofas-en-un-salon-pequeno\/","url":"https:\/\/www.grupolanave.com\/informacion\/como-colocar-dos-sofas-en-un-salon-pequeno\/","name":"C\u00f3mo colocar dos sof\u00e1s en un sal\u00f3n peque\u00f1o - Grupo La Nave","isPartOf":{"@id":"https:\/\/www.grupolanave.com\/informacion\/#website"},"primaryImageOfPage":{"@id":"https:\/\/www.grupolanave.com\/informacion\/como-colocar-dos-sofas-en-un-salon-pequeno\/#primaryimage"},"image":{"@id":"https:\/\/www.grupolanave.com\/informacion\/como-colocar-dos-sofas-en-un-salon-pequeno\/#primaryimage"},"thumbnailUrl":"https:\/\/www.grupolanave.com\/informacion\/wp-content\/uploads\/2025\/02\/dos_sofas.jpg","datePublished":"2025-02-28T09:33:06+00:00","dateModified":"2025-02-28T09:33:06+00:00","breadcrumb":{"@id":"https:\/\/www.grupolanave.com\/informacion\/como-colocar-dos-sofas-en-un-salon-pequeno\/#breadcrumb"},"inLanguage":"es","potentialAction":[{"@type":"ReadAction","target":["https:\/\/www.grupolanave.com\/informacion\/como-colocar-dos-sofas-en-un-salon-pequeno\/"]}]},{"@type":"ImageObject","inLanguage":"es","@id":"https:\/\/www.grupolanave.com\/informacion\/como-colocar-dos-sofas-en-un-salon-pequeno\/#primaryimage","url":"https:\/\/www.grupolanave.com\/informacion\/wp-content\/uploads\/2025\/02\/dos_sofas.jpg","contentUrl":"https:\/\/www.grupolanave.com\/informacion\/wp-content\/uploads\/2025\/02\/dos_sofas.jpg","width":1000,"height":667},{"@type":"BreadcrumbList","@id":"https:\/\/www.grupolanave.com\/informacion\/como-colocar-dos-sofas-en-un-salon-pequeno\/#breadcrumb","itemListElement":[{"@type":"ListItem","position":1,"name":"Portada","item":"https:\/\/www.grupolanave.com\/informacion\/"},{"@type":"ListItem","position":2,"name":"C\u00f3mo colocar dos sof\u00e1s en un sal\u00f3n peque\u00f1o"}]},{"@type":"WebSite","@id":"https:\/\/www.grupolanave.com\/informacion\/#website","url":"https:\/\/www.grupolanave.com\/informacion\/","name":"Grupo La Nave","description":"Alquiler de trasteros y minialmacenes","publisher":{"@id":"https:\/\/www.grupolanave.com\/informacion\/#organization"},"potentialAction":[{"@type":"SearchAction","target":{"@type":"EntryPoint","urlTemplate":"https:\/\/www.grupolanave.com\/informacion\/?s={search_term_string}"},"query-input":"required name=search_term_string"}],"inLanguage":"es"},{"@type":"Organization","@id":"https:\/\/www.grupolanave.com\/informacion\/#organization","name":"Grupo La Nave","url":"https:\/\/www.grupolanave.com\/informacion\/","logo":{"@type":"ImageObject","inLanguage":"es","@id":"https:\/\/www.grupolanave.com\/informacion\/#\/schema\/logo\/image\/","url":"https:\/\/www.grupolanave.com\/informacion\/wp-content\/uploads\/2021\/04\/cropped-logo-trasteros.png","contentUrl":"https:\/\/www.grupolanave.com\/informacion\/wp-content\/uploads\/2021\/04\/cropped-logo-trasteros.png","width":291,"height":85,"caption":"Grupo La Nave"},"image":{"@id":"https:\/\/www.grupolanave.com\/informacion\/#\/schema\/logo\/image\/"}},{"@type":"Person","@id":"https:\/\/www.grupolanave.com\/informacion\/#\/schema\/person\/e5a234affc161cbc11f28a4b305e10c4","name":"lanave","image":{"@type":"ImageObject","inLanguage":"es","@id":"https:\/\/www.grupolanave.com\/informacion\/#\/schema\/person\/image\/","url":"https:\/\/secure.gravatar.com\/avatar\/4149137097ddd89bf75c953b3f2ed1e1?s=96&d=mm&r=g","contentUrl":"https:\/\/secure.gravatar.com\/avatar\/4149137097ddd89bf75c953b3f2ed1e1?s=96&d=mm&r=g","caption":"lanave"},"sameAs":["https:\/\/www.grupolanave.com\/informacion"],"url":"https:\/\/www.grupolanave.com\/informacion\/author\/lanave\/"}]}},"_links":{"self":[{"href":"https:\/\/www.grupolanave.com\/informacion\/wp-json\/wp\/v2\/posts\/1089"}],"collection":[{"href":"https:\/\/www.grupolanave.com\/informacion\/wp-json\/wp\/v2\/posts"}],"about":[{"href":"https:\/\/www.grupolanave.com\/informacion\/wp-json\/wp\/v2\/types\/post"}],"author":[{"embeddable":true,"href":"https:\/\/www.grupolanave.com\/informacion\/wp-json\/wp\/v2\/users\/1"}],"replies":[{"embeddable":true,"href":"https:\/\/www.grupolanave.com\/informacion\/wp-json\/wp\/v2\/comments?post=1089"}],"version-history":[{"count":1,"href":"https:\/\/www.grupolanave.com\/informacion\/wp-json\/wp\/v2\/posts\/1089\/revisions"}],"predecessor-version":[{"id":1100,"href":"https:\/\/www.grupolanave.com\/informacion\/wp-json\/wp\/v2\/posts\/1089\/revisions\/1100"}],"wp:featuredmedia":[{"embeddable":true,"href":"https:\/\/www.grupolanave.com\/informacion\/wp-json\/wp\/v2\/media\/1088"}],"wp:attachment":[{"href":"https:\/\/www.grupolanave.com\/informacion\/wp-json\/wp\/v2\/media?parent=1089"}],"wp:term":[{"taxonomy":"category","embeddable":true,"href":"https:\/\/www.grupolanave.com\/informacion\/wp-json\/wp\/v2\/categories?post=1089"},{"taxonomy":"post_tag","embeddable":true,"href":"https:\/\/www.grupolanave.com\/informacion\/wp-json\/wp\/v2\/tags?post=1089"}],"curies":[{"name":"wp","href":"https:\/\/api.w.org\/{rel}","templated":true}]}}