{"id":1229,"date":"2026-01-14T12:02:29","date_gmt":"2026-01-14T12:02:29","guid":{"rendered":"https:\/\/www.grupolanave.com\/informacion\/?p=1229"},"modified":"2026-01-14T12:02:29","modified_gmt":"2026-01-14T12:02:29","slug":"sindrome-del-nido-vacio-como-entender-y-afrontar-esta-etapa","status":"publish","type":"post","link":"https:\/\/www.grupolanave.com\/informacion\/sindrome-del-nido-vacio-como-entender-y-afrontar-esta-etapa\/","title":{"rendered":"S\u00edndrome del nido vac\u00edo: c\u00f3mo entender y afrontar esta etapa"},"content":{"rendered":"<h1><strong>S&iacute;ndrome del nido vac&iacute;o: gu&iacute;a b&aacute;sica para sobrellevar el cambio<\/strong><\/h1>\n<p><strong><img loading=\"lazy\" decoding=\"async\" src=\"https:\/\/www.grupolanave.com\/informacion\/wp-content\/uploads\/2025\/12\/sindrome_del_nido_vacio.jpg\" alt=\"S&iacute;ndrome del nido vac&iacute;o\" width=\"850\" height=\"478\" \/><\/strong><\/p>\n<p>A lo largo de la vida hay momentos que crean un antes y un despu&eacute;s. Si eres padre, recordar&aacute;s <a title=\"sindrome del nido\" href=\"https:\/\/www.grupolanave.com\/informacion\/el-sindrome-del-nido-preparando-el-hogar-para-la-llegada-del-bebe\/ \" target=\"_blank\" rel=\"noopener\"><strong>c&oacute;mo organizaste tu hogar<\/strong><\/a> <strong>con ilusi&oacute;n antes de la llegada de tu hijo.<\/strong> Sin embargo, con el paso de los a&ntilde;os, hay un punto clave que tambi&eacute;n tendr&aacute;s que pasar: ese momento en el que tu hijo se independiza.<\/p>\n<p>Si sientes miedo o ansiedad ante esta situaci&oacute;n, no est&aacute;s solo. Es algo muy com&uacute;n que <strong>se conoce como<\/strong> <strong>s&iacute;ndrome del nido vac&iacute;o<\/strong> y que puedes afrontar con una serie de consejos que te ayudar&aacute;n a transformar tu vida y preparar tu casa en esta nueva etapa.<\/p>\n<h2>Qu&eacute; es el s&iacute;ndrome del nido vac&iacute;o<\/h2>\n<p>Si te preguntas qu&eacute; es el s&iacute;ndrome del nido vac&iacute;o, se trata de una <strong>reacci&oacute;n emocional que ocurre cuando los hijos se independizan<\/strong>. Este sentimiento es muy com&uacute;n y se caracteriza por sentir soledad, tristeza y vac&iacute;o al ver que los hijos abandonan el hogar familiar.&nbsp;<\/p>\n<p>En este momento clave en la vida de cualquier padre, es imprescindible empezar a redefinir los roles y <strong>volver a encontrarte a ti mismo.<\/strong> Con el objetivo de aceptar la situaci&oacute;n y superarla cuanto antes, lo mejor es transformar esta p&eacute;rdida en una nueva oportunidad de crecer a nivel personal.<\/p>\n<h2>Por qu&eacute; se produce&nbsp;<\/h2>\n<p>Los padres y madres con s&iacute;ndrome del nido vac&iacute;o <strong>lo primero que sienten es soledad<\/strong>. De forma general, los hijos se empiezan a independizar a los 18 a&ntilde;os. Despu&eacute;s de haber pasado todo este tiempo con ellos, es normal sentir miedo ante el futuro.<\/p>\n<p>Por otro lado, muchos padres viven esa &eacute;poca de crianza muy volcados en sus hijos, lo que puede haber llevado a <strong>una p&eacute;rdida de autorrealizaci&oacute;n.<\/strong> Tras haber estado tanto tiempo centrados en los ni&ntilde;os, es normal que, cuando se van, no sepas bien qu&eacute; hacer. Tu casa empieza a parecer m&aacute;s grande y habr&aacute; estancias que deban cambiar de funci&oacute;n.<\/p>\n<p>Otro problema com&uacute;n que se da en esta etapa es la <strong>aparici&oacute;n de problemas en la pareja<\/strong>. Este momento es crucial para aprender de nuevo a convivir en solitario, algo que no todos saben afrontar, sobre todo, teniendo en cuenta que llevan demasiados a&ntilde;os con otras preocupaciones en la cabeza.<\/p>\n<h2>Formas sencillas de gestionar el s&iacute;ndrome del nido vac&iacute;o<\/h2>\n<p>Al ser algo que sucede de forma com&uacute;n, aunque no todo el mundo hable de ello, existe una serie de consejos clave que te ayudan de forma sencilla a gestionar el s&iacute;ndrome del nido vac&iacute;o y <strong>afrontar la nueva etapa de tu vida<\/strong> con optimismo.<\/p>\n<h3>Siente alegr&iacute;a por el trabajo bien hecho<\/h3>\n<p>Debes pensar que este es un <strong>momento feliz para tus hijos.<\/strong> Es la hora de dejarlos volar y que aprendan a vivir por su cuenta. Si has hecho un buen trabajo como padre, debes alegrarte y apoyarlos sin tener que estar constantemente junto a ellos.<\/p>\n<h3>Prepara tu mente<\/h3>\n<p>En muchas ocasiones, no queremos pensar en lo que se avecina por miedo a lo que podamos sentir. Esto puede ser un error, ya que, cuando llegue el inevitable momento, no contar&aacute;s con herramientas para afrontarlo. Por eso, lo mejor es gestionarlo, <strong>ayudando a tus hijos a ser independientes<\/strong> y mostrando que son capaces de tener total autonom&iacute;a. A nivel emocional, reconoce que es normal que sientas pena y los eches de menos, validando siempre lo que sientas.<\/p>\n<h3>Aprovecha tu oportunidad<\/h3>\n<p>Lejos de ver esta situaci&oacute;n como algo triste, es importante que en esta etapa empieces a <strong>reconectar contigo mismo y con tu pareja.<\/strong> Durante el cuidado de los hijos, es natural dejar de lado ciertos intereses y pasiones. Por eso, ahora que se van, puedes recuperar ese tiempo perdido y comenzar a cuidarte a ti, as&iacute; como a disfrutar de una nueva etapa de amor.<\/p>\n<h3>El apoyo es importante<\/h3>\n<p>Otro factor que debes tener en cuenta es que el s&iacute;ndrome vac&iacute;o se da en un alto porcentaje de padres. Es decir, no est&aacute;s solo en el proceso y es un sentimiento normal. Sin embargo, si ves que la tristeza o el miedo empiezan a superarte, es <strong>fundamental buscar apoyo profesional<\/strong> para evitar caer en un momento depresivo.<\/p>\n<h2>Reorganizar el hogar: un buen apoyo para superar el proceso<\/h2>\n<p>Con el objetivo de hacerte el d&iacute;a a d&iacute;a m&aacute;s sencillo y superar este s&iacute;ndrome, un buen prop&oacute;sito es reorganizar el hogar. En este punto, cabe destacar la importancia que tienen <a title=\"como combatir la ansiedad a traves del orden\" href=\"https:\/\/www.grupolanave.com\/informacion\/como-combatir-la-ansiedad-en-casa-a-traves-del-orden\/ \" target=\"_blank\" rel=\"noopener\"><strong>la limpieza y el orden a la hora de gestionar la ansiedad<\/strong><\/a>, por lo que hacerlo te ayudar&aacute; a volver a reconectar contigo, con tu pareja y con tu casa.<\/p>\n<h3 class=\"Y3BBE\"><span class=\"uJ19be notranslate\">Comienza con las zonas comunes<\/h3>\n<p><span class=\"uJ19be notranslate\">Si piensas en reorganizar tu hogar, comenzar por el sal&oacute;n puede ser una gran decisi&oacute;n. No hace falta que te metas en una gran reforma para conseguirlo. Basta con <strong>cambiar el tono de las paredes y redecorar<\/strong> de forma que este lugar represente tu nueva vida.<\/p>\n<h3><span class=\"uJ19be notranslate\">La habitaci&oacute;n de tus hijos<\/h3>\n<p><span class=\"uJ19be notranslate\">Tus hijos se han ido fuera y esto significa que su habitaci&oacute;n ya no es tan importante. En este sentido, puedes <strong>redefinir la funci&oacute;n de esta estancia o cambiarla<\/strong>, seg&uacute;n el plan que tengan tus hijos. Si van a volver de vez en cuando, aseg&uacute;rate de que este siga siendo un espacio seguro, pero redecora con el objetivo de dejar atr&aacute;s las etapas de la ni&ntilde;ez o adolescencia.<\/p>\n<h3><span class=\"uJ19be notranslate\">C&eacute;ntrate en tus pasiones<\/h3>\n<p><span class=\"uJ19be notranslate\">Si te sobra alguna habitaci&oacute;n o si tus hijos tienen ya su propio hogar y puedes hacer lo que desees con su dormitorio, puedes <strong>transformar esa estancia en un lugar para ti.<\/strong> Si eres un &aacute;vido lector, convi&eacute;rtela en un espacio de biblioteca donde leer a gusto. Si te encanta el ejercicio, crea un peque&ntilde;o gimnasio. El objetivo es que reconectes y vuelvas a centrarte en ti.<\/p>\n<h3><span class=\"uJ19be notranslate\">Guarda lo que no necesites&nbsp;<\/h3>\n<p><span class=\"uJ19be notranslate\">Durante la reorganizaci&oacute;n de tu hogar, habr&aacute;n salido decenas de objetos que ya no son necesarios. En ese caso, si a&uacute;n no est&aacute;s preparado para deshacerte de ellos, una buena idea puede ser guardarlos <a title=\"trastero particular grupo la nave\" href=\"https:\/\/www.grupolanave.com\/trasteros-particulares\/espacio-extra\" target=\"_blank\" rel=\"noopener\"><strong>haciendo uso de un trastero<\/strong><\/a> como el que te proponemos en <a href=\"http:\/\/www.grupolanave.com\" target=\"_blank\" rel=\"follow noopener\">Grupo La Nave<\/a>. Nuestro equipo profesional se ocupar&aacute; de hacerte este tr&aacute;mite m&aacute;s f&aacute;cil, acompa&ntilde;&aacute;ndote en el proceso para que t&uacute; solo tengas que centrarte en ti.<\/p>\n<p><span class=\"uJ19be notranslate\">Como puedes comprobar, es natural sentir el <strong>s&iacute;ndrome del nido vac&iacute;o<\/strong> despu&eacute;s de que sus hijos dejen el hogar familiar. No obstante, lejos de ser un problema, esto puede ser una oportunidad &uacute;nica para volver a conectar con lo que te apasiona, redescubriros como pareja o convirtiendo la casa en ese espacio con el que siempre has so&ntilde;ado.<\/p>\n","protected":false},"excerpt":{"rendered":"<p>S&iacute;ndrome del nido vac&iacute;o: gu&iacute;a b&aacute;sica para sobrellevar el cambio A lo largo de la vida hay momentos que crean un antes y un despu&eacute;s. Si eres padre, recordar&aacute;s c&oacute;mo organizaste tu hogar con ilusi&oacute;n antes de la llegada de tu hijo. Sin embargo, con el paso de los a&ntilde;os, hay un punto clave que [&hellip;]<\/p>\n","protected":false},"author":1,"featured_media":1228,"comment_status":"open","ping_status":"open","sticky":false,"template":"","format":"standard","meta":{"footnotes":""},"categories":[1],"tags":[],"yoast_head":"<!-- This site is optimized with the Yoast SEO plugin v22.8 - https:\/\/yoast.com\/wordpress\/plugins\/seo\/ -->\n<title>S\u00edndrome del nido vac\u00edo: c\u00f3mo entender y afrontar esta etapa - Grupo La Nave<\/title>\n<meta name=\"robots\" content=\"index, follow, max-snippet:-1, max-image-preview:large, max-video-preview:-1\" \/>\n<link rel=\"canonical\" href=\"https:\/\/www.grupolanave.com\/informacion\/sindrome-del-nido-vacio-como-entender-y-afrontar-esta-etapa\/\" \/>\n<meta property=\"og:locale\" content=\"es_ES\" \/>\n<meta property=\"og:type\" content=\"article\" \/>\n<meta property=\"og:title\" content=\"S\u00edndrome del nido vac\u00edo: c\u00f3mo entender y afrontar esta etapa - Grupo La Nave\" \/>\n<meta property=\"og:description\" content=\"S&iacute;ndrome del nido vac&iacute;o: gu&iacute;a b&aacute;sica para sobrellevar el cambio A lo largo de la vida hay momentos que crean un antes y un despu&eacute;s. Si eres padre, recordar&aacute;s c&oacute;mo organizaste tu hogar con ilusi&oacute;n antes de la llegada de tu hijo. Sin embargo, con el paso de los a&ntilde;os, hay un punto clave que [&hellip;]\" \/>\n<meta property=\"og:url\" content=\"https:\/\/www.grupolanave.com\/informacion\/sindrome-del-nido-vacio-como-entender-y-afrontar-esta-etapa\/\" \/>\n<meta property=\"og:site_name\" content=\"Grupo La Nave\" \/>\n<meta property=\"article:published_time\" content=\"2026-01-14T12:02:29+00:00\" \/>\n<meta property=\"og:image\" content=\"https:\/\/www.grupolanave.com\/informacion\/wp-content\/uploads\/2025\/12\/sindrome_del_nido_vacio.jpg\" \/>\n\t<meta property=\"og:image:width\" content=\"1500\" \/>\n\t<meta property=\"og:image:height\" content=\"844\" \/>\n\t<meta property=\"og:image:type\" content=\"image\/jpeg\" \/>\n<meta name=\"author\" content=\"lanave\" \/>\n<meta name=\"twitter:card\" content=\"summary_large_image\" \/>\n<meta name=\"twitter:label1\" content=\"Escrito por\" \/>\n\t<meta name=\"twitter:data1\" content=\"lanave\" \/>\n\t<meta name=\"twitter:label2\" content=\"Tiempo de lectura\" \/>\n\t<meta name=\"twitter:data2\" content=\"6 minutos\" \/>\n<script type=\"application\/ld+json\" class=\"yoast-schema-graph\">{\"@context\":\"https:\/\/schema.org\",\"@graph\":[{\"@type\":\"Article\",\"@id\":\"https:\/\/www.grupolanave.com\/informacion\/sindrome-del-nido-vacio-como-entender-y-afrontar-esta-etapa\/#article\",\"isPartOf\":{\"@id\":\"https:\/\/www.grupolanave.com\/informacion\/sindrome-del-nido-vacio-como-entender-y-afrontar-esta-etapa\/\"},\"author\":{\"name\":\"lanave\",\"@id\":\"https:\/\/www.grupolanave.com\/informacion\/#\/schema\/person\/e5a234affc161cbc11f28a4b305e10c4\"},\"headline\":\"S\u00edndrome del nido vac\u00edo: c\u00f3mo entender y afrontar esta etapa\",\"datePublished\":\"2026-01-14T12:02:29+00:00\",\"dateModified\":\"2026-01-14T12:02:29+00:00\",\"mainEntityOfPage\":{\"@id\":\"https:\/\/www.grupolanave.com\/informacion\/sindrome-del-nido-vacio-como-entender-y-afrontar-esta-etapa\/\"},\"wordCount\":1282,\"commentCount\":0,\"publisher\":{\"@id\":\"https:\/\/www.grupolanave.com\/informacion\/#organization\"},\"image\":{\"@id\":\"https:\/\/www.grupolanave.com\/informacion\/sindrome-del-nido-vacio-como-entender-y-afrontar-esta-etapa\/#primaryimage\"},\"thumbnailUrl\":\"https:\/\/www.grupolanave.com\/informacion\/wp-content\/uploads\/2025\/12\/sindrome_del_nido_vacio.jpg\",\"inLanguage\":\"es\",\"potentialAction\":[{\"@type\":\"CommentAction\",\"name\":\"Comment\",\"target\":[\"https:\/\/www.grupolanave.com\/informacion\/sindrome-del-nido-vacio-como-entender-y-afrontar-esta-etapa\/#respond\"]}]},{\"@type\":\"WebPage\",\"@id\":\"https:\/\/www.grupolanave.com\/informacion\/sindrome-del-nido-vacio-como-entender-y-afrontar-esta-etapa\/\",\"url\":\"https:\/\/www.grupolanave.com\/informacion\/sindrome-del-nido-vacio-como-entender-y-afrontar-esta-etapa\/\",\"name\":\"S\u00edndrome del nido vac\u00edo: c\u00f3mo entender y afrontar esta etapa - Grupo La Nave\",\"isPartOf\":{\"@id\":\"https:\/\/www.grupolanave.com\/informacion\/#website\"},\"primaryImageOfPage\":{\"@id\":\"https:\/\/www.grupolanave.com\/informacion\/sindrome-del-nido-vacio-como-entender-y-afrontar-esta-etapa\/#primaryimage\"},\"image\":{\"@id\":\"https:\/\/www.grupolanave.com\/informacion\/sindrome-del-nido-vacio-como-entender-y-afrontar-esta-etapa\/#primaryimage\"},\"thumbnailUrl\":\"https:\/\/www.grupolanave.com\/informacion\/wp-content\/uploads\/2025\/12\/sindrome_del_nido_vacio.jpg\",\"datePublished\":\"2026-01-14T12:02:29+00:00\",\"dateModified\":\"2026-01-14T12:02:29+00:00\",\"breadcrumb\":{\"@id\":\"https:\/\/www.grupolanave.com\/informacion\/sindrome-del-nido-vacio-como-entender-y-afrontar-esta-etapa\/#breadcrumb\"},\"inLanguage\":\"es\",\"potentialAction\":[{\"@type\":\"ReadAction\",\"target\":[\"https:\/\/www.grupolanave.com\/informacion\/sindrome-del-nido-vacio-como-entender-y-afrontar-esta-etapa\/\"]}]},{\"@type\":\"ImageObject\",\"inLanguage\":\"es\",\"@id\":\"https:\/\/www.grupolanave.com\/informacion\/sindrome-del-nido-vacio-como-entender-y-afrontar-esta-etapa\/#primaryimage\",\"url\":\"https:\/\/www.grupolanave.com\/informacion\/wp-content\/uploads\/2025\/12\/sindrome_del_nido_vacio.jpg\",\"contentUrl\":\"https:\/\/www.grupolanave.com\/informacion\/wp-content\/uploads\/2025\/12\/sindrome_del_nido_vacio.jpg\",\"width\":1500,\"height\":844},{\"@type\":\"BreadcrumbList\",\"@id\":\"https:\/\/www.grupolanave.com\/informacion\/sindrome-del-nido-vacio-como-entender-y-afrontar-esta-etapa\/#breadcrumb\",\"itemListElement\":[{\"@type\":\"ListItem\",\"position\":1,\"name\":\"Portada\",\"item\":\"https:\/\/www.grupolanave.com\/informacion\/\"},{\"@type\":\"ListItem\",\"position\":2,\"name\":\"S\u00edndrome del nido vac\u00edo: c\u00f3mo entender y afrontar esta etapa\"}]},{\"@type\":\"WebSite\",\"@id\":\"https:\/\/www.grupolanave.com\/informacion\/#website\",\"url\":\"https:\/\/www.grupolanave.com\/informacion\/\",\"name\":\"Grupo La Nave\",\"description\":\"Alquiler de trasteros y minialmacenes\",\"publisher\":{\"@id\":\"https:\/\/www.grupolanave.com\/informacion\/#organization\"},\"potentialAction\":[{\"@type\":\"SearchAction\",\"target\":{\"@type\":\"EntryPoint\",\"urlTemplate\":\"https:\/\/www.grupolanave.com\/informacion\/?s={search_term_string}\"},\"query-input\":\"required name=search_term_string\"}],\"inLanguage\":\"es\"},{\"@type\":\"Organization\",\"@id\":\"https:\/\/www.grupolanave.com\/informacion\/#organization\",\"name\":\"Grupo La Nave\",\"url\":\"https:\/\/www.grupolanave.com\/informacion\/\",\"logo\":{\"@type\":\"ImageObject\",\"inLanguage\":\"es\",\"@id\":\"https:\/\/www.grupolanave.com\/informacion\/#\/schema\/logo\/image\/\",\"url\":\"https:\/\/www.grupolanave.com\/informacion\/wp-content\/uploads\/2021\/04\/cropped-logo-trasteros.png\",\"contentUrl\":\"https:\/\/www.grupolanave.com\/informacion\/wp-content\/uploads\/2021\/04\/cropped-logo-trasteros.png\",\"width\":291,\"height\":85,\"caption\":\"Grupo La Nave\"},\"image\":{\"@id\":\"https:\/\/www.grupolanave.com\/informacion\/#\/schema\/logo\/image\/\"}},{\"@type\":\"Person\",\"@id\":\"https:\/\/www.grupolanave.com\/informacion\/#\/schema\/person\/e5a234affc161cbc11f28a4b305e10c4\",\"name\":\"lanave\",\"image\":{\"@type\":\"ImageObject\",\"inLanguage\":\"es\",\"@id\":\"https:\/\/www.grupolanave.com\/informacion\/#\/schema\/person\/image\/\",\"url\":\"https:\/\/secure.gravatar.com\/avatar\/4149137097ddd89bf75c953b3f2ed1e1?s=96&d=mm&r=g\",\"contentUrl\":\"https:\/\/secure.gravatar.com\/avatar\/4149137097ddd89bf75c953b3f2ed1e1?s=96&d=mm&r=g\",\"caption\":\"lanave\"},\"sameAs\":[\"https:\/\/www.grupolanave.com\/informacion\"],\"url\":\"https:\/\/www.grupolanave.com\/informacion\/author\/lanave\/\"}]}<\/script>\n<!-- \/ Yoast SEO plugin. -->","yoast_head_json":{"title":"S\u00edndrome del nido vac\u00edo: c\u00f3mo entender y afrontar esta etapa - Grupo La Nave","robots":{"index":"index","follow":"follow","max-snippet":"max-snippet:-1","max-image-preview":"max-image-preview:large","max-video-preview":"max-video-preview:-1"},"canonical":"https:\/\/www.grupolanave.com\/informacion\/sindrome-del-nido-vacio-como-entender-y-afrontar-esta-etapa\/","og_locale":"es_ES","og_type":"article","og_title":"S\u00edndrome del nido vac\u00edo: c\u00f3mo entender y afrontar esta etapa - Grupo La Nave","og_description":"S&iacute;ndrome del nido vac&iacute;o: gu&iacute;a b&aacute;sica para sobrellevar el cambio A lo largo de la vida hay momentos que crean un antes y un despu&eacute;s. Si eres padre, recordar&aacute;s c&oacute;mo organizaste tu hogar con ilusi&oacute;n antes de la llegada de tu hijo. Sin embargo, con el paso de los a&ntilde;os, hay un punto clave que [&hellip;]","og_url":"https:\/\/www.grupolanave.com\/informacion\/sindrome-del-nido-vacio-como-entender-y-afrontar-esta-etapa\/","og_site_name":"Grupo La Nave","article_published_time":"2026-01-14T12:02:29+00:00","og_image":[{"width":1500,"height":844,"url":"https:\/\/www.grupolanave.com\/informacion\/wp-content\/uploads\/2025\/12\/sindrome_del_nido_vacio.jpg","type":"image\/jpeg"}],"author":"lanave","twitter_card":"summary_large_image","twitter_misc":{"Escrito por":"lanave","Tiempo de lectura":"6 minutos"},"schema":{"@context":"https:\/\/schema.org","@graph":[{"@type":"Article","@id":"https:\/\/www.grupolanave.com\/informacion\/sindrome-del-nido-vacio-como-entender-y-afrontar-esta-etapa\/#article","isPartOf":{"@id":"https:\/\/www.grupolanave.com\/informacion\/sindrome-del-nido-vacio-como-entender-y-afrontar-esta-etapa\/"},"author":{"name":"lanave","@id":"https:\/\/www.grupolanave.com\/informacion\/#\/schema\/person\/e5a234affc161cbc11f28a4b305e10c4"},"headline":"S\u00edndrome del nido vac\u00edo: c\u00f3mo entender y afrontar esta etapa","datePublished":"2026-01-14T12:02:29+00:00","dateModified":"2026-01-14T12:02:29+00:00","mainEntityOfPage":{"@id":"https:\/\/www.grupolanave.com\/informacion\/sindrome-del-nido-vacio-como-entender-y-afrontar-esta-etapa\/"},"wordCount":1282,"commentCount":0,"publisher":{"@id":"https:\/\/www.grupolanave.com\/informacion\/#organization"},"image":{"@id":"https:\/\/www.grupolanave.com\/informacion\/sindrome-del-nido-vacio-como-entender-y-afrontar-esta-etapa\/#primaryimage"},"thumbnailUrl":"https:\/\/www.grupolanave.com\/informacion\/wp-content\/uploads\/2025\/12\/sindrome_del_nido_vacio.jpg","inLanguage":"es","potentialAction":[{"@type":"CommentAction","name":"Comment","target":["https:\/\/www.grupolanave.com\/informacion\/sindrome-del-nido-vacio-como-entender-y-afrontar-esta-etapa\/#respond"]}]},{"@type":"WebPage","@id":"https:\/\/www.grupolanave.com\/informacion\/sindrome-del-nido-vacio-como-entender-y-afrontar-esta-etapa\/","url":"https:\/\/www.grupolanave.com\/informacion\/sindrome-del-nido-vacio-como-entender-y-afrontar-esta-etapa\/","name":"S\u00edndrome del nido vac\u00edo: c\u00f3mo entender y afrontar esta etapa - Grupo La Nave","isPartOf":{"@id":"https:\/\/www.grupolanave.com\/informacion\/#website"},"primaryImageOfPage":{"@id":"https:\/\/www.grupolanave.com\/informacion\/sindrome-del-nido-vacio-como-entender-y-afrontar-esta-etapa\/#primaryimage"},"image":{"@id":"https:\/\/www.grupolanave.com\/informacion\/sindrome-del-nido-vacio-como-entender-y-afrontar-esta-etapa\/#primaryimage"},"thumbnailUrl":"https:\/\/www.grupolanave.com\/informacion\/wp-content\/uploads\/2025\/12\/sindrome_del_nido_vacio.jpg","datePublished":"2026-01-14T12:02:29+00:00","dateModified":"2026-01-14T12:02:29+00:00","breadcrumb":{"@id":"https:\/\/www.grupolanave.com\/informacion\/sindrome-del-nido-vacio-como-entender-y-afrontar-esta-etapa\/#breadcrumb"},"inLanguage":"es","potentialAction":[{"@type":"ReadAction","target":["https:\/\/www.grupolanave.com\/informacion\/sindrome-del-nido-vacio-como-entender-y-afrontar-esta-etapa\/"]}]},{"@type":"ImageObject","inLanguage":"es","@id":"https:\/\/www.grupolanave.com\/informacion\/sindrome-del-nido-vacio-como-entender-y-afrontar-esta-etapa\/#primaryimage","url":"https:\/\/www.grupolanave.com\/informacion\/wp-content\/uploads\/2025\/12\/sindrome_del_nido_vacio.jpg","contentUrl":"https:\/\/www.grupolanave.com\/informacion\/wp-content\/uploads\/2025\/12\/sindrome_del_nido_vacio.jpg","width":1500,"height":844},{"@type":"BreadcrumbList","@id":"https:\/\/www.grupolanave.com\/informacion\/sindrome-del-nido-vacio-como-entender-y-afrontar-esta-etapa\/#breadcrumb","itemListElement":[{"@type":"ListItem","position":1,"name":"Portada","item":"https:\/\/www.grupolanave.com\/informacion\/"},{"@type":"ListItem","position":2,"name":"S\u00edndrome del nido vac\u00edo: c\u00f3mo entender y afrontar esta etapa"}]},{"@type":"WebSite","@id":"https:\/\/www.grupolanave.com\/informacion\/#website","url":"https:\/\/www.grupolanave.com\/informacion\/","name":"Grupo La Nave","description":"Alquiler de trasteros y minialmacenes","publisher":{"@id":"https:\/\/www.grupolanave.com\/informacion\/#organization"},"potentialAction":[{"@type":"SearchAction","target":{"@type":"EntryPoint","urlTemplate":"https:\/\/www.grupolanave.com\/informacion\/?s={search_term_string}"},"query-input":"required name=search_term_string"}],"inLanguage":"es"},{"@type":"Organization","@id":"https:\/\/www.grupolanave.com\/informacion\/#organization","name":"Grupo La Nave","url":"https:\/\/www.grupolanave.com\/informacion\/","logo":{"@type":"ImageObject","inLanguage":"es","@id":"https:\/\/www.grupolanave.com\/informacion\/#\/schema\/logo\/image\/","url":"https:\/\/www.grupolanave.com\/informacion\/wp-content\/uploads\/2021\/04\/cropped-logo-trasteros.png","contentUrl":"https:\/\/www.grupolanave.com\/informacion\/wp-content\/uploads\/2021\/04\/cropped-logo-trasteros.png","width":291,"height":85,"caption":"Grupo La Nave"},"image":{"@id":"https:\/\/www.grupolanave.com\/informacion\/#\/schema\/logo\/image\/"}},{"@type":"Person","@id":"https:\/\/www.grupolanave.com\/informacion\/#\/schema\/person\/e5a234affc161cbc11f28a4b305e10c4","name":"lanave","image":{"@type":"ImageObject","inLanguage":"es","@id":"https:\/\/www.grupolanave.com\/informacion\/#\/schema\/person\/image\/","url":"https:\/\/secure.gravatar.com\/avatar\/4149137097ddd89bf75c953b3f2ed1e1?s=96&d=mm&r=g","contentUrl":"https:\/\/secure.gravatar.com\/avatar\/4149137097ddd89bf75c953b3f2ed1e1?s=96&d=mm&r=g","caption":"lanave"},"sameAs":["https:\/\/www.grupolanave.com\/informacion"],"url":"https:\/\/www.grupolanave.com\/informacion\/author\/lanave\/"}]}},"_links":{"self":[{"href":"https:\/\/www.grupolanave.com\/informacion\/wp-json\/wp\/v2\/posts\/1229"}],"collection":[{"href":"https:\/\/www.grupolanave.com\/informacion\/wp-json\/wp\/v2\/posts"}],"about":[{"href":"https:\/\/www.grupolanave.com\/informacion\/wp-json\/wp\/v2\/types\/post"}],"author":[{"embeddable":true,"href":"https:\/\/www.grupolanave.com\/informacion\/wp-json\/wp\/v2\/users\/1"}],"replies":[{"embeddable":true,"href":"https:\/\/www.grupolanave.com\/informacion\/wp-json\/wp\/v2\/comments?post=1229"}],"version-history":[{"count":1,"href":"https:\/\/www.grupolanave.com\/informacion\/wp-json\/wp\/v2\/posts\/1229\/revisions"}],"predecessor-version":[{"id":1235,"href":"https:\/\/www.grupolanave.com\/informacion\/wp-json\/wp\/v2\/posts\/1229\/revisions\/1235"}],"wp:featuredmedia":[{"embeddable":true,"href":"https:\/\/www.grupolanave.com\/informacion\/wp-json\/wp\/v2\/media\/1228"}],"wp:attachment":[{"href":"https:\/\/www.grupolanave.com\/informacion\/wp-json\/wp\/v2\/media?parent=1229"}],"wp:term":[{"taxonomy":"category","embeddable":true,"href":"https:\/\/www.grupolanave.com\/informacion\/wp-json\/wp\/v2\/categories?post=1229"},{"taxonomy":"post_tag","embeddable":true,"href":"https:\/\/www.grupolanave.com\/informacion\/wp-json\/wp\/v2\/tags?post=1229"}],"curies":[{"name":"wp","href":"https:\/\/api.w.org\/{rel}","templated":true}]}}