{"id":168,"date":"2021-05-26T17:56:46","date_gmt":"2021-05-26T17:56:46","guid":{"rendered":"https:\/\/www.grupolanave.com\/informacion\/?p=168"},"modified":"2021-05-26T17:56:47","modified_gmt":"2021-05-26T17:56:47","slug":"prepara-una-nueva-decoracion-de-verano-para-tu-casa","status":"publish","type":"post","link":"https:\/\/www.grupolanave.com\/informacion\/prepara-una-nueva-decoracion-de-verano-para-tu-casa\/","title":{"rendered":"Prepara una nueva decoraci\u00f3n de verano para tu casa"},"content":{"rendered":"<p><img loading=\"lazy\" decoding=\"async\" src=\"https:\/\/www.grupolanave.com\/informacion\/wp-content\/uploads\/2021\/05\/decoracion_de_verano.jpg\" alt=\"Decoraci\u00f3n de verano\" width=\"850\" height=\"464\"><\/p>\n<p>Con la llegada del buen tiempo es hora de empezar a pensar en la <strong>decoraci\u00f3n de verano<\/strong>. Darle un nuevo estilo a nuestro hogar que haga que nos sintamos m\u00e1s c\u00f3modos en \u00e9l cuando las temperaturas en la calle empiecen a ser altas.<\/p>\n<p>Lo bueno es que no es necesario hacer una gran inversi\u00f3n, con solo unos peque\u00f1os ajustes nuestra casa estar\u00e1 mucho m\u00e1s veraniega y m\u00e1s fresca.<\/p>\n<h2><strong>Nuevas tendencias de decoraci\u00f3n para el verano 2021<\/strong><\/h2>\n<p>Cuando se trata de afrontar la decoraci\u00f3n de una casa de verano siempre es buena idea echarle un vistazo a las tendencias del momento. Para ayudarte, aqu\u00ed tienes algunas nociones sobre lo que se va a llevar:<\/p>\n<h3><strong>Texturas naturales<\/strong><\/h3>\n<p>Lo natural llega pisando con fuerza este verano, si tienes <strong>muebles de madera en tonos naturales o suelos de madera<\/strong>, ahora es momento de sacarles todo el partido posible.<\/p>\n<p>Para los textiles y los elementos decorativos, mejor escoger <strong>colores inspirados en la naturaleza<\/strong>. Los tonos tierra, piedra y beige son una buena opci\u00f3n para agregar un poco de color a tu hogar y convertirlo en un remanso de paz.<\/p>\n<h3><strong>Adi\u00f3s al blanco<\/strong><\/h3>\n<p>El color blanco nunca pasa de moda, pero este verano pierde algo de fuerza. Los <strong>tonos brillantes y m\u00e1s atrevidos<\/strong> son ideales para la \u00e9poca estival, y puedes introducirlos f\u00e1cilmente a trav\u00e9s de textiles como las cortinas o las colchas.<\/p>\n<h3><strong>Plantas por todos lados<\/strong><\/h3>\n<p>La decoraci\u00f3n de verano es, ante todo, una decoraci\u00f3n que busca un <strong>ambiente m\u00e1s desenfadado y refrescante<\/strong>, pero sin dejar de ser acogedor. Por eso, las plantas pueden ser de gran ayuda.<\/p>\n<p>La tendencia este a\u00f1o es que est\u00e9n presentes por toda la casa, especialmente las variedades de <strong>hoja grande<\/strong>.<\/p>\n<h2><strong>Consejos para la nueva decoraci\u00f3n de verano de tu hogar<\/strong><\/h2>\n<p>Si tienes claro que vas a darle un cambio de estilo a tu casa, aqu\u00ed tienes algunos consejos que te ayudar\u00e1n a que esta tarea sea sencilla y r\u00e1pida.<\/p>\n<h3><strong>Planifica<\/strong><\/h3>\n<p>No te pongas a cambiar cosas a lo loco. Piensa bien <strong>cu\u00e1l es el resultado final que quieres conseguir<\/strong> y qu\u00e9 cosas tendr\u00edas que variar en tu hogar. Esto te ayudar\u00e1 a saber qu\u00e9 cosas sobran y cu\u00e1les son las que tienes que comprar.<\/p>\n<h3><strong>Haz limpieza a fondo<\/strong><\/h3>\n<p>La llegada del buen tiempo es tambi\u00e9n la \u00e9poca perfecta para hacer una limpieza a fondo de casa. No te limites solo a quitar la suciedad, aprovecha y <strong>deshazte de todo aquello que ya no necesites<\/strong>.<\/p>\n<p>Esto har\u00e1 que tu hogar est\u00e9 mucho m\u00e1s despejado. Solo con quitar ciertas cosas ya notar\u00e1s que el ambiente cambia de forma radical.<\/p>\n<h3><strong>Deshazte de los vestigios del invierno<\/strong><\/h3>\n<p>La decoraci\u00f3n de la cama de verano implica usar colchas y no edredones, as\u00ed que es hora de quitarlos. Pero no te contentes con eso, retira tambi\u00e9n <strong>alfombras, cortinas pesadas y todos esos elementos que hacen que tu casa se vea m\u00e1s calurosa<\/strong>. Es hora de abrazar lo liviano.<\/p>\n<p>En cuanto a los cojines, no hace falta que los cambies, pero s\u00ed puedes valorar usar fundas con colores algo m\u00e1s llamativos o estampados vegetales.<\/p>\n<p>Aprovecha y lleva alfombras y cortinas al tinte y as\u00ed ya las tienes preparadas para cuando haya que volver a colocarlas dentro de unos meses.<\/p>\n<h3><strong>Valora pintar la casa<\/strong><\/h3>\n<p>Las \u00faltimas semanas de primavera y las \u00faltimas del verano son las m\u00e1s adecuadas para pintar, porque puedes tener las ventanas abiertas todo el d\u00eda y conseguir que el olor a pintura se vaya antes.<\/p>\n<p>Si despu\u00e9s de haber limpiado y despejado has comprobado que las paredes tienen ya muchos roces, es momento de dar una mano de pintura. <strong>Te sorprender\u00e1 el cambio que puedes conseguir con algo tan sencillo<\/strong>.<\/p>\n<h3><strong>Reduce los elementos decorativos<\/strong><\/h3>\n<p>Jarrones, velas, cuadros\u2026 en una casa puede haber un gran n\u00famero de elementos decorativos que acaban cogiendo polvo y hay que limpiar con frecuencia.<\/p>\n<p>En verano las altas temperaturas hacen que tengamos <strong>muy pocas ganas de limpiar<\/strong>. Y a ello hay que sumarle que hay que<strong> aprovechar al m\u00e1ximo el buen tiempo<\/strong>, disfrutando con la familia y los amigos. Por eso, vamos a reducir al m\u00ednimo la presencia de elementos decorativos, para que la limpieza del hogar sea lo m\u00e1s r\u00e1pida posible.<\/p>\n<h3><strong>Prepara los espacios exteriores<\/strong><\/h3>\n<p>No importa si se trata de un balc\u00f3n o de una peque\u00f1a terraza, ahora es momento de darle un poco de vida a los espacios exteriores.<strong> L\u00edmpialos bien y a\u00f1ade algunas plantas<\/strong> (ya has visto que est\u00e1n de moda).<\/p>\n<p>Si no tienes mucho espacio, una peque\u00f1a alfombra y unos cojines pueden ser suficientes para crear un peque\u00f1o oasis de relax en el exterior.<\/p>\n<h3><strong>Lleva el mar a tu casa<\/strong><\/h3>\n<p>En caso de que tu casa no est\u00e9 cerca del mar, puedes traer un poco del encanto de la costa hasta tu hogar. Por ejemplo, con <strong>colchas o fundas de cojines de tonos arena<\/strong>, alg\u00fan coj\u00edn en azul o aguamarina y detalles de decoraci\u00f3n de estilo marinero.<\/p>\n<h2><strong>D\u00f3nde almacenar la anterior decoraci\u00f3n<\/strong><\/h2>\n<p>Preparar tu casa para el verano implica retirar los elementos de decoraci\u00f3n t\u00edpicos del invierno. Te vas a encontrar con que ahora tienes alfombras, edredones, mantas y <strong>todo tipo de enseres que abultan mucho, pero que no vas a necesitar durante los pr\u00f3ximos meses<\/strong>.<\/p>\n<p>Una buena forma de evitar que est\u00e9n en casa molestando es <strong>alquilar un trastero<\/strong>. En \u00e9l puedes guardar todo lo que no te hace falta en tu hogar en este momento y, cuando vaya llegando el fr\u00edo, puedes hacer el cambio a la inversa y guardar all\u00ed los elementos decorativos propios de la \u00e9poca estival.<\/p>\n<p><strong>Una casa libre de cosas innecesarias es una casa bonita, pr\u00e1ctica, elegante y f\u00e1cil de mantener<\/strong>. As\u00ed que no lo dudes y retira ya todo aquello que no vas a necesitar durante los pr\u00f3ximos meses.<\/p>\n<p>La decoraci\u00f3n de verano har\u00e1 que te sientas mucho m\u00e1s a gusto en tu hogar, m\u00e1s todav\u00eda si no tienes la suerte de poder salir de vacaciones. Consigue que volver a casa desde el trabajo se convierta en todo un placer y haz de tu hogar el mejor sitio en el que pasar tu tiempo libre.<\/p>\n","protected":false},"excerpt":{"rendered":"<p>Con la llegada del buen tiempo es hora de empezar a pensar en la decoraci\u00f3n de verano. Darle un nuevo estilo a nuestro hogar que haga que nos sintamos m\u00e1s c\u00f3modos en \u00e9l cuando las temperaturas en la calle empiecen a ser altas. Lo bueno es que no es necesario hacer una gran inversi\u00f3n, con [&hellip;]<\/p>\n","protected":false},"author":1,"featured_media":167,"comment_status":"open","ping_status":"open","sticky":false,"template":"","format":"standard","meta":{"footnotes":""},"categories":[1],"tags":[],"yoast_head":"<!-- This site is optimized with the Yoast SEO plugin v22.8 - https:\/\/yoast.com\/wordpress\/plugins\/seo\/ -->\n<title>Prepara una nueva decoraci\u00f3n de verano para tu casa - Grupo La Nave<\/title>\n<meta name=\"description\" content=\"\u00a1\u00a1\u00a1 Llego el verano !!! Haz que el verano llegue tambi\u00e9n a tu casa y preparala con una nueva decoraci\u00f3n que se ajuste al calor.\" \/>\n<meta name=\"robots\" content=\"index, follow, max-snippet:-1, max-image-preview:large, max-video-preview:-1\" \/>\n<link rel=\"canonical\" href=\"https:\/\/www.grupolanave.com\/informacion\/prepara-una-nueva-decoracion-de-verano-para-tu-casa\/\" \/>\n<meta property=\"og:locale\" content=\"es_ES\" \/>\n<meta property=\"og:type\" content=\"article\" \/>\n<meta property=\"og:title\" content=\"Prepara una nueva decoraci\u00f3n de verano para tu casa - Grupo La Nave\" \/>\n<meta property=\"og:description\" content=\"\u00a1\u00a1\u00a1 Llego el verano !!! Haz que el verano llegue tambi\u00e9n a tu casa y preparala con una nueva decoraci\u00f3n que se ajuste al calor.\" \/>\n<meta property=\"og:url\" content=\"https:\/\/www.grupolanave.com\/informacion\/prepara-una-nueva-decoracion-de-verano-para-tu-casa\/\" \/>\n<meta property=\"og:site_name\" content=\"Grupo La Nave\" \/>\n<meta property=\"article:published_time\" content=\"2021-05-26T17:56:46+00:00\" \/>\n<meta property=\"article:modified_time\" content=\"2021-05-26T17:56:47+00:00\" \/>\n<meta property=\"og:image\" content=\"https:\/\/www.grupolanave.com\/informacion\/wp-content\/uploads\/2021\/05\/decoracion_de_verano.jpg\" \/>\n\t<meta property=\"og:image:width\" content=\"850\" \/>\n\t<meta property=\"og:image:height\" content=\"464\" \/>\n\t<meta property=\"og:image:type\" content=\"image\/jpeg\" \/>\n<meta name=\"author\" content=\"lanave\" \/>\n<meta name=\"twitter:card\" content=\"summary_large_image\" \/>\n<meta name=\"twitter:label1\" content=\"Escrito por\" \/>\n\t<meta name=\"twitter:data1\" content=\"lanave\" \/>\n\t<meta name=\"twitter:label2\" content=\"Tiempo de lectura\" \/>\n\t<meta name=\"twitter:data2\" content=\"5 minutos\" \/>\n<script type=\"application\/ld+json\" class=\"yoast-schema-graph\">{\"@context\":\"https:\/\/schema.org\",\"@graph\":[{\"@type\":\"Article\",\"@id\":\"https:\/\/www.grupolanave.com\/informacion\/prepara-una-nueva-decoracion-de-verano-para-tu-casa\/#article\",\"isPartOf\":{\"@id\":\"https:\/\/www.grupolanave.com\/informacion\/prepara-una-nueva-decoracion-de-verano-para-tu-casa\/\"},\"author\":{\"name\":\"lanave\",\"@id\":\"https:\/\/www.grupolanave.com\/informacion\/#\/schema\/person\/e5a234affc161cbc11f28a4b305e10c4\"},\"headline\":\"Prepara una nueva decoraci\u00f3n de verano para tu casa\",\"datePublished\":\"2021-05-26T17:56:46+00:00\",\"dateModified\":\"2021-05-26T17:56:47+00:00\",\"mainEntityOfPage\":{\"@id\":\"https:\/\/www.grupolanave.com\/informacion\/prepara-una-nueva-decoracion-de-verano-para-tu-casa\/\"},\"wordCount\":1081,\"commentCount\":0,\"publisher\":{\"@id\":\"https:\/\/www.grupolanave.com\/informacion\/#organization\"},\"image\":{\"@id\":\"https:\/\/www.grupolanave.com\/informacion\/prepara-una-nueva-decoracion-de-verano-para-tu-casa\/#primaryimage\"},\"thumbnailUrl\":\"https:\/\/www.grupolanave.com\/informacion\/wp-content\/uploads\/2021\/05\/decoracion_de_verano.jpg\",\"inLanguage\":\"es\",\"potentialAction\":[{\"@type\":\"CommentAction\",\"name\":\"Comment\",\"target\":[\"https:\/\/www.grupolanave.com\/informacion\/prepara-una-nueva-decoracion-de-verano-para-tu-casa\/#respond\"]}]},{\"@type\":\"WebPage\",\"@id\":\"https:\/\/www.grupolanave.com\/informacion\/prepara-una-nueva-decoracion-de-verano-para-tu-casa\/\",\"url\":\"https:\/\/www.grupolanave.com\/informacion\/prepara-una-nueva-decoracion-de-verano-para-tu-casa\/\",\"name\":\"Prepara una nueva decoraci\u00f3n de verano para tu casa - Grupo La Nave\",\"isPartOf\":{\"@id\":\"https:\/\/www.grupolanave.com\/informacion\/#website\"},\"primaryImageOfPage\":{\"@id\":\"https:\/\/www.grupolanave.com\/informacion\/prepara-una-nueva-decoracion-de-verano-para-tu-casa\/#primaryimage\"},\"image\":{\"@id\":\"https:\/\/www.grupolanave.com\/informacion\/prepara-una-nueva-decoracion-de-verano-para-tu-casa\/#primaryimage\"},\"thumbnailUrl\":\"https:\/\/www.grupolanave.com\/informacion\/wp-content\/uploads\/2021\/05\/decoracion_de_verano.jpg\",\"datePublished\":\"2021-05-26T17:56:46+00:00\",\"dateModified\":\"2021-05-26T17:56:47+00:00\",\"description\":\"\u00a1\u00a1\u00a1 Llego el verano !!! Haz que el verano llegue tambi\u00e9n a tu casa y preparala con una nueva decoraci\u00f3n que se ajuste al calor.\",\"breadcrumb\":{\"@id\":\"https:\/\/www.grupolanave.com\/informacion\/prepara-una-nueva-decoracion-de-verano-para-tu-casa\/#breadcrumb\"},\"inLanguage\":\"es\",\"potentialAction\":[{\"@type\":\"ReadAction\",\"target\":[\"https:\/\/www.grupolanave.com\/informacion\/prepara-una-nueva-decoracion-de-verano-para-tu-casa\/\"]}]},{\"@type\":\"ImageObject\",\"inLanguage\":\"es\",\"@id\":\"https:\/\/www.grupolanave.com\/informacion\/prepara-una-nueva-decoracion-de-verano-para-tu-casa\/#primaryimage\",\"url\":\"https:\/\/www.grupolanave.com\/informacion\/wp-content\/uploads\/2021\/05\/decoracion_de_verano.jpg\",\"contentUrl\":\"https:\/\/www.grupolanave.com\/informacion\/wp-content\/uploads\/2021\/05\/decoracion_de_verano.jpg\",\"width\":850,\"height\":464},{\"@type\":\"BreadcrumbList\",\"@id\":\"https:\/\/www.grupolanave.com\/informacion\/prepara-una-nueva-decoracion-de-verano-para-tu-casa\/#breadcrumb\",\"itemListElement\":[{\"@type\":\"ListItem\",\"position\":1,\"name\":\"Portada\",\"item\":\"https:\/\/www.grupolanave.com\/informacion\/\"},{\"@type\":\"ListItem\",\"position\":2,\"name\":\"Prepara una nueva decoraci\u00f3n de verano para tu casa\"}]},{\"@type\":\"WebSite\",\"@id\":\"https:\/\/www.grupolanave.com\/informacion\/#website\",\"url\":\"https:\/\/www.grupolanave.com\/informacion\/\",\"name\":\"Grupo La Nave\",\"description\":\"Alquiler de trasteros y minialmacenes\",\"publisher\":{\"@id\":\"https:\/\/www.grupolanave.com\/informacion\/#organization\"},\"potentialAction\":[{\"@type\":\"SearchAction\",\"target\":{\"@type\":\"EntryPoint\",\"urlTemplate\":\"https:\/\/www.grupolanave.com\/informacion\/?s={search_term_string}\"},\"query-input\":\"required name=search_term_string\"}],\"inLanguage\":\"es\"},{\"@type\":\"Organization\",\"@id\":\"https:\/\/www.grupolanave.com\/informacion\/#organization\",\"name\":\"Grupo La Nave\",\"url\":\"https:\/\/www.grupolanave.com\/informacion\/\",\"logo\":{\"@type\":\"ImageObject\",\"inLanguage\":\"es\",\"@id\":\"https:\/\/www.grupolanave.com\/informacion\/#\/schema\/logo\/image\/\",\"url\":\"https:\/\/www.grupolanave.com\/informacion\/wp-content\/uploads\/2021\/04\/cropped-logo-trasteros.png\",\"contentUrl\":\"https:\/\/www.grupolanave.com\/informacion\/wp-content\/uploads\/2021\/04\/cropped-logo-trasteros.png\",\"width\":291,\"height\":85,\"caption\":\"Grupo La Nave\"},\"image\":{\"@id\":\"https:\/\/www.grupolanave.com\/informacion\/#\/schema\/logo\/image\/\"}},{\"@type\":\"Person\",\"@id\":\"https:\/\/www.grupolanave.com\/informacion\/#\/schema\/person\/e5a234affc161cbc11f28a4b305e10c4\",\"name\":\"lanave\",\"image\":{\"@type\":\"ImageObject\",\"inLanguage\":\"es\",\"@id\":\"https:\/\/www.grupolanave.com\/informacion\/#\/schema\/person\/image\/\",\"url\":\"https:\/\/secure.gravatar.com\/avatar\/4149137097ddd89bf75c953b3f2ed1e1?s=96&d=mm&r=g\",\"contentUrl\":\"https:\/\/secure.gravatar.com\/avatar\/4149137097ddd89bf75c953b3f2ed1e1?s=96&d=mm&r=g\",\"caption\":\"lanave\"},\"sameAs\":[\"https:\/\/www.grupolanave.com\/informacion\"],\"url\":\"https:\/\/www.grupolanave.com\/informacion\/author\/lanave\/\"}]}<\/script>\n<!-- \/ Yoast SEO plugin. -->","yoast_head_json":{"title":"Prepara una nueva decoraci\u00f3n de verano para tu casa - Grupo La Nave","description":"\u00a1\u00a1\u00a1 Llego el verano !!! Haz que el verano llegue tambi\u00e9n a tu casa y preparala con una nueva decoraci\u00f3n que se ajuste al calor.","robots":{"index":"index","follow":"follow","max-snippet":"max-snippet:-1","max-image-preview":"max-image-preview:large","max-video-preview":"max-video-preview:-1"},"canonical":"https:\/\/www.grupolanave.com\/informacion\/prepara-una-nueva-decoracion-de-verano-para-tu-casa\/","og_locale":"es_ES","og_type":"article","og_title":"Prepara una nueva decoraci\u00f3n de verano para tu casa - Grupo La Nave","og_description":"\u00a1\u00a1\u00a1 Llego el verano !!! Haz que el verano llegue tambi\u00e9n a tu casa y preparala con una nueva decoraci\u00f3n que se ajuste al calor.","og_url":"https:\/\/www.grupolanave.com\/informacion\/prepara-una-nueva-decoracion-de-verano-para-tu-casa\/","og_site_name":"Grupo La Nave","article_published_time":"2021-05-26T17:56:46+00:00","article_modified_time":"2021-05-26T17:56:47+00:00","og_image":[{"width":850,"height":464,"url":"https:\/\/www.grupolanave.com\/informacion\/wp-content\/uploads\/2021\/05\/decoracion_de_verano.jpg","type":"image\/jpeg"}],"author":"lanave","twitter_card":"summary_large_image","twitter_misc":{"Escrito por":"lanave","Tiempo de lectura":"5 minutos"},"schema":{"@context":"https:\/\/schema.org","@graph":[{"@type":"Article","@id":"https:\/\/www.grupolanave.com\/informacion\/prepara-una-nueva-decoracion-de-verano-para-tu-casa\/#article","isPartOf":{"@id":"https:\/\/www.grupolanave.com\/informacion\/prepara-una-nueva-decoracion-de-verano-para-tu-casa\/"},"author":{"name":"lanave","@id":"https:\/\/www.grupolanave.com\/informacion\/#\/schema\/person\/e5a234affc161cbc11f28a4b305e10c4"},"headline":"Prepara una nueva decoraci\u00f3n de verano para tu casa","datePublished":"2021-05-26T17:56:46+00:00","dateModified":"2021-05-26T17:56:47+00:00","mainEntityOfPage":{"@id":"https:\/\/www.grupolanave.com\/informacion\/prepara-una-nueva-decoracion-de-verano-para-tu-casa\/"},"wordCount":1081,"commentCount":0,"publisher":{"@id":"https:\/\/www.grupolanave.com\/informacion\/#organization"},"image":{"@id":"https:\/\/www.grupolanave.com\/informacion\/prepara-una-nueva-decoracion-de-verano-para-tu-casa\/#primaryimage"},"thumbnailUrl":"https:\/\/www.grupolanave.com\/informacion\/wp-content\/uploads\/2021\/05\/decoracion_de_verano.jpg","inLanguage":"es","potentialAction":[{"@type":"CommentAction","name":"Comment","target":["https:\/\/www.grupolanave.com\/informacion\/prepara-una-nueva-decoracion-de-verano-para-tu-casa\/#respond"]}]},{"@type":"WebPage","@id":"https:\/\/www.grupolanave.com\/informacion\/prepara-una-nueva-decoracion-de-verano-para-tu-casa\/","url":"https:\/\/www.grupolanave.com\/informacion\/prepara-una-nueva-decoracion-de-verano-para-tu-casa\/","name":"Prepara una nueva decoraci\u00f3n de verano para tu casa - Grupo La Nave","isPartOf":{"@id":"https:\/\/www.grupolanave.com\/informacion\/#website"},"primaryImageOfPage":{"@id":"https:\/\/www.grupolanave.com\/informacion\/prepara-una-nueva-decoracion-de-verano-para-tu-casa\/#primaryimage"},"image":{"@id":"https:\/\/www.grupolanave.com\/informacion\/prepara-una-nueva-decoracion-de-verano-para-tu-casa\/#primaryimage"},"thumbnailUrl":"https:\/\/www.grupolanave.com\/informacion\/wp-content\/uploads\/2021\/05\/decoracion_de_verano.jpg","datePublished":"2021-05-26T17:56:46+00:00","dateModified":"2021-05-26T17:56:47+00:00","description":"\u00a1\u00a1\u00a1 Llego el verano !!! Haz que el verano llegue tambi\u00e9n a tu casa y preparala con una nueva decoraci\u00f3n que se ajuste al calor.","breadcrumb":{"@id":"https:\/\/www.grupolanave.com\/informacion\/prepara-una-nueva-decoracion-de-verano-para-tu-casa\/#breadcrumb"},"inLanguage":"es","potentialAction":[{"@type":"ReadAction","target":["https:\/\/www.grupolanave.com\/informacion\/prepara-una-nueva-decoracion-de-verano-para-tu-casa\/"]}]},{"@type":"ImageObject","inLanguage":"es","@id":"https:\/\/www.grupolanave.com\/informacion\/prepara-una-nueva-decoracion-de-verano-para-tu-casa\/#primaryimage","url":"https:\/\/www.grupolanave.com\/informacion\/wp-content\/uploads\/2021\/05\/decoracion_de_verano.jpg","contentUrl":"https:\/\/www.grupolanave.com\/informacion\/wp-content\/uploads\/2021\/05\/decoracion_de_verano.jpg","width":850,"height":464},{"@type":"BreadcrumbList","@id":"https:\/\/www.grupolanave.com\/informacion\/prepara-una-nueva-decoracion-de-verano-para-tu-casa\/#breadcrumb","itemListElement":[{"@type":"ListItem","position":1,"name":"Portada","item":"https:\/\/www.grupolanave.com\/informacion\/"},{"@type":"ListItem","position":2,"name":"Prepara una nueva decoraci\u00f3n de verano para tu casa"}]},{"@type":"WebSite","@id":"https:\/\/www.grupolanave.com\/informacion\/#website","url":"https:\/\/www.grupolanave.com\/informacion\/","name":"Grupo La Nave","description":"Alquiler de trasteros y minialmacenes","publisher":{"@id":"https:\/\/www.grupolanave.com\/informacion\/#organization"},"potentialAction":[{"@type":"SearchAction","target":{"@type":"EntryPoint","urlTemplate":"https:\/\/www.grupolanave.com\/informacion\/?s={search_term_string}"},"query-input":"required name=search_term_string"}],"inLanguage":"es"},{"@type":"Organization","@id":"https:\/\/www.grupolanave.com\/informacion\/#organization","name":"Grupo La Nave","url":"https:\/\/www.grupolanave.com\/informacion\/","logo":{"@type":"ImageObject","inLanguage":"es","@id":"https:\/\/www.grupolanave.com\/informacion\/#\/schema\/logo\/image\/","url":"https:\/\/www.grupolanave.com\/informacion\/wp-content\/uploads\/2021\/04\/cropped-logo-trasteros.png","contentUrl":"https:\/\/www.grupolanave.com\/informacion\/wp-content\/uploads\/2021\/04\/cropped-logo-trasteros.png","width":291,"height":85,"caption":"Grupo La Nave"},"image":{"@id":"https:\/\/www.grupolanave.com\/informacion\/#\/schema\/logo\/image\/"}},{"@type":"Person","@id":"https:\/\/www.grupolanave.com\/informacion\/#\/schema\/person\/e5a234affc161cbc11f28a4b305e10c4","name":"lanave","image":{"@type":"ImageObject","inLanguage":"es","@id":"https:\/\/www.grupolanave.com\/informacion\/#\/schema\/person\/image\/","url":"https:\/\/secure.gravatar.com\/avatar\/4149137097ddd89bf75c953b3f2ed1e1?s=96&d=mm&r=g","contentUrl":"https:\/\/secure.gravatar.com\/avatar\/4149137097ddd89bf75c953b3f2ed1e1?s=96&d=mm&r=g","caption":"lanave"},"sameAs":["https:\/\/www.grupolanave.com\/informacion"],"url":"https:\/\/www.grupolanave.com\/informacion\/author\/lanave\/"}]}},"_links":{"self":[{"href":"https:\/\/www.grupolanave.com\/informacion\/wp-json\/wp\/v2\/posts\/168"}],"collection":[{"href":"https:\/\/www.grupolanave.com\/informacion\/wp-json\/wp\/v2\/posts"}],"about":[{"href":"https:\/\/www.grupolanave.com\/informacion\/wp-json\/wp\/v2\/types\/post"}],"author":[{"embeddable":true,"href":"https:\/\/www.grupolanave.com\/informacion\/wp-json\/wp\/v2\/users\/1"}],"replies":[{"embeddable":true,"href":"https:\/\/www.grupolanave.com\/informacion\/wp-json\/wp\/v2\/comments?post=168"}],"version-history":[{"count":1,"href":"https:\/\/www.grupolanave.com\/informacion\/wp-json\/wp\/v2\/posts\/168\/revisions"}],"predecessor-version":[{"id":177,"href":"https:\/\/www.grupolanave.com\/informacion\/wp-json\/wp\/v2\/posts\/168\/revisions\/177"}],"wp:featuredmedia":[{"embeddable":true,"href":"https:\/\/www.grupolanave.com\/informacion\/wp-json\/wp\/v2\/media\/167"}],"wp:attachment":[{"href":"https:\/\/www.grupolanave.com\/informacion\/wp-json\/wp\/v2\/media?parent=168"}],"wp:term":[{"taxonomy":"category","embeddable":true,"href":"https:\/\/www.grupolanave.com\/informacion\/wp-json\/wp\/v2\/categories?post=168"},{"taxonomy":"post_tag","embeddable":true,"href":"https:\/\/www.grupolanave.com\/informacion\/wp-json\/wp\/v2\/tags?post=168"}],"curies":[{"name":"wp","href":"https:\/\/api.w.org\/{rel}","templated":true}]}}