{"id":182,"date":"2021-06-15T10:46:03","date_gmt":"2021-06-15T10:46:03","guid":{"rendered":"https:\/\/www.grupolanave.com\/informacion\/?p=182"},"modified":"2021-06-15T10:46:19","modified_gmt":"2021-06-15T10:46:19","slug":"piso-compartido-ideas-de-almacenaje-para-una-habitacion-pequena","status":"publish","type":"post","link":"https:\/\/www.grupolanave.com\/informacion\/piso-compartido-ideas-de-almacenaje-para-una-habitacion-pequena\/","title":{"rendered":"Piso compartido: ideas de almacenaje para una habitaci\u00f3n peque\u00f1a"},"content":{"rendered":"\n<p>Cuando hay que compartir la vivienda con otras personas, como suele suceder en el caso de los estudiantes, es fundamental aplicar&nbsp;<strong>ideas de almacenaje para una habitaci\u00f3n peque\u00f1a<\/strong>, porque el espacio del que se dispone es poco.<\/p>\n\n\n\n<p>Si el \u00fanico espacio privado que tiene una persona es una habitaci\u00f3n en un piso compartido, la&nbsp;<strong>organizaci\u00f3n se vuelve fundamental<\/strong>&nbsp;para poder tener a mano todo lo que hace falta. Pero, como tambi\u00e9n hay cosas que no hacen falta todos los d\u00edas, pero s\u00ed de vez en cuando, no viene mal tener un&nbsp;<strong>espacio extra de almacenamiento como un trastero de alquiler<\/strong>.<\/p>\n\n\n\n<h2 class=\"wp-block-heading\"><strong>5 ideas para organizar una habitaci\u00f3n en un piso compartido<\/strong><\/h2>\n\n\n\n<p>Al decorar una habitaci\u00f3n en un piso de estudiantes hay que pensar tanto en el<strong>&nbsp;confort<\/strong>&nbsp;como en la&nbsp;<strong>practicidad<\/strong>. Es un lugar en el que se van a pasar ratos de ocio, pero en el que tambi\u00e9n se va a estudiar, as\u00ed que hay cosas que no pueden faltar.<\/p>\n\n\n\n<h3 class=\"wp-block-heading\"><strong>1. Almacenaje debajo de la cama<\/strong><\/h3>\n\n\n\n<p>Usar el espacio debajo de la cama para guardar cosas es un cl\u00e1sico cuando se trata de organizar la habitaci\u00f3n. Hoy en d\u00eda hay&nbsp;<strong>cajas de peque\u00f1o tama\u00f1o<\/strong>&nbsp;que caben incluso en los huecos m\u00e1s estrechos y que pueden ser ideales para guardar cosas que normalmente no caben en el armario, como los zapatos o los juegos de s\u00e1banas.<\/p>\n\n\n\n<h3 class=\"wp-block-heading\"><strong>2. Una estanter\u00eda en el cabecero<\/strong><\/h3>\n\n\n\n<p>Decorar una habitaci\u00f3n en un piso compartido implica sacar todo el partido posible a los pocos metros disponibles, as\u00ed que hay que&nbsp;<strong>eliminar cosas superfluas<\/strong>. La&nbsp;<strong>mesilla de noche<\/strong>&nbsp;es uno de esos muebles de los que se puede prescindir, pero que, a la vez, resulta muy c\u00f3modo.<\/p>\n\n\n\n<p>Para no tener este peque\u00f1o mueble por medio y contar con algo de espacio para&nbsp;<strong>tener a mano cosas<\/strong>&nbsp;como el m\u00f3vil, el despertador, una l\u00e1mpara auxiliar, etc., una buena idea es colocar una peque\u00f1a estanter\u00eda encima del cabecero o incluso a modo de cabecero. Eso s\u00ed, es importante no sobrecargar mucho para evitar accidentes.<\/p>\n\n\n\n<h3 class=\"wp-block-heading\"><strong>3. Una librer\u00eda hasta el techo<\/strong><\/h3>\n\n\n\n<p>La t\u00edpica estanter\u00eda que hace de librer\u00eda puede ser muy pr\u00e1ctica cuando hacen falta ideas de almacenaje para una habitaci\u00f3n peque\u00f1a. Las hay m\u00e1s o menos anchas, pero muchas de ellas son muy altas, y esto permite contar con algo m\u00e1s de espacio para guardar cosas.<\/p>\n\n\n\n<p>Eso s\u00ed, habr\u00e1 que&nbsp;<strong>dedicar la parte de arriba a almacenar esas cosas que hacen falta solo de vez en cuando<\/strong>, porque es posible que sea necesaria una peque\u00f1a escalera para acceder a la zona m\u00e1s elevada. No obstante, tambi\u00e9n se puede tener en la habitaci\u00f3n una banqueta plegable y hacer as\u00ed que el acceso a la parte superior de la librer\u00eda sea m\u00e1s f\u00e1cil.<\/p>\n\n\n\n<h3 class=\"wp-block-heading\"><strong>4. Un perchero tras la puerta<\/strong><\/h3>\n\n\n\n<p>Colocar un perchero detr\u00e1s de la puerta de entrada a la habitaci\u00f3n no quita nada de espacio al resto de la habitaci\u00f3n y, sin embargo, ofrece un lugar extra para poder almacenar esas<strong>&nbsp;cosas que ocupan mucho en el armario<\/strong>: cazadoras, paraguas, los bolsos o la mochila.<\/p>\n\n\n\n<h3 class=\"wp-block-heading\"><strong>5. Sistemas de almacenamiento en la pared<\/strong><\/h3>\n\n\n\n<p>La zona m\u00e1s importante de una habitaci\u00f3n de estudiantes es la del escritorio, y la verdad es que se le puede sacar mucho partido a la pared que est\u00e1 justo detr\u00e1s de la mesa. Gracias a los sistemas de almacenamiento en la pared se puede disponer de&nbsp;<strong>espacio para guardar material de papeler\u00eda y papeles<\/strong>.<\/p>\n\n\n\n<p>Cada vez hay m\u00e1s opciones de este tipo, en materiales como la madera o el metal. Aunque son bastante econ\u00f3micas, tambi\u00e9n es posible fabricarlas uno mismo sin demasiada complicaci\u00f3n.<\/p>\n\n\n\n<h2 class=\"wp-block-heading\"><strong>C\u00f3mo almacenar cosas fuera de tu habitaci\u00f3n en un piso de estudiantes<\/strong><\/h2>\n\n\n\n<p>Por muchas soluciones ingeniosas que busque el estudiante, es probable que se acabe dando cuenta de que<strong>&nbsp;todas sus cosas no caben en la habitaci\u00f3n<\/strong>. Porque a aquellas cosas que necesita en su d\u00eda a d\u00eda se suman las que debe de tener cerca para usarlas en otros momentos del a\u00f1o. Esto incluye el&nbsp;<strong>edred\u00f3n<\/strong>&nbsp;o las mantas de la cama,&nbsp;<strong>apuntes de a\u00f1os anteriores<\/strong>, la maleta para cuando viaja a visitar a su familia,&nbsp;<strong>material deportivo<\/strong>, etc.<\/p>\n\n\n\n<p>Si pretendemos meter todo esto en una habitaci\u00f3n, enseguida comprobamos que es totalmente imposible. Al final el espacio se convierte en un batiburrillo de cosas en el que es imposible encontrar nada y en el que no es c\u00f3modo vivir.<\/p>\n\n\n\n<p>La soluci\u00f3n perfecta es que el estudiante cuente con un&nbsp;<strong>espacio de almacenamiento propio fuera del piso<\/strong>, como un&nbsp;<strong>trastero de alquiler<\/strong>.<\/p>\n\n\n\n<h3 class=\"wp-block-heading\"><strong>\u00bfPor qu\u00e9 le conviene al estudiante tener su propio espacio de almacenamiento?<\/strong><\/h3>\n\n\n\n<p>En su trastero puede<strong>&nbsp;guardar todas esas cosas que no necesita usar a diario, pero que s\u00ed necesita tener cerca<\/strong>, como la ropa de temporada o esos enseres que, por un motivo u otro, se ha ido trayendo desde casa de sus padres y no le caben en su habitaci\u00f3n.<\/p>\n\n\n\n<p>Adem\u00e1s, hay que tener claro que la convivencia no siempre es f\u00e1cil. No es extra\u00f1o que un estudiante no est\u00e9 del todo conforme con sus compa\u00f1eros de piso o con las personas que estos llevan a la casa. Si cuenta con su propio espacio de almacenamiento fuera de la casa puede&nbsp;<strong>dejar all\u00ed sus cosas de valor<\/strong>&nbsp;cuando vaya a estar unos d\u00edas fuera del piso. As\u00ed se asegura de que nadie toque su videoconsola, su ordenador, su colecci\u00f3n de relojes, sus joyas, etc.<\/p>\n\n\n\n<p>Los trasteros de alquiler como los de Grupo La Nave cuentan con&nbsp;<strong>seguridad las 24 horas<\/strong>, as\u00ed que hay cosas que estar\u00e1n mucho m\u00e1s protegidas en un trastero alquilado que en un piso compartido.<\/p>\n\n\n\n<p>En el caso de los estudiantes es normal que&nbsp;<strong>cuando acabe el curso escolar vuelvan a casa<\/strong>, dando de baja su contrato de alquiler. Si ya cuentan con su propio espacio de almacenamiento, pueden&nbsp;<strong>dejar en su trastero todas las cosas que tienen en su habitaci\u00f3n<\/strong>, as\u00ed no tienen que volver con ellas a casa. Cuando llegue el momento de buscar un nuevo piso, la mudanza ser\u00e1 mucho m\u00e1s r\u00e1pida.<\/p>\n\n\n\n<p>Ideas de almacenaje para una habitaci\u00f3n peque\u00f1a en un piso compartido hay muchas, pero siempre es interesante contar con un espacio propio de almacenamiento que est\u00e9 fuera de la vivienda. As\u00ed, el d\u00eda a d\u00eda de los estudiantes se vuelve mucho m\u00e1s sencillo y no tienen que renunciar a tener consigo todas sus cosas mientras est\u00e1n estudiando fuera.<\/p>\n","protected":false},"excerpt":{"rendered":"<p>Cuando hay que compartir la vivienda con otras personas, como suele suceder en el caso de los estudiantes, es fundamental aplicar&nbsp;ideas de almacenaje para una habitaci\u00f3n peque\u00f1a, porque el espacio del que se dispone es poco. Si el \u00fanico espacio privado que tiene una persona es una habitaci\u00f3n en un piso compartido, la&nbsp;organizaci\u00f3n se vuelve [&hellip;]<\/p>\n","protected":false},"author":1,"featured_media":183,"comment_status":"open","ping_status":"open","sticky":false,"template":"","format":"standard","meta":{"footnotes":""},"categories":[1],"tags":[],"yoast_head":"<!-- This site is optimized with the Yoast SEO plugin v22.8 - https:\/\/yoast.com\/wordpress\/plugins\/seo\/ -->\n<title>Piso compartido: ideas de almacenaje para una habitaci\u00f3n peque\u00f1a - Grupo La Nave<\/title>\n<meta name=\"description\" content=\"5 ideas para organizar una habitaci\u00f3n en un piso compartido\" \/>\n<meta name=\"robots\" content=\"index, follow, max-snippet:-1, max-image-preview:large, max-video-preview:-1\" \/>\n<link rel=\"canonical\" href=\"https:\/\/www.grupolanave.com\/informacion\/piso-compartido-ideas-de-almacenaje-para-una-habitacion-pequena\/\" \/>\n<meta property=\"og:locale\" content=\"es_ES\" \/>\n<meta property=\"og:type\" content=\"article\" \/>\n<meta property=\"og:title\" content=\"Piso compartido: ideas de almacenaje para una habitaci\u00f3n peque\u00f1a - Grupo La Nave\" \/>\n<meta property=\"og:description\" content=\"5 ideas para organizar una habitaci\u00f3n en un piso compartido\" \/>\n<meta property=\"og:url\" content=\"https:\/\/www.grupolanave.com\/informacion\/piso-compartido-ideas-de-almacenaje-para-una-habitacion-pequena\/\" \/>\n<meta property=\"og:site_name\" content=\"Grupo La Nave\" \/>\n<meta property=\"article:published_time\" content=\"2021-06-15T10:46:03+00:00\" \/>\n<meta property=\"article:modified_time\" content=\"2021-06-15T10:46:19+00:00\" \/>\n<meta property=\"og:image\" content=\"https:\/\/www.grupolanave.com\/informacion\/wp-content\/uploads\/2021\/06\/piso-compartido.jpg\" \/>\n\t<meta property=\"og:image:width\" content=\"1000\" \/>\n\t<meta property=\"og:image:height\" content=\"668\" \/>\n\t<meta property=\"og:image:type\" content=\"image\/jpeg\" \/>\n<meta name=\"author\" content=\"lanave\" \/>\n<meta name=\"twitter:card\" content=\"summary_large_image\" \/>\n<meta name=\"twitter:label1\" content=\"Escrito por\" \/>\n\t<meta name=\"twitter:data1\" content=\"lanave\" \/>\n\t<meta name=\"twitter:label2\" content=\"Tiempo de lectura\" \/>\n\t<meta name=\"twitter:data2\" content=\"5 minutos\" \/>\n<script type=\"application\/ld+json\" class=\"yoast-schema-graph\">{\"@context\":\"https:\/\/schema.org\",\"@graph\":[{\"@type\":\"Article\",\"@id\":\"https:\/\/www.grupolanave.com\/informacion\/piso-compartido-ideas-de-almacenaje-para-una-habitacion-pequena\/#article\",\"isPartOf\":{\"@id\":\"https:\/\/www.grupolanave.com\/informacion\/piso-compartido-ideas-de-almacenaje-para-una-habitacion-pequena\/\"},\"author\":{\"name\":\"lanave\",\"@id\":\"https:\/\/www.grupolanave.com\/informacion\/#\/schema\/person\/e5a234affc161cbc11f28a4b305e10c4\"},\"headline\":\"Piso compartido: ideas de almacenaje para una habitaci\u00f3n peque\u00f1a\",\"datePublished\":\"2021-06-15T10:46:03+00:00\",\"dateModified\":\"2021-06-15T10:46:19+00:00\",\"mainEntityOfPage\":{\"@id\":\"https:\/\/www.grupolanave.com\/informacion\/piso-compartido-ideas-de-almacenaje-para-una-habitacion-pequena\/\"},\"wordCount\":1169,\"commentCount\":0,\"publisher\":{\"@id\":\"https:\/\/www.grupolanave.com\/informacion\/#organization\"},\"image\":{\"@id\":\"https:\/\/www.grupolanave.com\/informacion\/piso-compartido-ideas-de-almacenaje-para-una-habitacion-pequena\/#primaryimage\"},\"thumbnailUrl\":\"https:\/\/www.grupolanave.com\/informacion\/wp-content\/uploads\/2021\/06\/piso-compartido.jpg\",\"inLanguage\":\"es\",\"potentialAction\":[{\"@type\":\"CommentAction\",\"name\":\"Comment\",\"target\":[\"https:\/\/www.grupolanave.com\/informacion\/piso-compartido-ideas-de-almacenaje-para-una-habitacion-pequena\/#respond\"]}]},{\"@type\":\"WebPage\",\"@id\":\"https:\/\/www.grupolanave.com\/informacion\/piso-compartido-ideas-de-almacenaje-para-una-habitacion-pequena\/\",\"url\":\"https:\/\/www.grupolanave.com\/informacion\/piso-compartido-ideas-de-almacenaje-para-una-habitacion-pequena\/\",\"name\":\"Piso compartido: ideas de almacenaje para una habitaci\u00f3n peque\u00f1a - Grupo La Nave\",\"isPartOf\":{\"@id\":\"https:\/\/www.grupolanave.com\/informacion\/#website\"},\"primaryImageOfPage\":{\"@id\":\"https:\/\/www.grupolanave.com\/informacion\/piso-compartido-ideas-de-almacenaje-para-una-habitacion-pequena\/#primaryimage\"},\"image\":{\"@id\":\"https:\/\/www.grupolanave.com\/informacion\/piso-compartido-ideas-de-almacenaje-para-una-habitacion-pequena\/#primaryimage\"},\"thumbnailUrl\":\"https:\/\/www.grupolanave.com\/informacion\/wp-content\/uploads\/2021\/06\/piso-compartido.jpg\",\"datePublished\":\"2021-06-15T10:46:03+00:00\",\"dateModified\":\"2021-06-15T10:46:19+00:00\",\"description\":\"5 ideas para organizar una habitaci\u00f3n en un piso compartido\",\"breadcrumb\":{\"@id\":\"https:\/\/www.grupolanave.com\/informacion\/piso-compartido-ideas-de-almacenaje-para-una-habitacion-pequena\/#breadcrumb\"},\"inLanguage\":\"es\",\"potentialAction\":[{\"@type\":\"ReadAction\",\"target\":[\"https:\/\/www.grupolanave.com\/informacion\/piso-compartido-ideas-de-almacenaje-para-una-habitacion-pequena\/\"]}]},{\"@type\":\"ImageObject\",\"inLanguage\":\"es\",\"@id\":\"https:\/\/www.grupolanave.com\/informacion\/piso-compartido-ideas-de-almacenaje-para-una-habitacion-pequena\/#primaryimage\",\"url\":\"https:\/\/www.grupolanave.com\/informacion\/wp-content\/uploads\/2021\/06\/piso-compartido.jpg\",\"contentUrl\":\"https:\/\/www.grupolanave.com\/informacion\/wp-content\/uploads\/2021\/06\/piso-compartido.jpg\",\"width\":1000,\"height\":668},{\"@type\":\"BreadcrumbList\",\"@id\":\"https:\/\/www.grupolanave.com\/informacion\/piso-compartido-ideas-de-almacenaje-para-una-habitacion-pequena\/#breadcrumb\",\"itemListElement\":[{\"@type\":\"ListItem\",\"position\":1,\"name\":\"Portada\",\"item\":\"https:\/\/www.grupolanave.com\/informacion\/\"},{\"@type\":\"ListItem\",\"position\":2,\"name\":\"Piso compartido: ideas de almacenaje para una habitaci\u00f3n peque\u00f1a\"}]},{\"@type\":\"WebSite\",\"@id\":\"https:\/\/www.grupolanave.com\/informacion\/#website\",\"url\":\"https:\/\/www.grupolanave.com\/informacion\/\",\"name\":\"Grupo La Nave\",\"description\":\"Alquiler de trasteros y minialmacenes\",\"publisher\":{\"@id\":\"https:\/\/www.grupolanave.com\/informacion\/#organization\"},\"potentialAction\":[{\"@type\":\"SearchAction\",\"target\":{\"@type\":\"EntryPoint\",\"urlTemplate\":\"https:\/\/www.grupolanave.com\/informacion\/?s={search_term_string}\"},\"query-input\":\"required name=search_term_string\"}],\"inLanguage\":\"es\"},{\"@type\":\"Organization\",\"@id\":\"https:\/\/www.grupolanave.com\/informacion\/#organization\",\"name\":\"Grupo La Nave\",\"url\":\"https:\/\/www.grupolanave.com\/informacion\/\",\"logo\":{\"@type\":\"ImageObject\",\"inLanguage\":\"es\",\"@id\":\"https:\/\/www.grupolanave.com\/informacion\/#\/schema\/logo\/image\/\",\"url\":\"https:\/\/www.grupolanave.com\/informacion\/wp-content\/uploads\/2021\/04\/cropped-logo-trasteros.png\",\"contentUrl\":\"https:\/\/www.grupolanave.com\/informacion\/wp-content\/uploads\/2021\/04\/cropped-logo-trasteros.png\",\"width\":291,\"height\":85,\"caption\":\"Grupo La Nave\"},\"image\":{\"@id\":\"https:\/\/www.grupolanave.com\/informacion\/#\/schema\/logo\/image\/\"}},{\"@type\":\"Person\",\"@id\":\"https:\/\/www.grupolanave.com\/informacion\/#\/schema\/person\/e5a234affc161cbc11f28a4b305e10c4\",\"name\":\"lanave\",\"image\":{\"@type\":\"ImageObject\",\"inLanguage\":\"es\",\"@id\":\"https:\/\/www.grupolanave.com\/informacion\/#\/schema\/person\/image\/\",\"url\":\"https:\/\/secure.gravatar.com\/avatar\/4149137097ddd89bf75c953b3f2ed1e1?s=96&d=mm&r=g\",\"contentUrl\":\"https:\/\/secure.gravatar.com\/avatar\/4149137097ddd89bf75c953b3f2ed1e1?s=96&d=mm&r=g\",\"caption\":\"lanave\"},\"sameAs\":[\"https:\/\/www.grupolanave.com\/informacion\"],\"url\":\"https:\/\/www.grupolanave.com\/informacion\/author\/lanave\/\"}]}<\/script>\n<!-- \/ Yoast SEO plugin. -->","yoast_head_json":{"title":"Piso compartido: ideas de almacenaje para una habitaci\u00f3n peque\u00f1a - Grupo La Nave","description":"5 ideas para organizar una habitaci\u00f3n en un piso compartido","robots":{"index":"index","follow":"follow","max-snippet":"max-snippet:-1","max-image-preview":"max-image-preview:large","max-video-preview":"max-video-preview:-1"},"canonical":"https:\/\/www.grupolanave.com\/informacion\/piso-compartido-ideas-de-almacenaje-para-una-habitacion-pequena\/","og_locale":"es_ES","og_type":"article","og_title":"Piso compartido: ideas de almacenaje para una habitaci\u00f3n peque\u00f1a - Grupo La Nave","og_description":"5 ideas para organizar una habitaci\u00f3n en un piso compartido","og_url":"https:\/\/www.grupolanave.com\/informacion\/piso-compartido-ideas-de-almacenaje-para-una-habitacion-pequena\/","og_site_name":"Grupo La Nave","article_published_time":"2021-06-15T10:46:03+00:00","article_modified_time":"2021-06-15T10:46:19+00:00","og_image":[{"width":1000,"height":668,"url":"https:\/\/www.grupolanave.com\/informacion\/wp-content\/uploads\/2021\/06\/piso-compartido.jpg","type":"image\/jpeg"}],"author":"lanave","twitter_card":"summary_large_image","twitter_misc":{"Escrito por":"lanave","Tiempo de lectura":"5 minutos"},"schema":{"@context":"https:\/\/schema.org","@graph":[{"@type":"Article","@id":"https:\/\/www.grupolanave.com\/informacion\/piso-compartido-ideas-de-almacenaje-para-una-habitacion-pequena\/#article","isPartOf":{"@id":"https:\/\/www.grupolanave.com\/informacion\/piso-compartido-ideas-de-almacenaje-para-una-habitacion-pequena\/"},"author":{"name":"lanave","@id":"https:\/\/www.grupolanave.com\/informacion\/#\/schema\/person\/e5a234affc161cbc11f28a4b305e10c4"},"headline":"Piso compartido: ideas de almacenaje para una habitaci\u00f3n peque\u00f1a","datePublished":"2021-06-15T10:46:03+00:00","dateModified":"2021-06-15T10:46:19+00:00","mainEntityOfPage":{"@id":"https:\/\/www.grupolanave.com\/informacion\/piso-compartido-ideas-de-almacenaje-para-una-habitacion-pequena\/"},"wordCount":1169,"commentCount":0,"publisher":{"@id":"https:\/\/www.grupolanave.com\/informacion\/#organization"},"image":{"@id":"https:\/\/www.grupolanave.com\/informacion\/piso-compartido-ideas-de-almacenaje-para-una-habitacion-pequena\/#primaryimage"},"thumbnailUrl":"https:\/\/www.grupolanave.com\/informacion\/wp-content\/uploads\/2021\/06\/piso-compartido.jpg","inLanguage":"es","potentialAction":[{"@type":"CommentAction","name":"Comment","target":["https:\/\/www.grupolanave.com\/informacion\/piso-compartido-ideas-de-almacenaje-para-una-habitacion-pequena\/#respond"]}]},{"@type":"WebPage","@id":"https:\/\/www.grupolanave.com\/informacion\/piso-compartido-ideas-de-almacenaje-para-una-habitacion-pequena\/","url":"https:\/\/www.grupolanave.com\/informacion\/piso-compartido-ideas-de-almacenaje-para-una-habitacion-pequena\/","name":"Piso compartido: ideas de almacenaje para una habitaci\u00f3n peque\u00f1a - Grupo La Nave","isPartOf":{"@id":"https:\/\/www.grupolanave.com\/informacion\/#website"},"primaryImageOfPage":{"@id":"https:\/\/www.grupolanave.com\/informacion\/piso-compartido-ideas-de-almacenaje-para-una-habitacion-pequena\/#primaryimage"},"image":{"@id":"https:\/\/www.grupolanave.com\/informacion\/piso-compartido-ideas-de-almacenaje-para-una-habitacion-pequena\/#primaryimage"},"thumbnailUrl":"https:\/\/www.grupolanave.com\/informacion\/wp-content\/uploads\/2021\/06\/piso-compartido.jpg","datePublished":"2021-06-15T10:46:03+00:00","dateModified":"2021-06-15T10:46:19+00:00","description":"5 ideas para organizar una habitaci\u00f3n en un piso compartido","breadcrumb":{"@id":"https:\/\/www.grupolanave.com\/informacion\/piso-compartido-ideas-de-almacenaje-para-una-habitacion-pequena\/#breadcrumb"},"inLanguage":"es","potentialAction":[{"@type":"ReadAction","target":["https:\/\/www.grupolanave.com\/informacion\/piso-compartido-ideas-de-almacenaje-para-una-habitacion-pequena\/"]}]},{"@type":"ImageObject","inLanguage":"es","@id":"https:\/\/www.grupolanave.com\/informacion\/piso-compartido-ideas-de-almacenaje-para-una-habitacion-pequena\/#primaryimage","url":"https:\/\/www.grupolanave.com\/informacion\/wp-content\/uploads\/2021\/06\/piso-compartido.jpg","contentUrl":"https:\/\/www.grupolanave.com\/informacion\/wp-content\/uploads\/2021\/06\/piso-compartido.jpg","width":1000,"height":668},{"@type":"BreadcrumbList","@id":"https:\/\/www.grupolanave.com\/informacion\/piso-compartido-ideas-de-almacenaje-para-una-habitacion-pequena\/#breadcrumb","itemListElement":[{"@type":"ListItem","position":1,"name":"Portada","item":"https:\/\/www.grupolanave.com\/informacion\/"},{"@type":"ListItem","position":2,"name":"Piso compartido: ideas de almacenaje para una habitaci\u00f3n peque\u00f1a"}]},{"@type":"WebSite","@id":"https:\/\/www.grupolanave.com\/informacion\/#website","url":"https:\/\/www.grupolanave.com\/informacion\/","name":"Grupo La Nave","description":"Alquiler de trasteros y minialmacenes","publisher":{"@id":"https:\/\/www.grupolanave.com\/informacion\/#organization"},"potentialAction":[{"@type":"SearchAction","target":{"@type":"EntryPoint","urlTemplate":"https:\/\/www.grupolanave.com\/informacion\/?s={search_term_string}"},"query-input":"required name=search_term_string"}],"inLanguage":"es"},{"@type":"Organization","@id":"https:\/\/www.grupolanave.com\/informacion\/#organization","name":"Grupo La Nave","url":"https:\/\/www.grupolanave.com\/informacion\/","logo":{"@type":"ImageObject","inLanguage":"es","@id":"https:\/\/www.grupolanave.com\/informacion\/#\/schema\/logo\/image\/","url":"https:\/\/www.grupolanave.com\/informacion\/wp-content\/uploads\/2021\/04\/cropped-logo-trasteros.png","contentUrl":"https:\/\/www.grupolanave.com\/informacion\/wp-content\/uploads\/2021\/04\/cropped-logo-trasteros.png","width":291,"height":85,"caption":"Grupo La Nave"},"image":{"@id":"https:\/\/www.grupolanave.com\/informacion\/#\/schema\/logo\/image\/"}},{"@type":"Person","@id":"https:\/\/www.grupolanave.com\/informacion\/#\/schema\/person\/e5a234affc161cbc11f28a4b305e10c4","name":"lanave","image":{"@type":"ImageObject","inLanguage":"es","@id":"https:\/\/www.grupolanave.com\/informacion\/#\/schema\/person\/image\/","url":"https:\/\/secure.gravatar.com\/avatar\/4149137097ddd89bf75c953b3f2ed1e1?s=96&d=mm&r=g","contentUrl":"https:\/\/secure.gravatar.com\/avatar\/4149137097ddd89bf75c953b3f2ed1e1?s=96&d=mm&r=g","caption":"lanave"},"sameAs":["https:\/\/www.grupolanave.com\/informacion"],"url":"https:\/\/www.grupolanave.com\/informacion\/author\/lanave\/"}]}},"_links":{"self":[{"href":"https:\/\/www.grupolanave.com\/informacion\/wp-json\/wp\/v2\/posts\/182"}],"collection":[{"href":"https:\/\/www.grupolanave.com\/informacion\/wp-json\/wp\/v2\/posts"}],"about":[{"href":"https:\/\/www.grupolanave.com\/informacion\/wp-json\/wp\/v2\/types\/post"}],"author":[{"embeddable":true,"href":"https:\/\/www.grupolanave.com\/informacion\/wp-json\/wp\/v2\/users\/1"}],"replies":[{"embeddable":true,"href":"https:\/\/www.grupolanave.com\/informacion\/wp-json\/wp\/v2\/comments?post=182"}],"version-history":[{"count":1,"href":"https:\/\/www.grupolanave.com\/informacion\/wp-json\/wp\/v2\/posts\/182\/revisions"}],"predecessor-version":[{"id":184,"href":"https:\/\/www.grupolanave.com\/informacion\/wp-json\/wp\/v2\/posts\/182\/revisions\/184"}],"wp:featuredmedia":[{"embeddable":true,"href":"https:\/\/www.grupolanave.com\/informacion\/wp-json\/wp\/v2\/media\/183"}],"wp:attachment":[{"href":"https:\/\/www.grupolanave.com\/informacion\/wp-json\/wp\/v2\/media?parent=182"}],"wp:term":[{"taxonomy":"category","embeddable":true,"href":"https:\/\/www.grupolanave.com\/informacion\/wp-json\/wp\/v2\/categories?post=182"},{"taxonomy":"post_tag","embeddable":true,"href":"https:\/\/www.grupolanave.com\/informacion\/wp-json\/wp\/v2\/tags?post=182"}],"curies":[{"name":"wp","href":"https:\/\/api.w.org\/{rel}","templated":true}]}}