{"id":225,"date":"2021-09-22T09:52:52","date_gmt":"2021-09-22T09:52:52","guid":{"rendered":"https:\/\/www.grupolanave.com\/informacion\/?p=225"},"modified":"2021-09-22T09:53:30","modified_gmt":"2021-09-22T09:53:30","slug":"el-metodo-marie-kondo-aplicado-a-la-organizacion-de-trasteros","status":"publish","type":"post","link":"https:\/\/www.grupolanave.com\/informacion\/el-metodo-marie-kondo-aplicado-a-la-organizacion-de-trasteros\/","title":{"rendered":"El m\u00e9todo Marie Kondo aplicado a la organizaci\u00f3n de trasteros"},"content":{"rendered":"\n<p>El&nbsp;<strong>m\u00e9todo Marie Kondo<\/strong>&nbsp;es uno de los m\u00e1s conocidos y seguidos desde su aparici\u00f3n por todas aquellas personas que desean ver su hogar limpio y ordenado.<\/p>\n\n\n\n<p>Aunque quiz\u00e1 nunca lo hayas pensado, hablamos de un m\u00e9todo que podemos aplicar a&nbsp;<strong>cualquier estancia<\/strong>&nbsp;de nuestra casa, tambi\u00e9n en nuestro trastero.<\/p>\n\n\n\n<p>Este suele ser un sitio problem\u00e1tico en lo que a ordenaci\u00f3n se refiere. Con&nbsp;<strong>algunos consejos,<\/strong>&nbsp;podremos cambiar este detalle.<\/p>\n\n\n\n<h2 class=\"wp-block-heading\"><strong>En qu\u00e9 consiste el m\u00e9todo Marie Kondo<\/strong><\/h2>\n\n\n\n<p>Las t\u00e9cnicas de Marie Kondo son sencillas y f\u00e1ciles de aplicar en varias situaciones y espacios, lo que le ha conseguido dar fama de ser uno de los mejores&nbsp;<strong>m\u00e9todos de ordenaci\u00f3n<\/strong>&nbsp;actuales.<\/p>\n\n\n\n<p>Si queremos ir m\u00e1s all\u00e1, veamos algunas de sus&nbsp;<strong>caracter\u00edsticas principales.<\/strong><\/p>\n\n\n\n<h3 class=\"wp-block-heading\">Colocar la ropa en vertical<\/h3>\n\n\n\n<p>De este modo, podremos ver las cosas de un primer vistazo y controlar lo que tenemos, qu\u00e9 hemos sacado y&nbsp;<strong>aprovechar el espacio<\/strong>&nbsp;de forma eficiente.<\/p>\n\n\n\n<h3 class=\"wp-block-heading\">Guardar lo prescindible<\/h3>\n\n\n\n<p>Guardar en otro lugar aquello que no necesitamos en este momento es otra de las t\u00e9cnicas del m\u00e9todo, que podremos aplicar tambi\u00e9n al&nbsp;<strong>organizar el trastero.&nbsp;<\/strong>De este modo, tendremos a la vista solo lo que s\u00ed vamos a usar y lo dem\u00e1s bien organizado por si en otro momento lo necesitamos.<\/p>\n\n\n\n<h3 class=\"wp-block-heading\">30 libros<\/h3>\n\n\n\n<p>Esa es la cifra que ha fijado Marie Kondo de los libros que debemos tener en casa. Lo mismo sucede con los&nbsp;<strong>papeles innecesarios<\/strong>&nbsp;y dem\u00e1s objetos.<\/p>\n\n\n\n<p>\u00bfLa clave?&nbsp;<strong>Guardar y organizar<\/strong>&nbsp;lo que no nos haga falta ahora para tener a mano lo necesario.<\/p>\n\n\n\n<h2 class=\"wp-block-heading\"><strong>C\u00f3mo aplicar las t\u00e9cnicas de Marie Kondo al organizar un trastero<\/strong><\/h2>\n\n\n\n<p>Ahora que conocemos el m\u00e9todo, seguro que te est\u00e1s preguntando&nbsp;<strong>c\u00f3mo ordenar un trastero<\/strong>&nbsp;a trav\u00e9s del mismo. Es m\u00e1s sencillo de lo que parece.<\/p>\n\n\n\n<h3 class=\"wp-block-heading\">Usa cajas para guardar todo<\/h3>\n\n\n\n<p>Si necesitamos almacenaje en el trastero una de las mejores ideas es apostar por adquirir cajas. Dentro de las mismas, podremos introducir todos aquellos&nbsp;<strong>objetos que no necesitamos<\/strong>&nbsp;dentro del hogar en este momento, pero que s\u00ed podremos usar en el futuro.<\/p>\n\n\n\n<p>Algunos ejemplos los encontramos en&nbsp;<strong>libros de estudio, ropa de invierno<\/strong>&nbsp;o de verano, instrumentos musicales, etc.<\/p>\n\n\n\n<h3 class=\"wp-block-heading\">Estanter\u00edas de ordenaci\u00f3n<\/h3>\n\n\n\n<p>Al igual que las cajas, las estanter\u00edas tambi\u00e9n pueden ser&nbsp;<strong>una buena opci\u00f3n<\/strong>&nbsp;para colocar aquello que antes estaba tirado por el suelo de nuestro trastero.<\/p>\n\n\n\n<p>Perfectas para&nbsp;<strong>libros, archivadores, papeles<\/strong>&nbsp;necesarios y otros elementos de este tipo. Adem\u00e1s, con ellas tendremos a la vista todo y nos ser\u00e1 m\u00e1s sencillo encontrarlo cuando llegue el momento.<\/p>\n\n\n\n<h3 class=\"wp-block-heading\">Alquila un trastero aparte<\/h3>\n\n\n\n<p>Si ni siquiera con este m\u00e9todo eres capaz de tener ordenado tu trastero, quiz\u00e1 lo que necesites sea tener un&nbsp;<strong>espacio extra.<\/strong><\/p>\n\n\n\n<p>En este sentido, siempre es una buena idea hacer uso de los&nbsp;<strong>servicios de Grupo La Nave,<\/strong>&nbsp;gracias a los que podremos tener un trastero particular por muy poco dinero al mes.<\/p>\n\n\n\n<p>Como ves, el&nbsp;<strong>m\u00e9todo Marie Kondo<\/strong>&nbsp;es tambi\u00e9n \u00fatil para ordenar tu trastero. No obstante, si careces de espacio suficiente, siempre puedes a\u00f1adirle m\u00e1s con el objetivo de que no haya nada fuera de lugar.<\/p>\n","protected":false},"excerpt":{"rendered":"<p>El&nbsp;m\u00e9todo Marie Kondo&nbsp;es uno de los m\u00e1s conocidos y seguidos desde su aparici\u00f3n por todas aquellas personas que desean ver su hogar limpio y ordenado. Aunque quiz\u00e1 nunca lo hayas pensado, hablamos de un m\u00e9todo que podemos aplicar a&nbsp;cualquier estancia&nbsp;de nuestra casa, tambi\u00e9n en nuestro trastero. Este suele ser un sitio problem\u00e1tico en lo que [&hellip;]<\/p>\n","protected":false},"author":1,"featured_media":226,"comment_status":"open","ping_status":"open","sticky":false,"template":"","format":"standard","meta":{"footnotes":""},"categories":[1],"tags":[],"yoast_head":"<!-- This site is optimized with the Yoast SEO plugin v22.8 - https:\/\/yoast.com\/wordpress\/plugins\/seo\/ -->\n<title>El m\u00e9todo Marie Kondo aplicado a la organizaci\u00f3n de trasteros - Grupo La Nave<\/title>\n<meta name=\"description\" content=\"El m\u00e9todo Marie Kondo. \u00bfQu\u00e9 es? \u00bfEn que me puede ayudar? \u00bfC\u00f3mo se aplica a la organizaci\u00f3n de trasteros?\" \/>\n<meta name=\"robots\" content=\"index, follow, max-snippet:-1, max-image-preview:large, max-video-preview:-1\" \/>\n<link rel=\"canonical\" href=\"https:\/\/www.grupolanave.com\/informacion\/el-metodo-marie-kondo-aplicado-a-la-organizacion-de-trasteros\/\" \/>\n<meta property=\"og:locale\" content=\"es_ES\" \/>\n<meta property=\"og:type\" content=\"article\" \/>\n<meta property=\"og:title\" content=\"El m\u00e9todo Marie Kondo aplicado a la organizaci\u00f3n de trasteros - Grupo La Nave\" \/>\n<meta property=\"og:description\" content=\"El m\u00e9todo Marie Kondo. \u00bfQu\u00e9 es? \u00bfEn que me puede ayudar? \u00bfC\u00f3mo se aplica a la organizaci\u00f3n de trasteros?\" \/>\n<meta property=\"og:url\" content=\"https:\/\/www.grupolanave.com\/informacion\/el-metodo-marie-kondo-aplicado-a-la-organizacion-de-trasteros\/\" \/>\n<meta property=\"og:site_name\" content=\"Grupo La Nave\" \/>\n<meta property=\"article:published_time\" content=\"2021-09-22T09:52:52+00:00\" \/>\n<meta property=\"article:modified_time\" content=\"2021-09-22T09:53:30+00:00\" \/>\n<meta property=\"og:image\" content=\"https:\/\/www.grupolanave.com\/informacion\/wp-content\/uploads\/2021\/09\/Kondo.jpg\" \/>\n\t<meta property=\"og:image:width\" content=\"850\" \/>\n\t<meta property=\"og:image:height\" content=\"554\" \/>\n\t<meta property=\"og:image:type\" content=\"image\/jpeg\" \/>\n<meta name=\"author\" content=\"lanave\" \/>\n<meta name=\"twitter:card\" content=\"summary_large_image\" \/>\n<meta name=\"twitter:label1\" content=\"Escrito por\" \/>\n\t<meta name=\"twitter:data1\" content=\"lanave\" \/>\n\t<meta name=\"twitter:label2\" content=\"Tiempo de lectura\" \/>\n\t<meta name=\"twitter:data2\" content=\"3 minutos\" \/>\n<script type=\"application\/ld+json\" class=\"yoast-schema-graph\">{\"@context\":\"https:\/\/schema.org\",\"@graph\":[{\"@type\":\"Article\",\"@id\":\"https:\/\/www.grupolanave.com\/informacion\/el-metodo-marie-kondo-aplicado-a-la-organizacion-de-trasteros\/#article\",\"isPartOf\":{\"@id\":\"https:\/\/www.grupolanave.com\/informacion\/el-metodo-marie-kondo-aplicado-a-la-organizacion-de-trasteros\/\"},\"author\":{\"name\":\"lanave\",\"@id\":\"https:\/\/www.grupolanave.com\/informacion\/#\/schema\/person\/e5a234affc161cbc11f28a4b305e10c4\"},\"headline\":\"El m\u00e9todo Marie Kondo aplicado a la organizaci\u00f3n de trasteros\",\"datePublished\":\"2021-09-22T09:52:52+00:00\",\"dateModified\":\"2021-09-22T09:53:30+00:00\",\"mainEntityOfPage\":{\"@id\":\"https:\/\/www.grupolanave.com\/informacion\/el-metodo-marie-kondo-aplicado-a-la-organizacion-de-trasteros\/\"},\"wordCount\":587,\"commentCount\":0,\"publisher\":{\"@id\":\"https:\/\/www.grupolanave.com\/informacion\/#organization\"},\"image\":{\"@id\":\"https:\/\/www.grupolanave.com\/informacion\/el-metodo-marie-kondo-aplicado-a-la-organizacion-de-trasteros\/#primaryimage\"},\"thumbnailUrl\":\"https:\/\/www.grupolanave.com\/informacion\/wp-content\/uploads\/2021\/09\/Kondo.jpg\",\"inLanguage\":\"es\",\"potentialAction\":[{\"@type\":\"CommentAction\",\"name\":\"Comment\",\"target\":[\"https:\/\/www.grupolanave.com\/informacion\/el-metodo-marie-kondo-aplicado-a-la-organizacion-de-trasteros\/#respond\"]}]},{\"@type\":\"WebPage\",\"@id\":\"https:\/\/www.grupolanave.com\/informacion\/el-metodo-marie-kondo-aplicado-a-la-organizacion-de-trasteros\/\",\"url\":\"https:\/\/www.grupolanave.com\/informacion\/el-metodo-marie-kondo-aplicado-a-la-organizacion-de-trasteros\/\",\"name\":\"El m\u00e9todo Marie Kondo aplicado a la organizaci\u00f3n de trasteros - Grupo La Nave\",\"isPartOf\":{\"@id\":\"https:\/\/www.grupolanave.com\/informacion\/#website\"},\"primaryImageOfPage\":{\"@id\":\"https:\/\/www.grupolanave.com\/informacion\/el-metodo-marie-kondo-aplicado-a-la-organizacion-de-trasteros\/#primaryimage\"},\"image\":{\"@id\":\"https:\/\/www.grupolanave.com\/informacion\/el-metodo-marie-kondo-aplicado-a-la-organizacion-de-trasteros\/#primaryimage\"},\"thumbnailUrl\":\"https:\/\/www.grupolanave.com\/informacion\/wp-content\/uploads\/2021\/09\/Kondo.jpg\",\"datePublished\":\"2021-09-22T09:52:52+00:00\",\"dateModified\":\"2021-09-22T09:53:30+00:00\",\"description\":\"El m\u00e9todo Marie Kondo. \u00bfQu\u00e9 es? \u00bfEn que me puede ayudar? \u00bfC\u00f3mo se aplica a la organizaci\u00f3n de trasteros?\",\"breadcrumb\":{\"@id\":\"https:\/\/www.grupolanave.com\/informacion\/el-metodo-marie-kondo-aplicado-a-la-organizacion-de-trasteros\/#breadcrumb\"},\"inLanguage\":\"es\",\"potentialAction\":[{\"@type\":\"ReadAction\",\"target\":[\"https:\/\/www.grupolanave.com\/informacion\/el-metodo-marie-kondo-aplicado-a-la-organizacion-de-trasteros\/\"]}]},{\"@type\":\"ImageObject\",\"inLanguage\":\"es\",\"@id\":\"https:\/\/www.grupolanave.com\/informacion\/el-metodo-marie-kondo-aplicado-a-la-organizacion-de-trasteros\/#primaryimage\",\"url\":\"https:\/\/www.grupolanave.com\/informacion\/wp-content\/uploads\/2021\/09\/Kondo.jpg\",\"contentUrl\":\"https:\/\/www.grupolanave.com\/informacion\/wp-content\/uploads\/2021\/09\/Kondo.jpg\",\"width\":850,\"height\":554},{\"@type\":\"BreadcrumbList\",\"@id\":\"https:\/\/www.grupolanave.com\/informacion\/el-metodo-marie-kondo-aplicado-a-la-organizacion-de-trasteros\/#breadcrumb\",\"itemListElement\":[{\"@type\":\"ListItem\",\"position\":1,\"name\":\"Portada\",\"item\":\"https:\/\/www.grupolanave.com\/informacion\/\"},{\"@type\":\"ListItem\",\"position\":2,\"name\":\"El m\u00e9todo Marie Kondo aplicado a la organizaci\u00f3n de trasteros\"}]},{\"@type\":\"WebSite\",\"@id\":\"https:\/\/www.grupolanave.com\/informacion\/#website\",\"url\":\"https:\/\/www.grupolanave.com\/informacion\/\",\"name\":\"Grupo La Nave\",\"description\":\"Alquiler de trasteros y minialmacenes\",\"publisher\":{\"@id\":\"https:\/\/www.grupolanave.com\/informacion\/#organization\"},\"potentialAction\":[{\"@type\":\"SearchAction\",\"target\":{\"@type\":\"EntryPoint\",\"urlTemplate\":\"https:\/\/www.grupolanave.com\/informacion\/?s={search_term_string}\"},\"query-input\":\"required name=search_term_string\"}],\"inLanguage\":\"es\"},{\"@type\":\"Organization\",\"@id\":\"https:\/\/www.grupolanave.com\/informacion\/#organization\",\"name\":\"Grupo La Nave\",\"url\":\"https:\/\/www.grupolanave.com\/informacion\/\",\"logo\":{\"@type\":\"ImageObject\",\"inLanguage\":\"es\",\"@id\":\"https:\/\/www.grupolanave.com\/informacion\/#\/schema\/logo\/image\/\",\"url\":\"https:\/\/www.grupolanave.com\/informacion\/wp-content\/uploads\/2021\/04\/cropped-logo-trasteros.png\",\"contentUrl\":\"https:\/\/www.grupolanave.com\/informacion\/wp-content\/uploads\/2021\/04\/cropped-logo-trasteros.png\",\"width\":291,\"height\":85,\"caption\":\"Grupo La Nave\"},\"image\":{\"@id\":\"https:\/\/www.grupolanave.com\/informacion\/#\/schema\/logo\/image\/\"}},{\"@type\":\"Person\",\"@id\":\"https:\/\/www.grupolanave.com\/informacion\/#\/schema\/person\/e5a234affc161cbc11f28a4b305e10c4\",\"name\":\"lanave\",\"image\":{\"@type\":\"ImageObject\",\"inLanguage\":\"es\",\"@id\":\"https:\/\/www.grupolanave.com\/informacion\/#\/schema\/person\/image\/\",\"url\":\"https:\/\/secure.gravatar.com\/avatar\/4149137097ddd89bf75c953b3f2ed1e1?s=96&d=mm&r=g\",\"contentUrl\":\"https:\/\/secure.gravatar.com\/avatar\/4149137097ddd89bf75c953b3f2ed1e1?s=96&d=mm&r=g\",\"caption\":\"lanave\"},\"sameAs\":[\"https:\/\/www.grupolanave.com\/informacion\"],\"url\":\"https:\/\/www.grupolanave.com\/informacion\/author\/lanave\/\"}]}<\/script>\n<!-- \/ Yoast SEO plugin. -->","yoast_head_json":{"title":"El m\u00e9todo Marie Kondo aplicado a la organizaci\u00f3n de trasteros - Grupo La Nave","description":"El m\u00e9todo Marie Kondo. \u00bfQu\u00e9 es? \u00bfEn que me puede ayudar? \u00bfC\u00f3mo se aplica a la organizaci\u00f3n de trasteros?","robots":{"index":"index","follow":"follow","max-snippet":"max-snippet:-1","max-image-preview":"max-image-preview:large","max-video-preview":"max-video-preview:-1"},"canonical":"https:\/\/www.grupolanave.com\/informacion\/el-metodo-marie-kondo-aplicado-a-la-organizacion-de-trasteros\/","og_locale":"es_ES","og_type":"article","og_title":"El m\u00e9todo Marie Kondo aplicado a la organizaci\u00f3n de trasteros - Grupo La Nave","og_description":"El m\u00e9todo Marie Kondo. \u00bfQu\u00e9 es? \u00bfEn que me puede ayudar? \u00bfC\u00f3mo se aplica a la organizaci\u00f3n de trasteros?","og_url":"https:\/\/www.grupolanave.com\/informacion\/el-metodo-marie-kondo-aplicado-a-la-organizacion-de-trasteros\/","og_site_name":"Grupo La Nave","article_published_time":"2021-09-22T09:52:52+00:00","article_modified_time":"2021-09-22T09:53:30+00:00","og_image":[{"width":850,"height":554,"url":"https:\/\/www.grupolanave.com\/informacion\/wp-content\/uploads\/2021\/09\/Kondo.jpg","type":"image\/jpeg"}],"author":"lanave","twitter_card":"summary_large_image","twitter_misc":{"Escrito por":"lanave","Tiempo de lectura":"3 minutos"},"schema":{"@context":"https:\/\/schema.org","@graph":[{"@type":"Article","@id":"https:\/\/www.grupolanave.com\/informacion\/el-metodo-marie-kondo-aplicado-a-la-organizacion-de-trasteros\/#article","isPartOf":{"@id":"https:\/\/www.grupolanave.com\/informacion\/el-metodo-marie-kondo-aplicado-a-la-organizacion-de-trasteros\/"},"author":{"name":"lanave","@id":"https:\/\/www.grupolanave.com\/informacion\/#\/schema\/person\/e5a234affc161cbc11f28a4b305e10c4"},"headline":"El m\u00e9todo Marie Kondo aplicado a la organizaci\u00f3n de trasteros","datePublished":"2021-09-22T09:52:52+00:00","dateModified":"2021-09-22T09:53:30+00:00","mainEntityOfPage":{"@id":"https:\/\/www.grupolanave.com\/informacion\/el-metodo-marie-kondo-aplicado-a-la-organizacion-de-trasteros\/"},"wordCount":587,"commentCount":0,"publisher":{"@id":"https:\/\/www.grupolanave.com\/informacion\/#organization"},"image":{"@id":"https:\/\/www.grupolanave.com\/informacion\/el-metodo-marie-kondo-aplicado-a-la-organizacion-de-trasteros\/#primaryimage"},"thumbnailUrl":"https:\/\/www.grupolanave.com\/informacion\/wp-content\/uploads\/2021\/09\/Kondo.jpg","inLanguage":"es","potentialAction":[{"@type":"CommentAction","name":"Comment","target":["https:\/\/www.grupolanave.com\/informacion\/el-metodo-marie-kondo-aplicado-a-la-organizacion-de-trasteros\/#respond"]}]},{"@type":"WebPage","@id":"https:\/\/www.grupolanave.com\/informacion\/el-metodo-marie-kondo-aplicado-a-la-organizacion-de-trasteros\/","url":"https:\/\/www.grupolanave.com\/informacion\/el-metodo-marie-kondo-aplicado-a-la-organizacion-de-trasteros\/","name":"El m\u00e9todo Marie Kondo aplicado a la organizaci\u00f3n de trasteros - Grupo La Nave","isPartOf":{"@id":"https:\/\/www.grupolanave.com\/informacion\/#website"},"primaryImageOfPage":{"@id":"https:\/\/www.grupolanave.com\/informacion\/el-metodo-marie-kondo-aplicado-a-la-organizacion-de-trasteros\/#primaryimage"},"image":{"@id":"https:\/\/www.grupolanave.com\/informacion\/el-metodo-marie-kondo-aplicado-a-la-organizacion-de-trasteros\/#primaryimage"},"thumbnailUrl":"https:\/\/www.grupolanave.com\/informacion\/wp-content\/uploads\/2021\/09\/Kondo.jpg","datePublished":"2021-09-22T09:52:52+00:00","dateModified":"2021-09-22T09:53:30+00:00","description":"El m\u00e9todo Marie Kondo. \u00bfQu\u00e9 es? \u00bfEn que me puede ayudar? \u00bfC\u00f3mo se aplica a la organizaci\u00f3n de trasteros?","breadcrumb":{"@id":"https:\/\/www.grupolanave.com\/informacion\/el-metodo-marie-kondo-aplicado-a-la-organizacion-de-trasteros\/#breadcrumb"},"inLanguage":"es","potentialAction":[{"@type":"ReadAction","target":["https:\/\/www.grupolanave.com\/informacion\/el-metodo-marie-kondo-aplicado-a-la-organizacion-de-trasteros\/"]}]},{"@type":"ImageObject","inLanguage":"es","@id":"https:\/\/www.grupolanave.com\/informacion\/el-metodo-marie-kondo-aplicado-a-la-organizacion-de-trasteros\/#primaryimage","url":"https:\/\/www.grupolanave.com\/informacion\/wp-content\/uploads\/2021\/09\/Kondo.jpg","contentUrl":"https:\/\/www.grupolanave.com\/informacion\/wp-content\/uploads\/2021\/09\/Kondo.jpg","width":850,"height":554},{"@type":"BreadcrumbList","@id":"https:\/\/www.grupolanave.com\/informacion\/el-metodo-marie-kondo-aplicado-a-la-organizacion-de-trasteros\/#breadcrumb","itemListElement":[{"@type":"ListItem","position":1,"name":"Portada","item":"https:\/\/www.grupolanave.com\/informacion\/"},{"@type":"ListItem","position":2,"name":"El m\u00e9todo Marie Kondo aplicado a la organizaci\u00f3n de trasteros"}]},{"@type":"WebSite","@id":"https:\/\/www.grupolanave.com\/informacion\/#website","url":"https:\/\/www.grupolanave.com\/informacion\/","name":"Grupo La Nave","description":"Alquiler de trasteros y minialmacenes","publisher":{"@id":"https:\/\/www.grupolanave.com\/informacion\/#organization"},"potentialAction":[{"@type":"SearchAction","target":{"@type":"EntryPoint","urlTemplate":"https:\/\/www.grupolanave.com\/informacion\/?s={search_term_string}"},"query-input":"required name=search_term_string"}],"inLanguage":"es"},{"@type":"Organization","@id":"https:\/\/www.grupolanave.com\/informacion\/#organization","name":"Grupo La Nave","url":"https:\/\/www.grupolanave.com\/informacion\/","logo":{"@type":"ImageObject","inLanguage":"es","@id":"https:\/\/www.grupolanave.com\/informacion\/#\/schema\/logo\/image\/","url":"https:\/\/www.grupolanave.com\/informacion\/wp-content\/uploads\/2021\/04\/cropped-logo-trasteros.png","contentUrl":"https:\/\/www.grupolanave.com\/informacion\/wp-content\/uploads\/2021\/04\/cropped-logo-trasteros.png","width":291,"height":85,"caption":"Grupo La Nave"},"image":{"@id":"https:\/\/www.grupolanave.com\/informacion\/#\/schema\/logo\/image\/"}},{"@type":"Person","@id":"https:\/\/www.grupolanave.com\/informacion\/#\/schema\/person\/e5a234affc161cbc11f28a4b305e10c4","name":"lanave","image":{"@type":"ImageObject","inLanguage":"es","@id":"https:\/\/www.grupolanave.com\/informacion\/#\/schema\/person\/image\/","url":"https:\/\/secure.gravatar.com\/avatar\/4149137097ddd89bf75c953b3f2ed1e1?s=96&d=mm&r=g","contentUrl":"https:\/\/secure.gravatar.com\/avatar\/4149137097ddd89bf75c953b3f2ed1e1?s=96&d=mm&r=g","caption":"lanave"},"sameAs":["https:\/\/www.grupolanave.com\/informacion"],"url":"https:\/\/www.grupolanave.com\/informacion\/author\/lanave\/"}]}},"_links":{"self":[{"href":"https:\/\/www.grupolanave.com\/informacion\/wp-json\/wp\/v2\/posts\/225"}],"collection":[{"href":"https:\/\/www.grupolanave.com\/informacion\/wp-json\/wp\/v2\/posts"}],"about":[{"href":"https:\/\/www.grupolanave.com\/informacion\/wp-json\/wp\/v2\/types\/post"}],"author":[{"embeddable":true,"href":"https:\/\/www.grupolanave.com\/informacion\/wp-json\/wp\/v2\/users\/1"}],"replies":[{"embeddable":true,"href":"https:\/\/www.grupolanave.com\/informacion\/wp-json\/wp\/v2\/comments?post=225"}],"version-history":[{"count":1,"href":"https:\/\/www.grupolanave.com\/informacion\/wp-json\/wp\/v2\/posts\/225\/revisions"}],"predecessor-version":[{"id":227,"href":"https:\/\/www.grupolanave.com\/informacion\/wp-json\/wp\/v2\/posts\/225\/revisions\/227"}],"wp:featuredmedia":[{"embeddable":true,"href":"https:\/\/www.grupolanave.com\/informacion\/wp-json\/wp\/v2\/media\/226"}],"wp:attachment":[{"href":"https:\/\/www.grupolanave.com\/informacion\/wp-json\/wp\/v2\/media?parent=225"}],"wp:term":[{"taxonomy":"category","embeddable":true,"href":"https:\/\/www.grupolanave.com\/informacion\/wp-json\/wp\/v2\/categories?post=225"},{"taxonomy":"post_tag","embeddable":true,"href":"https:\/\/www.grupolanave.com\/informacion\/wp-json\/wp\/v2\/tags?post=225"}],"curies":[{"name":"wp","href":"https:\/\/api.w.org\/{rel}","templated":true}]}}