{"id":241,"date":"2021-12-01T10:12:51","date_gmt":"2021-12-01T10:12:51","guid":{"rendered":"https:\/\/www.grupolanave.com\/informacion\/?p=241"},"modified":"2021-12-01T10:12:51","modified_gmt":"2021-12-01T10:12:51","slug":"como-adaptar-un-dormitorio-para-una-persona-mayor-en-tu-casa","status":"publish","type":"post","link":"https:\/\/www.grupolanave.com\/informacion\/como-adaptar-un-dormitorio-para-una-persona-mayor-en-tu-casa\/","title":{"rendered":"C\u00f3mo adaptar un dormitorio para una persona mayor en tu casa"},"content":{"rendered":"\n<p>Los&nbsp;<strong>dormitorios para personas mayores<\/strong>&nbsp;son estancias que han de estar condicionadas a un uso m\u00e1s c\u00f3modo, m\u00e1s accesible, pues es probable que las personas que los habitan tengan ciertas&nbsp;<strong>limitaciones de movilidad<\/strong>.<\/p>\n\n\n\n<p>Cuando las personas mayores enviudan o presentan algunas&nbsp;<strong>dificultades de autonom\u00eda<\/strong>, es habitual que compartan residencia con otros familiares, principalmente sus hijos, o que al menos exista un espacio habilitado para ellos en caso de que pasen estancias temporales.<\/p>\n\n\n\n<p>Un primer aspecto que hay que considerar es&nbsp;<strong>habilitar espacios que ocupen plantas bajas<\/strong>, para no tener que subir y bajar escaleras. Si esto no es posible, incluir en la vivienda alg\u00fan accesorio para llegar a la planta alta con comodidad.<\/p>\n\n\n\n<p>Te mostramos algunos consejos para equipar estas estancias, sin importar en exceso si son habitaciones peque\u00f1as para adultos o de un tama\u00f1o mayor.<\/p>\n\n\n\n<h2 class=\"wp-block-heading\"><strong>Dormitorios para personas mayores: \u00bfc\u00f3mo adaptarlo?<\/strong><\/h2>\n\n\n\n<p>El dormitorio es el lugar de la vivienda donde m\u00e1s tiempo se pasa. A veces no somos conscientes de ello precisamente por eso, porque buena parte de ese tiempo es durmiendo. De este modo, para que la estancia sea c\u00f3moda y confortable es imprescindible&nbsp;<strong>adaptarla a la movilidad y el bienestar de quien la ocupa<\/strong>, en este caso, las personas mayores.<\/p>\n\n\n\n<h3 class=\"wp-block-heading\"><strong>Liberar el dormitorio de todo aquello que no sea necesario<\/strong><\/h3>\n\n\n\n<p>Una primera recomendaci\u00f3n es&nbsp;<strong>mantener el dormitorio despejado,&nbsp;<\/strong>solo con los muebles y accesorios necesarios. Cuando la persona que usa el dormitorio es de edad avanzada o necesita de alg\u00fan apoyo para movilizarse por el espacio, todo lo que suponga alg\u00fan obst\u00e1culo aumenta el riesgo de provocar ca\u00eddas, golpes o tropiezos.<\/p>\n\n\n\n<p>No solo hay que liberar el espacio disponible con solo lo estrictamente funcional, sino que haya suficiente distancia entre el mobiliario para<strong>&nbsp;caminar c\u00f3modamente con un andador o un bast\u00f3n.<\/strong><\/p>\n\n\n\n<p>Otro punto importante es<strong>&nbsp;el suelo, pues es esencial que no sea resbaladizo<\/strong>, tampoco han de colocarse alfombras, pero si existen, que sean antideslizantes en su zona inferior. Una persona mayor cuando se cae suele hacerse mucho da\u00f1o.<\/p>\n\n\n\n<h3 class=\"wp-block-heading\"><strong>Las camas para ancianos<\/strong><\/h3>\n\n\n\n<p>No hay una categor\u00eda especial en el mobiliario de descanso que sea camas para ancianos, pero s\u00ed hay algunas recomendaciones para su elecci\u00f3n. Ha de ser de&nbsp;<strong>una altura suficiente, pero no muy excesiva<\/strong>, para que puedan recostarse y levantarse con facilidad. En el mercado podemos encontrar&nbsp;<strong>camas con barandilla<\/strong>&nbsp;para agilizar estos procesos.<\/p>\n\n\n\n<p>A su vez, hay que eliminar cualquier textil o ropa de cama que cuelgue por los lados hasta tocar el suelo. Si es necesario habr\u00e1 que hacerse con&nbsp;<strong>un modelo articulado<\/strong>, que son los que facilitan la labor de las personas cuidadoras y con ellas es m\u00e1s sencillo moverse cuando se est\u00e1 recostado.<\/p>\n\n\n\n<p>Continuando con la cama, en este caso&nbsp;<strong>el colch\u00f3n, la mejor elecci\u00f3n son los viscoel\u00e1sticos<\/strong>, y si la persona tiene movilidad reducida, un colch\u00f3n antiescaras previene la aparici\u00f3n de \u00falceras. Otro consejo es hacerse con fundas protectoras.<\/p>\n\n\n\n<h3 class=\"wp-block-heading\"><strong>Mesitas de noche con suficiente espacio<\/strong><\/h3>\n\n\n\n<p>Siempre que haya espacio disponible hay que decantarse por&nbsp;<strong>mesitas de noche de suficientes dimensiones<\/strong>. En ellas va a ir una l\u00e1mpara y todo aquello que se necesita tener a mano: gafas, tel\u00e9fono, agua, medicinas, instrumental m\u00e9dico.<\/p>\n\n\n\n<p>Cuando sea posible, mejor que un tel\u00e9fono es tener un sistema de alerta de uso inmediato, por si se produce alguna ca\u00edda o un problema de salud, que el aviso sea instant\u00e1neo. Las l\u00e1mparas tambi\u00e9n son preferibles aquellas que se apagan y encienden f\u00e1cilmente, al igual que&nbsp;<strong>los interruptores de la luz, que han de estar a mano.<\/strong><\/p>\n\n\n\n<p>Un elemento accesorio en estas estancias es un<strong>&nbsp;detector de humo y de mon\u00f3xido de carbono<\/strong>. Muchas personas mayores tienen problemas de audici\u00f3n o de olfato, por lo que pueden no ser conscientes de que se est\u00e1 produciendo un empeoramiento del aire que se respira.<\/p>\n\n\n\n<h3 class=\"wp-block-heading\"><strong>Una silla o un sill\u00f3n para ganar en autonom\u00eda<\/strong><\/h3>\n\n\n\n<p>Con respecto al mobiliario, tampoco puede faltar en el dormitorio de las personas mayores&nbsp;<strong>un sill\u00f3n o una silla a su alcance,<\/strong>&nbsp;que resulte c\u00f3moda, con reposabrazos, con una altura adecuada y que les permita tener los pies apoyados en el suelo.<\/p>\n\n\n\n<p>Muchos ancianos necesitan estar sentados para vestirse y asearse, lo que va de la mano de incluir&nbsp;<strong>un armario que sea accesible, que est\u00e9 bien iluminado<\/strong>&nbsp;y que no provoque ning\u00fan impedimento a la hora de acceder a la ropa.<\/p>\n\n\n\n<p>En este apartado incluso se puede entrar en m\u00e1s detalles, como por ejemplo usar manijas en forma de palanca en lugar de tiradores redondos, que son m\u00e1s f\u00e1ciles de usar para personas que sufren de artrosis o rigidez.<\/p>\n\n\n\n<h3 class=\"wp-block-heading\"><strong>\u00bfC\u00f3mo decorar la habitaci\u00f3n de las personas mayores?<\/strong><\/h3>\n\n\n\n<p>Los elementos necesarios para hacer un dormitorio ocupado por personas mayores funcional son los citados. Esto puede obligar a deshacerse de muchos enseres y mobiliario, o al menos retirarlo de la estancia. En Grupo La Nave ofrecemos nuestros&nbsp;<strong>servicios de alquiler de trasteros<\/strong>&nbsp;como soluci\u00f3n, para conservar todas esas pertenencias en perfecto estado.<\/p>\n\n\n\n<p>Un dormitorio como el descrito tiene todo lo necesario para ser seguro, pero carece de vida si no se completa con un buen dise\u00f1o est\u00e9tico. En la decoraci\u00f3n de dormitorios para adultos hay que buscar la belleza tanto como en el resto de estancias.<\/p>\n\n\n\n<p>Con el paso del tiempo, los ojos necesitan<strong>&nbsp;m\u00e1s cantidad de luz para distinguir los colores<\/strong>. Una recomendaci\u00f3n puede ser usar&nbsp;<strong>tonos c\u00e1lidos<\/strong>&nbsp;para crear contrastes decorativos. Los textiles en la ropa de cama, en tapices y en cortinas tambi\u00e9n dan pie a espacios acogedores. Aqu\u00ed se pueden priorizar las fibras naturales.<\/p>\n\n\n\n<p>En cuanto al estilo en s\u00ed,<strong>&nbsp;las propuestas cl\u00e1sicas y tradicionales son una buena opci\u00f3n, por su car\u00e1cter atemporal<\/strong>. Otra alternativa son los estilos r\u00fasticos y campestres, que pueden hacerles recuperar la nostalgia. Y como no, que no falten las fotograf\u00edas de familiares y seres queridos.<\/p>\n\n\n\n<p>Los dormitorios para personas mayores requieren de un equipamiento muy particular. Todo en el espacio debe estar dise\u00f1ado para facilitar su movilidad y garantizar el confort, evitando posibles accidentes. Una vez se consigue esto, nunca hay que dejar de lado el apartado est\u00e9tico, pues el bienestar tambi\u00e9n depende de sentirse realizados y alegres en el aspecto mental.<\/p>\n","protected":false},"excerpt":{"rendered":"<p>Los&nbsp;dormitorios para personas mayores&nbsp;son estancias que han de estar condicionadas a un uso m\u00e1s c\u00f3modo, m\u00e1s accesible, pues es probable que las personas que los habitan tengan ciertas&nbsp;limitaciones de movilidad. Cuando las personas mayores enviudan o presentan algunas&nbsp;dificultades de autonom\u00eda, es habitual que compartan residencia con otros familiares, principalmente sus hijos, o que al menos [&hellip;]<\/p>\n","protected":false},"author":1,"featured_media":242,"comment_status":"open","ping_status":"open","sticky":false,"template":"","format":"standard","meta":{"footnotes":""},"categories":[1],"tags":[],"yoast_head":"<!-- This site is optimized with the Yoast SEO plugin v22.8 - https:\/\/yoast.com\/wordpress\/plugins\/seo\/ -->\n<title>C\u00f3mo adaptar un dormitorio para una persona mayor en tu casa - Grupo La Nave<\/title>\n<meta name=\"robots\" content=\"index, follow, max-snippet:-1, max-image-preview:large, max-video-preview:-1\" \/>\n<link rel=\"canonical\" href=\"https:\/\/www.grupolanave.com\/informacion\/como-adaptar-un-dormitorio-para-una-persona-mayor-en-tu-casa\/\" \/>\n<meta property=\"og:locale\" content=\"es_ES\" \/>\n<meta property=\"og:type\" content=\"article\" \/>\n<meta property=\"og:title\" content=\"C\u00f3mo adaptar un dormitorio para una persona mayor en tu casa - Grupo La Nave\" \/>\n<meta property=\"og:description\" content=\"Los&nbsp;dormitorios para personas mayores&nbsp;son estancias que han de estar condicionadas a un uso m\u00e1s c\u00f3modo, m\u00e1s accesible, pues es probable que las personas que los habitan tengan ciertas&nbsp;limitaciones de movilidad. Cuando las personas mayores enviudan o presentan algunas&nbsp;dificultades de autonom\u00eda, es habitual que compartan residencia con otros familiares, principalmente sus hijos, o que al menos [&hellip;]\" \/>\n<meta property=\"og:url\" content=\"https:\/\/www.grupolanave.com\/informacion\/como-adaptar-un-dormitorio-para-una-persona-mayor-en-tu-casa\/\" \/>\n<meta property=\"og:site_name\" content=\"Grupo La Nave\" \/>\n<meta property=\"article:published_time\" content=\"2021-12-01T10:12:51+00:00\" \/>\n<meta property=\"og:image\" content=\"https:\/\/www.grupolanave.com\/informacion\/wp-content\/uploads\/2021\/12\/dormitorio_para_una_persona_mayor_en_tu_casa.jpg\" \/>\n\t<meta property=\"og:image:width\" content=\"850\" \/>\n\t<meta property=\"og:image:height\" content=\"567\" \/>\n\t<meta property=\"og:image:type\" content=\"image\/jpeg\" \/>\n<meta name=\"author\" content=\"lanave\" \/>\n<meta name=\"twitter:card\" content=\"summary_large_image\" \/>\n<meta name=\"twitter:label1\" content=\"Escrito por\" \/>\n\t<meta name=\"twitter:data1\" content=\"lanave\" \/>\n\t<meta name=\"twitter:label2\" content=\"Tiempo de lectura\" \/>\n\t<meta name=\"twitter:data2\" content=\"5 minutos\" \/>\n<script type=\"application\/ld+json\" class=\"yoast-schema-graph\">{\"@context\":\"https:\/\/schema.org\",\"@graph\":[{\"@type\":\"Article\",\"@id\":\"https:\/\/www.grupolanave.com\/informacion\/como-adaptar-un-dormitorio-para-una-persona-mayor-en-tu-casa\/#article\",\"isPartOf\":{\"@id\":\"https:\/\/www.grupolanave.com\/informacion\/como-adaptar-un-dormitorio-para-una-persona-mayor-en-tu-casa\/\"},\"author\":{\"name\":\"lanave\",\"@id\":\"https:\/\/www.grupolanave.com\/informacion\/#\/schema\/person\/e5a234affc161cbc11f28a4b305e10c4\"},\"headline\":\"C\u00f3mo adaptar un dormitorio para una persona mayor en tu casa\",\"datePublished\":\"2021-12-01T10:12:51+00:00\",\"dateModified\":\"2021-12-01T10:12:51+00:00\",\"mainEntityOfPage\":{\"@id\":\"https:\/\/www.grupolanave.com\/informacion\/como-adaptar-un-dormitorio-para-una-persona-mayor-en-tu-casa\/\"},\"wordCount\":1118,\"commentCount\":0,\"publisher\":{\"@id\":\"https:\/\/www.grupolanave.com\/informacion\/#organization\"},\"image\":{\"@id\":\"https:\/\/www.grupolanave.com\/informacion\/como-adaptar-un-dormitorio-para-una-persona-mayor-en-tu-casa\/#primaryimage\"},\"thumbnailUrl\":\"https:\/\/www.grupolanave.com\/informacion\/wp-content\/uploads\/2021\/12\/dormitorio_para_una_persona_mayor_en_tu_casa.jpg\",\"inLanguage\":\"es\",\"potentialAction\":[{\"@type\":\"CommentAction\",\"name\":\"Comment\",\"target\":[\"https:\/\/www.grupolanave.com\/informacion\/como-adaptar-un-dormitorio-para-una-persona-mayor-en-tu-casa\/#respond\"]}]},{\"@type\":\"WebPage\",\"@id\":\"https:\/\/www.grupolanave.com\/informacion\/como-adaptar-un-dormitorio-para-una-persona-mayor-en-tu-casa\/\",\"url\":\"https:\/\/www.grupolanave.com\/informacion\/como-adaptar-un-dormitorio-para-una-persona-mayor-en-tu-casa\/\",\"name\":\"C\u00f3mo adaptar un dormitorio para una persona mayor en tu casa - Grupo La Nave\",\"isPartOf\":{\"@id\":\"https:\/\/www.grupolanave.com\/informacion\/#website\"},\"primaryImageOfPage\":{\"@id\":\"https:\/\/www.grupolanave.com\/informacion\/como-adaptar-un-dormitorio-para-una-persona-mayor-en-tu-casa\/#primaryimage\"},\"image\":{\"@id\":\"https:\/\/www.grupolanave.com\/informacion\/como-adaptar-un-dormitorio-para-una-persona-mayor-en-tu-casa\/#primaryimage\"},\"thumbnailUrl\":\"https:\/\/www.grupolanave.com\/informacion\/wp-content\/uploads\/2021\/12\/dormitorio_para_una_persona_mayor_en_tu_casa.jpg\",\"datePublished\":\"2021-12-01T10:12:51+00:00\",\"dateModified\":\"2021-12-01T10:12:51+00:00\",\"breadcrumb\":{\"@id\":\"https:\/\/www.grupolanave.com\/informacion\/como-adaptar-un-dormitorio-para-una-persona-mayor-en-tu-casa\/#breadcrumb\"},\"inLanguage\":\"es\",\"potentialAction\":[{\"@type\":\"ReadAction\",\"target\":[\"https:\/\/www.grupolanave.com\/informacion\/como-adaptar-un-dormitorio-para-una-persona-mayor-en-tu-casa\/\"]}]},{\"@type\":\"ImageObject\",\"inLanguage\":\"es\",\"@id\":\"https:\/\/www.grupolanave.com\/informacion\/como-adaptar-un-dormitorio-para-una-persona-mayor-en-tu-casa\/#primaryimage\",\"url\":\"https:\/\/www.grupolanave.com\/informacion\/wp-content\/uploads\/2021\/12\/dormitorio_para_una_persona_mayor_en_tu_casa.jpg\",\"contentUrl\":\"https:\/\/www.grupolanave.com\/informacion\/wp-content\/uploads\/2021\/12\/dormitorio_para_una_persona_mayor_en_tu_casa.jpg\",\"width\":850,\"height\":567},{\"@type\":\"BreadcrumbList\",\"@id\":\"https:\/\/www.grupolanave.com\/informacion\/como-adaptar-un-dormitorio-para-una-persona-mayor-en-tu-casa\/#breadcrumb\",\"itemListElement\":[{\"@type\":\"ListItem\",\"position\":1,\"name\":\"Portada\",\"item\":\"https:\/\/www.grupolanave.com\/informacion\/\"},{\"@type\":\"ListItem\",\"position\":2,\"name\":\"C\u00f3mo adaptar un dormitorio para una persona mayor en tu casa\"}]},{\"@type\":\"WebSite\",\"@id\":\"https:\/\/www.grupolanave.com\/informacion\/#website\",\"url\":\"https:\/\/www.grupolanave.com\/informacion\/\",\"name\":\"Grupo La Nave\",\"description\":\"Alquiler de trasteros y minialmacenes\",\"publisher\":{\"@id\":\"https:\/\/www.grupolanave.com\/informacion\/#organization\"},\"potentialAction\":[{\"@type\":\"SearchAction\",\"target\":{\"@type\":\"EntryPoint\",\"urlTemplate\":\"https:\/\/www.grupolanave.com\/informacion\/?s={search_term_string}\"},\"query-input\":\"required name=search_term_string\"}],\"inLanguage\":\"es\"},{\"@type\":\"Organization\",\"@id\":\"https:\/\/www.grupolanave.com\/informacion\/#organization\",\"name\":\"Grupo La Nave\",\"url\":\"https:\/\/www.grupolanave.com\/informacion\/\",\"logo\":{\"@type\":\"ImageObject\",\"inLanguage\":\"es\",\"@id\":\"https:\/\/www.grupolanave.com\/informacion\/#\/schema\/logo\/image\/\",\"url\":\"https:\/\/www.grupolanave.com\/informacion\/wp-content\/uploads\/2021\/04\/cropped-logo-trasteros.png\",\"contentUrl\":\"https:\/\/www.grupolanave.com\/informacion\/wp-content\/uploads\/2021\/04\/cropped-logo-trasteros.png\",\"width\":291,\"height\":85,\"caption\":\"Grupo La Nave\"},\"image\":{\"@id\":\"https:\/\/www.grupolanave.com\/informacion\/#\/schema\/logo\/image\/\"}},{\"@type\":\"Person\",\"@id\":\"https:\/\/www.grupolanave.com\/informacion\/#\/schema\/person\/e5a234affc161cbc11f28a4b305e10c4\",\"name\":\"lanave\",\"image\":{\"@type\":\"ImageObject\",\"inLanguage\":\"es\",\"@id\":\"https:\/\/www.grupolanave.com\/informacion\/#\/schema\/person\/image\/\",\"url\":\"https:\/\/secure.gravatar.com\/avatar\/4149137097ddd89bf75c953b3f2ed1e1?s=96&d=mm&r=g\",\"contentUrl\":\"https:\/\/secure.gravatar.com\/avatar\/4149137097ddd89bf75c953b3f2ed1e1?s=96&d=mm&r=g\",\"caption\":\"lanave\"},\"sameAs\":[\"https:\/\/www.grupolanave.com\/informacion\"],\"url\":\"https:\/\/www.grupolanave.com\/informacion\/author\/lanave\/\"}]}<\/script>\n<!-- \/ Yoast SEO plugin. -->","yoast_head_json":{"title":"C\u00f3mo adaptar un dormitorio para una persona mayor en tu casa - Grupo La Nave","robots":{"index":"index","follow":"follow","max-snippet":"max-snippet:-1","max-image-preview":"max-image-preview:large","max-video-preview":"max-video-preview:-1"},"canonical":"https:\/\/www.grupolanave.com\/informacion\/como-adaptar-un-dormitorio-para-una-persona-mayor-en-tu-casa\/","og_locale":"es_ES","og_type":"article","og_title":"C\u00f3mo adaptar un dormitorio para una persona mayor en tu casa - Grupo La Nave","og_description":"Los&nbsp;dormitorios para personas mayores&nbsp;son estancias que han de estar condicionadas a un uso m\u00e1s c\u00f3modo, m\u00e1s accesible, pues es probable que las personas que los habitan tengan ciertas&nbsp;limitaciones de movilidad. Cuando las personas mayores enviudan o presentan algunas&nbsp;dificultades de autonom\u00eda, es habitual que compartan residencia con otros familiares, principalmente sus hijos, o que al menos [&hellip;]","og_url":"https:\/\/www.grupolanave.com\/informacion\/como-adaptar-un-dormitorio-para-una-persona-mayor-en-tu-casa\/","og_site_name":"Grupo La Nave","article_published_time":"2021-12-01T10:12:51+00:00","og_image":[{"width":850,"height":567,"url":"https:\/\/www.grupolanave.com\/informacion\/wp-content\/uploads\/2021\/12\/dormitorio_para_una_persona_mayor_en_tu_casa.jpg","type":"image\/jpeg"}],"author":"lanave","twitter_card":"summary_large_image","twitter_misc":{"Escrito por":"lanave","Tiempo de lectura":"5 minutos"},"schema":{"@context":"https:\/\/schema.org","@graph":[{"@type":"Article","@id":"https:\/\/www.grupolanave.com\/informacion\/como-adaptar-un-dormitorio-para-una-persona-mayor-en-tu-casa\/#article","isPartOf":{"@id":"https:\/\/www.grupolanave.com\/informacion\/como-adaptar-un-dormitorio-para-una-persona-mayor-en-tu-casa\/"},"author":{"name":"lanave","@id":"https:\/\/www.grupolanave.com\/informacion\/#\/schema\/person\/e5a234affc161cbc11f28a4b305e10c4"},"headline":"C\u00f3mo adaptar un dormitorio para una persona mayor en tu casa","datePublished":"2021-12-01T10:12:51+00:00","dateModified":"2021-12-01T10:12:51+00:00","mainEntityOfPage":{"@id":"https:\/\/www.grupolanave.com\/informacion\/como-adaptar-un-dormitorio-para-una-persona-mayor-en-tu-casa\/"},"wordCount":1118,"commentCount":0,"publisher":{"@id":"https:\/\/www.grupolanave.com\/informacion\/#organization"},"image":{"@id":"https:\/\/www.grupolanave.com\/informacion\/como-adaptar-un-dormitorio-para-una-persona-mayor-en-tu-casa\/#primaryimage"},"thumbnailUrl":"https:\/\/www.grupolanave.com\/informacion\/wp-content\/uploads\/2021\/12\/dormitorio_para_una_persona_mayor_en_tu_casa.jpg","inLanguage":"es","potentialAction":[{"@type":"CommentAction","name":"Comment","target":["https:\/\/www.grupolanave.com\/informacion\/como-adaptar-un-dormitorio-para-una-persona-mayor-en-tu-casa\/#respond"]}]},{"@type":"WebPage","@id":"https:\/\/www.grupolanave.com\/informacion\/como-adaptar-un-dormitorio-para-una-persona-mayor-en-tu-casa\/","url":"https:\/\/www.grupolanave.com\/informacion\/como-adaptar-un-dormitorio-para-una-persona-mayor-en-tu-casa\/","name":"C\u00f3mo adaptar un dormitorio para una persona mayor en tu casa - Grupo La Nave","isPartOf":{"@id":"https:\/\/www.grupolanave.com\/informacion\/#website"},"primaryImageOfPage":{"@id":"https:\/\/www.grupolanave.com\/informacion\/como-adaptar-un-dormitorio-para-una-persona-mayor-en-tu-casa\/#primaryimage"},"image":{"@id":"https:\/\/www.grupolanave.com\/informacion\/como-adaptar-un-dormitorio-para-una-persona-mayor-en-tu-casa\/#primaryimage"},"thumbnailUrl":"https:\/\/www.grupolanave.com\/informacion\/wp-content\/uploads\/2021\/12\/dormitorio_para_una_persona_mayor_en_tu_casa.jpg","datePublished":"2021-12-01T10:12:51+00:00","dateModified":"2021-12-01T10:12:51+00:00","breadcrumb":{"@id":"https:\/\/www.grupolanave.com\/informacion\/como-adaptar-un-dormitorio-para-una-persona-mayor-en-tu-casa\/#breadcrumb"},"inLanguage":"es","potentialAction":[{"@type":"ReadAction","target":["https:\/\/www.grupolanave.com\/informacion\/como-adaptar-un-dormitorio-para-una-persona-mayor-en-tu-casa\/"]}]},{"@type":"ImageObject","inLanguage":"es","@id":"https:\/\/www.grupolanave.com\/informacion\/como-adaptar-un-dormitorio-para-una-persona-mayor-en-tu-casa\/#primaryimage","url":"https:\/\/www.grupolanave.com\/informacion\/wp-content\/uploads\/2021\/12\/dormitorio_para_una_persona_mayor_en_tu_casa.jpg","contentUrl":"https:\/\/www.grupolanave.com\/informacion\/wp-content\/uploads\/2021\/12\/dormitorio_para_una_persona_mayor_en_tu_casa.jpg","width":850,"height":567},{"@type":"BreadcrumbList","@id":"https:\/\/www.grupolanave.com\/informacion\/como-adaptar-un-dormitorio-para-una-persona-mayor-en-tu-casa\/#breadcrumb","itemListElement":[{"@type":"ListItem","position":1,"name":"Portada","item":"https:\/\/www.grupolanave.com\/informacion\/"},{"@type":"ListItem","position":2,"name":"C\u00f3mo adaptar un dormitorio para una persona mayor en tu casa"}]},{"@type":"WebSite","@id":"https:\/\/www.grupolanave.com\/informacion\/#website","url":"https:\/\/www.grupolanave.com\/informacion\/","name":"Grupo La Nave","description":"Alquiler de trasteros y minialmacenes","publisher":{"@id":"https:\/\/www.grupolanave.com\/informacion\/#organization"},"potentialAction":[{"@type":"SearchAction","target":{"@type":"EntryPoint","urlTemplate":"https:\/\/www.grupolanave.com\/informacion\/?s={search_term_string}"},"query-input":"required name=search_term_string"}],"inLanguage":"es"},{"@type":"Organization","@id":"https:\/\/www.grupolanave.com\/informacion\/#organization","name":"Grupo La Nave","url":"https:\/\/www.grupolanave.com\/informacion\/","logo":{"@type":"ImageObject","inLanguage":"es","@id":"https:\/\/www.grupolanave.com\/informacion\/#\/schema\/logo\/image\/","url":"https:\/\/www.grupolanave.com\/informacion\/wp-content\/uploads\/2021\/04\/cropped-logo-trasteros.png","contentUrl":"https:\/\/www.grupolanave.com\/informacion\/wp-content\/uploads\/2021\/04\/cropped-logo-trasteros.png","width":291,"height":85,"caption":"Grupo La Nave"},"image":{"@id":"https:\/\/www.grupolanave.com\/informacion\/#\/schema\/logo\/image\/"}},{"@type":"Person","@id":"https:\/\/www.grupolanave.com\/informacion\/#\/schema\/person\/e5a234affc161cbc11f28a4b305e10c4","name":"lanave","image":{"@type":"ImageObject","inLanguage":"es","@id":"https:\/\/www.grupolanave.com\/informacion\/#\/schema\/person\/image\/","url":"https:\/\/secure.gravatar.com\/avatar\/4149137097ddd89bf75c953b3f2ed1e1?s=96&d=mm&r=g","contentUrl":"https:\/\/secure.gravatar.com\/avatar\/4149137097ddd89bf75c953b3f2ed1e1?s=96&d=mm&r=g","caption":"lanave"},"sameAs":["https:\/\/www.grupolanave.com\/informacion"],"url":"https:\/\/www.grupolanave.com\/informacion\/author\/lanave\/"}]}},"_links":{"self":[{"href":"https:\/\/www.grupolanave.com\/informacion\/wp-json\/wp\/v2\/posts\/241"}],"collection":[{"href":"https:\/\/www.grupolanave.com\/informacion\/wp-json\/wp\/v2\/posts"}],"about":[{"href":"https:\/\/www.grupolanave.com\/informacion\/wp-json\/wp\/v2\/types\/post"}],"author":[{"embeddable":true,"href":"https:\/\/www.grupolanave.com\/informacion\/wp-json\/wp\/v2\/users\/1"}],"replies":[{"embeddable":true,"href":"https:\/\/www.grupolanave.com\/informacion\/wp-json\/wp\/v2\/comments?post=241"}],"version-history":[{"count":1,"href":"https:\/\/www.grupolanave.com\/informacion\/wp-json\/wp\/v2\/posts\/241\/revisions"}],"predecessor-version":[{"id":243,"href":"https:\/\/www.grupolanave.com\/informacion\/wp-json\/wp\/v2\/posts\/241\/revisions\/243"}],"wp:featuredmedia":[{"embeddable":true,"href":"https:\/\/www.grupolanave.com\/informacion\/wp-json\/wp\/v2\/media\/242"}],"wp:attachment":[{"href":"https:\/\/www.grupolanave.com\/informacion\/wp-json\/wp\/v2\/media?parent=241"}],"wp:term":[{"taxonomy":"category","embeddable":true,"href":"https:\/\/www.grupolanave.com\/informacion\/wp-json\/wp\/v2\/categories?post=241"},{"taxonomy":"post_tag","embeddable":true,"href":"https:\/\/www.grupolanave.com\/informacion\/wp-json\/wp\/v2\/tags?post=241"}],"curies":[{"name":"wp","href":"https:\/\/api.w.org\/{rel}","templated":true}]}}