{"id":256,"date":"2021-12-01T10:18:05","date_gmt":"2021-12-01T10:18:05","guid":{"rendered":"https:\/\/www.grupolanave.com\/informacion\/?p=256"},"modified":"2021-12-01T10:18:06","modified_gmt":"2021-12-01T10:18:06","slug":"cuando-se-pone-la-decoracion-navidena","status":"publish","type":"post","link":"https:\/\/www.grupolanave.com\/informacion\/cuando-se-pone-la-decoracion-navidena\/","title":{"rendered":"Cu\u00e1ndo se pone la decoraci\u00f3n navide\u00f1a"},"content":{"rendered":"\n<p>Ya huele a Navidad. Los supermercados han llenado el stand de los turrones y las tiendas de productos varios cuentan en sus anaqueles con espumill\u00f3n, figuras de bel\u00e9n y Pap\u00e1s Noel de peluche.<\/p>\n\n\n\n<p>Llegado este momento, los m\u00e1s apasionados por las fiestas m\u00e1s importantes del a\u00f1o comienzan a inquietarse: quieren ver sus hogares, tiendas o espacios de trabajo impregnados del esp\u00edritu de la Navidad. \u00bfPero cu\u00e1ndo se pone la decoraci\u00f3n navide\u00f1a? \u00bfHay alguna fecha que d\u00e9 el pistoletazo de salida a las fiestas?<\/p>\n\n\n\n<p>Respuestas hay para todos los gustos: los hay que esperan a&nbsp;<strong>primeros de diciembre<\/strong>&nbsp;y las que apuran hasta los&nbsp;<strong>d\u00edas previos a Nochebuena.<\/strong><\/p>\n\n\n\n<p>En todo caso,<strong>&nbsp;preparar la casa o cualquier espacio para la Navidad requiere de un plan y previsi\u00f3n<\/strong>: hay que tener claro c\u00f3mo est\u00e1n almacenados el bel\u00e9n, el \u00e1rbol y el resto de decoraci\u00f3n, qu\u00e9 va a salir primero, d\u00f3nde se va a colocar, etc.<\/p>\n\n\n\n<p>Mucha gente, sobre todo los m\u00e1s amantes de estas fiestas, cuentan con tanta decoraci\u00f3n navide\u00f1a que precisan de tenerlo todo almacenado en trasteros de alquiler. Es una de las mejores formas de<strong>&nbsp;disponer de un gran despliegue de art\u00edculos de Navidad sin ocupar armarios y armarios de la casa.<\/strong><\/p>\n\n\n\n<p>Pero ello hace que la pregunta de cu\u00e1ndo se adorna en Navidad sea m\u00e1s importante todav\u00eda: hay que tener una previsi\u00f3n para acudir al trastero de alquiler, cargar todo el material e ir hasta su lugar de destino para montarlo.<\/p>\n\n\n\n<h2 class=\"wp-block-heading\"><strong>Cu\u00e1ndo poner los adornos de Navidad en casa<\/strong><\/h2>\n\n\n\n<p>Por norma general, el&nbsp;<strong>puente de diciembre<\/strong>&nbsp;es, en Espa\u00f1a, una fecha muy consensuada para todos los que se preguntan cu\u00e1ndo decorar en Navidad. Los festivos son el<strong>&nbsp;6 y el 8 del mes,<\/strong>&nbsp;lo que deja un margen de poco m\u00e1s de 15 d\u00edas hasta el primer gran festivo de Navidad.<\/p>\n\n\n\n<p>Adem\u00e1s, es un puente que suele dejar varios d\u00edas libres tanto a adultos como a ni\u00f1os, lo que lo convierte en una ocasi\u00f3n m\u00e1s que ideal para montar toda la Navidad en casa en familia, disfrutar de la ilusi\u00f3n de los m\u00e1s peque\u00f1os y, si da tiempo, incluso escribir la carta a los Reyes Magos o a Pap\u00e1 Noel.<\/p>\n\n\n\n<p>A\u00fan con todo ello,<strong>&nbsp;no se trata de una fecha fija para todo el mundo<\/strong>. Hay personas que creen que es demasiado pronto y otras que se preguntan cu\u00e1ndo se decora la casa de Navidad desde octubre. Para gustos, los colores: lo importante es que la decoraci\u00f3n se ponga a gusto de cada uno y aporte la felicidad que se espera de ella.<\/p>\n\n\n\n<h2 class=\"wp-block-heading\"><strong>C\u00f3mo sacar la decoraci\u00f3n navide\u00f1a de forma ordenada<\/strong><\/h2>\n\n\n\n<p>En Grupo La Nave tenemos<strong>&nbsp;trasteros de alquiler donde mucha gente guarda su decoraci\u00f3n navide\u00f1a<\/strong>. Para optimizar el trabajo, un buen plan de almacenamiento har\u00e1 las cosas m\u00e1s f\u00e1ciles a la hora de sacar la decoraci\u00f3n navide\u00f1a de forma ordenada.<\/p>\n\n\n\n<p>De manera natural, la gente suele introducir los bultos m\u00e1s grandes al fondo (el \u00e1rbol, por ejemplo), pero el mejor consejo es hacerlo al rev\u00e9s: lo que servir\u00e1 de base de la decoraci\u00f3n tiene que ser lo \u00faltimo que entre al trastero, para que sea lo primero en salir.<\/p>\n\n\n\n<p>Si no, \u00bfde qu\u00e9 servir\u00e1 tener el espumill\u00f3n por todo el sal\u00f3n si no se tiene el \u00e1rbol colocado? Adem\u00e1s, a la hora de cargar el veh\u00edculo tambi\u00e9n ser\u00e1 m\u00e1s f\u00e1cil tener los bultos m\u00e1s grandes primero.<\/p>\n\n\n\n<p>Todo ello responde a la pregunta de cu\u00e1ndo se pone la decoraci\u00f3n navide\u00f1a y cu\u00e1l es el mejor modo de guardarlo y sacarlo de forma ordenada. Gracias a estos consejos<strong>&nbsp;se puede gozar de una decoraci\u00f3n que se conserve en perfectas condiciones y luzca como el primer d\u00eda.<\/strong>&nbsp;\u00a1Ya llegan las fiestas, que se enciendan las luces y brille el espumill\u00f3n!<\/p>\n","protected":false},"excerpt":{"rendered":"<p>Ya huele a Navidad. Los supermercados han llenado el stand de los turrones y las tiendas de productos varios cuentan en sus anaqueles con espumill\u00f3n, figuras de bel\u00e9n y Pap\u00e1s Noel de peluche. Llegado este momento, los m\u00e1s apasionados por las fiestas m\u00e1s importantes del a\u00f1o comienzan a inquietarse: quieren ver sus hogares, tiendas o [&hellip;]<\/p>\n","protected":false},"author":1,"featured_media":257,"comment_status":"open","ping_status":"open","sticky":false,"template":"","format":"standard","meta":{"footnotes":""},"categories":[1],"tags":[],"yoast_head":"<!-- This site is optimized with the Yoast SEO plugin v22.8 - https:\/\/yoast.com\/wordpress\/plugins\/seo\/ -->\n<title>Cu\u00e1ndo se pone la decoraci\u00f3n navide\u00f1a - Grupo La Nave<\/title>\n<meta name=\"robots\" content=\"index, follow, max-snippet:-1, max-image-preview:large, max-video-preview:-1\" \/>\n<link rel=\"canonical\" href=\"https:\/\/www.grupolanave.com\/informacion\/cuando-se-pone-la-decoracion-navidena\/\" \/>\n<meta property=\"og:locale\" content=\"es_ES\" \/>\n<meta property=\"og:type\" content=\"article\" \/>\n<meta property=\"og:title\" content=\"Cu\u00e1ndo se pone la decoraci\u00f3n navide\u00f1a - Grupo La Nave\" \/>\n<meta property=\"og:description\" content=\"Ya huele a Navidad. Los supermercados han llenado el stand de los turrones y las tiendas de productos varios cuentan en sus anaqueles con espumill\u00f3n, figuras de bel\u00e9n y Pap\u00e1s Noel de peluche. Llegado este momento, los m\u00e1s apasionados por las fiestas m\u00e1s importantes del a\u00f1o comienzan a inquietarse: quieren ver sus hogares, tiendas o [&hellip;]\" \/>\n<meta property=\"og:url\" content=\"https:\/\/www.grupolanave.com\/informacion\/cuando-se-pone-la-decoracion-navidena\/\" \/>\n<meta property=\"og:site_name\" content=\"Grupo La Nave\" \/>\n<meta property=\"article:published_time\" content=\"2021-12-01T10:18:05+00:00\" \/>\n<meta property=\"article:modified_time\" content=\"2021-12-01T10:18:06+00:00\" \/>\n<meta property=\"og:image\" content=\"https:\/\/www.grupolanave.com\/informacion\/wp-content\/uploads\/2021\/12\/Cuando_se_pone_la_decoracion_navidena.jpg\" \/>\n\t<meta property=\"og:image:width\" content=\"850\" \/>\n\t<meta property=\"og:image:height\" content=\"567\" \/>\n\t<meta property=\"og:image:type\" content=\"image\/jpeg\" \/>\n<meta name=\"author\" content=\"lanave\" \/>\n<meta name=\"twitter:card\" content=\"summary_large_image\" \/>\n<meta name=\"twitter:label1\" content=\"Escrito por\" \/>\n\t<meta name=\"twitter:data1\" content=\"lanave\" \/>\n\t<meta name=\"twitter:label2\" content=\"Tiempo de lectura\" \/>\n\t<meta name=\"twitter:data2\" content=\"3 minutos\" \/>\n<script type=\"application\/ld+json\" class=\"yoast-schema-graph\">{\"@context\":\"https:\/\/schema.org\",\"@graph\":[{\"@type\":\"Article\",\"@id\":\"https:\/\/www.grupolanave.com\/informacion\/cuando-se-pone-la-decoracion-navidena\/#article\",\"isPartOf\":{\"@id\":\"https:\/\/www.grupolanave.com\/informacion\/cuando-se-pone-la-decoracion-navidena\/\"},\"author\":{\"name\":\"lanave\",\"@id\":\"https:\/\/www.grupolanave.com\/informacion\/#\/schema\/person\/e5a234affc161cbc11f28a4b305e10c4\"},\"headline\":\"Cu\u00e1ndo se pone la decoraci\u00f3n navide\u00f1a\",\"datePublished\":\"2021-12-01T10:18:05+00:00\",\"dateModified\":\"2021-12-01T10:18:06+00:00\",\"mainEntityOfPage\":{\"@id\":\"https:\/\/www.grupolanave.com\/informacion\/cuando-se-pone-la-decoracion-navidena\/\"},\"wordCount\":705,\"commentCount\":0,\"publisher\":{\"@id\":\"https:\/\/www.grupolanave.com\/informacion\/#organization\"},\"image\":{\"@id\":\"https:\/\/www.grupolanave.com\/informacion\/cuando-se-pone-la-decoracion-navidena\/#primaryimage\"},\"thumbnailUrl\":\"https:\/\/www.grupolanave.com\/informacion\/wp-content\/uploads\/2021\/12\/Cuando_se_pone_la_decoracion_navidena.jpg\",\"inLanguage\":\"es\",\"potentialAction\":[{\"@type\":\"CommentAction\",\"name\":\"Comment\",\"target\":[\"https:\/\/www.grupolanave.com\/informacion\/cuando-se-pone-la-decoracion-navidena\/#respond\"]}]},{\"@type\":\"WebPage\",\"@id\":\"https:\/\/www.grupolanave.com\/informacion\/cuando-se-pone-la-decoracion-navidena\/\",\"url\":\"https:\/\/www.grupolanave.com\/informacion\/cuando-se-pone-la-decoracion-navidena\/\",\"name\":\"Cu\u00e1ndo se pone la decoraci\u00f3n navide\u00f1a - Grupo La Nave\",\"isPartOf\":{\"@id\":\"https:\/\/www.grupolanave.com\/informacion\/#website\"},\"primaryImageOfPage\":{\"@id\":\"https:\/\/www.grupolanave.com\/informacion\/cuando-se-pone-la-decoracion-navidena\/#primaryimage\"},\"image\":{\"@id\":\"https:\/\/www.grupolanave.com\/informacion\/cuando-se-pone-la-decoracion-navidena\/#primaryimage\"},\"thumbnailUrl\":\"https:\/\/www.grupolanave.com\/informacion\/wp-content\/uploads\/2021\/12\/Cuando_se_pone_la_decoracion_navidena.jpg\",\"datePublished\":\"2021-12-01T10:18:05+00:00\",\"dateModified\":\"2021-12-01T10:18:06+00:00\",\"breadcrumb\":{\"@id\":\"https:\/\/www.grupolanave.com\/informacion\/cuando-se-pone-la-decoracion-navidena\/#breadcrumb\"},\"inLanguage\":\"es\",\"potentialAction\":[{\"@type\":\"ReadAction\",\"target\":[\"https:\/\/www.grupolanave.com\/informacion\/cuando-se-pone-la-decoracion-navidena\/\"]}]},{\"@type\":\"ImageObject\",\"inLanguage\":\"es\",\"@id\":\"https:\/\/www.grupolanave.com\/informacion\/cuando-se-pone-la-decoracion-navidena\/#primaryimage\",\"url\":\"https:\/\/www.grupolanave.com\/informacion\/wp-content\/uploads\/2021\/12\/Cuando_se_pone_la_decoracion_navidena.jpg\",\"contentUrl\":\"https:\/\/www.grupolanave.com\/informacion\/wp-content\/uploads\/2021\/12\/Cuando_se_pone_la_decoracion_navidena.jpg\",\"width\":850,\"height\":567},{\"@type\":\"BreadcrumbList\",\"@id\":\"https:\/\/www.grupolanave.com\/informacion\/cuando-se-pone-la-decoracion-navidena\/#breadcrumb\",\"itemListElement\":[{\"@type\":\"ListItem\",\"position\":1,\"name\":\"Portada\",\"item\":\"https:\/\/www.grupolanave.com\/informacion\/\"},{\"@type\":\"ListItem\",\"position\":2,\"name\":\"Cu\u00e1ndo se pone la decoraci\u00f3n navide\u00f1a\"}]},{\"@type\":\"WebSite\",\"@id\":\"https:\/\/www.grupolanave.com\/informacion\/#website\",\"url\":\"https:\/\/www.grupolanave.com\/informacion\/\",\"name\":\"Grupo La Nave\",\"description\":\"Alquiler de trasteros y minialmacenes\",\"publisher\":{\"@id\":\"https:\/\/www.grupolanave.com\/informacion\/#organization\"},\"potentialAction\":[{\"@type\":\"SearchAction\",\"target\":{\"@type\":\"EntryPoint\",\"urlTemplate\":\"https:\/\/www.grupolanave.com\/informacion\/?s={search_term_string}\"},\"query-input\":\"required name=search_term_string\"}],\"inLanguage\":\"es\"},{\"@type\":\"Organization\",\"@id\":\"https:\/\/www.grupolanave.com\/informacion\/#organization\",\"name\":\"Grupo La Nave\",\"url\":\"https:\/\/www.grupolanave.com\/informacion\/\",\"logo\":{\"@type\":\"ImageObject\",\"inLanguage\":\"es\",\"@id\":\"https:\/\/www.grupolanave.com\/informacion\/#\/schema\/logo\/image\/\",\"url\":\"https:\/\/www.grupolanave.com\/informacion\/wp-content\/uploads\/2021\/04\/cropped-logo-trasteros.png\",\"contentUrl\":\"https:\/\/www.grupolanave.com\/informacion\/wp-content\/uploads\/2021\/04\/cropped-logo-trasteros.png\",\"width\":291,\"height\":85,\"caption\":\"Grupo La Nave\"},\"image\":{\"@id\":\"https:\/\/www.grupolanave.com\/informacion\/#\/schema\/logo\/image\/\"}},{\"@type\":\"Person\",\"@id\":\"https:\/\/www.grupolanave.com\/informacion\/#\/schema\/person\/e5a234affc161cbc11f28a4b305e10c4\",\"name\":\"lanave\",\"image\":{\"@type\":\"ImageObject\",\"inLanguage\":\"es\",\"@id\":\"https:\/\/www.grupolanave.com\/informacion\/#\/schema\/person\/image\/\",\"url\":\"https:\/\/secure.gravatar.com\/avatar\/4149137097ddd89bf75c953b3f2ed1e1?s=96&d=mm&r=g\",\"contentUrl\":\"https:\/\/secure.gravatar.com\/avatar\/4149137097ddd89bf75c953b3f2ed1e1?s=96&d=mm&r=g\",\"caption\":\"lanave\"},\"sameAs\":[\"https:\/\/www.grupolanave.com\/informacion\"],\"url\":\"https:\/\/www.grupolanave.com\/informacion\/author\/lanave\/\"}]}<\/script>\n<!-- \/ Yoast SEO plugin. -->","yoast_head_json":{"title":"Cu\u00e1ndo se pone la decoraci\u00f3n navide\u00f1a - Grupo La Nave","robots":{"index":"index","follow":"follow","max-snippet":"max-snippet:-1","max-image-preview":"max-image-preview:large","max-video-preview":"max-video-preview:-1"},"canonical":"https:\/\/www.grupolanave.com\/informacion\/cuando-se-pone-la-decoracion-navidena\/","og_locale":"es_ES","og_type":"article","og_title":"Cu\u00e1ndo se pone la decoraci\u00f3n navide\u00f1a - Grupo La Nave","og_description":"Ya huele a Navidad. Los supermercados han llenado el stand de los turrones y las tiendas de productos varios cuentan en sus anaqueles con espumill\u00f3n, figuras de bel\u00e9n y Pap\u00e1s Noel de peluche. Llegado este momento, los m\u00e1s apasionados por las fiestas m\u00e1s importantes del a\u00f1o comienzan a inquietarse: quieren ver sus hogares, tiendas o [&hellip;]","og_url":"https:\/\/www.grupolanave.com\/informacion\/cuando-se-pone-la-decoracion-navidena\/","og_site_name":"Grupo La Nave","article_published_time":"2021-12-01T10:18:05+00:00","article_modified_time":"2021-12-01T10:18:06+00:00","og_image":[{"width":850,"height":567,"url":"https:\/\/www.grupolanave.com\/informacion\/wp-content\/uploads\/2021\/12\/Cuando_se_pone_la_decoracion_navidena.jpg","type":"image\/jpeg"}],"author":"lanave","twitter_card":"summary_large_image","twitter_misc":{"Escrito por":"lanave","Tiempo de lectura":"3 minutos"},"schema":{"@context":"https:\/\/schema.org","@graph":[{"@type":"Article","@id":"https:\/\/www.grupolanave.com\/informacion\/cuando-se-pone-la-decoracion-navidena\/#article","isPartOf":{"@id":"https:\/\/www.grupolanave.com\/informacion\/cuando-se-pone-la-decoracion-navidena\/"},"author":{"name":"lanave","@id":"https:\/\/www.grupolanave.com\/informacion\/#\/schema\/person\/e5a234affc161cbc11f28a4b305e10c4"},"headline":"Cu\u00e1ndo se pone la decoraci\u00f3n navide\u00f1a","datePublished":"2021-12-01T10:18:05+00:00","dateModified":"2021-12-01T10:18:06+00:00","mainEntityOfPage":{"@id":"https:\/\/www.grupolanave.com\/informacion\/cuando-se-pone-la-decoracion-navidena\/"},"wordCount":705,"commentCount":0,"publisher":{"@id":"https:\/\/www.grupolanave.com\/informacion\/#organization"},"image":{"@id":"https:\/\/www.grupolanave.com\/informacion\/cuando-se-pone-la-decoracion-navidena\/#primaryimage"},"thumbnailUrl":"https:\/\/www.grupolanave.com\/informacion\/wp-content\/uploads\/2021\/12\/Cuando_se_pone_la_decoracion_navidena.jpg","inLanguage":"es","potentialAction":[{"@type":"CommentAction","name":"Comment","target":["https:\/\/www.grupolanave.com\/informacion\/cuando-se-pone-la-decoracion-navidena\/#respond"]}]},{"@type":"WebPage","@id":"https:\/\/www.grupolanave.com\/informacion\/cuando-se-pone-la-decoracion-navidena\/","url":"https:\/\/www.grupolanave.com\/informacion\/cuando-se-pone-la-decoracion-navidena\/","name":"Cu\u00e1ndo se pone la decoraci\u00f3n navide\u00f1a - Grupo La Nave","isPartOf":{"@id":"https:\/\/www.grupolanave.com\/informacion\/#website"},"primaryImageOfPage":{"@id":"https:\/\/www.grupolanave.com\/informacion\/cuando-se-pone-la-decoracion-navidena\/#primaryimage"},"image":{"@id":"https:\/\/www.grupolanave.com\/informacion\/cuando-se-pone-la-decoracion-navidena\/#primaryimage"},"thumbnailUrl":"https:\/\/www.grupolanave.com\/informacion\/wp-content\/uploads\/2021\/12\/Cuando_se_pone_la_decoracion_navidena.jpg","datePublished":"2021-12-01T10:18:05+00:00","dateModified":"2021-12-01T10:18:06+00:00","breadcrumb":{"@id":"https:\/\/www.grupolanave.com\/informacion\/cuando-se-pone-la-decoracion-navidena\/#breadcrumb"},"inLanguage":"es","potentialAction":[{"@type":"ReadAction","target":["https:\/\/www.grupolanave.com\/informacion\/cuando-se-pone-la-decoracion-navidena\/"]}]},{"@type":"ImageObject","inLanguage":"es","@id":"https:\/\/www.grupolanave.com\/informacion\/cuando-se-pone-la-decoracion-navidena\/#primaryimage","url":"https:\/\/www.grupolanave.com\/informacion\/wp-content\/uploads\/2021\/12\/Cuando_se_pone_la_decoracion_navidena.jpg","contentUrl":"https:\/\/www.grupolanave.com\/informacion\/wp-content\/uploads\/2021\/12\/Cuando_se_pone_la_decoracion_navidena.jpg","width":850,"height":567},{"@type":"BreadcrumbList","@id":"https:\/\/www.grupolanave.com\/informacion\/cuando-se-pone-la-decoracion-navidena\/#breadcrumb","itemListElement":[{"@type":"ListItem","position":1,"name":"Portada","item":"https:\/\/www.grupolanave.com\/informacion\/"},{"@type":"ListItem","position":2,"name":"Cu\u00e1ndo se pone la decoraci\u00f3n navide\u00f1a"}]},{"@type":"WebSite","@id":"https:\/\/www.grupolanave.com\/informacion\/#website","url":"https:\/\/www.grupolanave.com\/informacion\/","name":"Grupo La Nave","description":"Alquiler de trasteros y minialmacenes","publisher":{"@id":"https:\/\/www.grupolanave.com\/informacion\/#organization"},"potentialAction":[{"@type":"SearchAction","target":{"@type":"EntryPoint","urlTemplate":"https:\/\/www.grupolanave.com\/informacion\/?s={search_term_string}"},"query-input":"required name=search_term_string"}],"inLanguage":"es"},{"@type":"Organization","@id":"https:\/\/www.grupolanave.com\/informacion\/#organization","name":"Grupo La Nave","url":"https:\/\/www.grupolanave.com\/informacion\/","logo":{"@type":"ImageObject","inLanguage":"es","@id":"https:\/\/www.grupolanave.com\/informacion\/#\/schema\/logo\/image\/","url":"https:\/\/www.grupolanave.com\/informacion\/wp-content\/uploads\/2021\/04\/cropped-logo-trasteros.png","contentUrl":"https:\/\/www.grupolanave.com\/informacion\/wp-content\/uploads\/2021\/04\/cropped-logo-trasteros.png","width":291,"height":85,"caption":"Grupo La Nave"},"image":{"@id":"https:\/\/www.grupolanave.com\/informacion\/#\/schema\/logo\/image\/"}},{"@type":"Person","@id":"https:\/\/www.grupolanave.com\/informacion\/#\/schema\/person\/e5a234affc161cbc11f28a4b305e10c4","name":"lanave","image":{"@type":"ImageObject","inLanguage":"es","@id":"https:\/\/www.grupolanave.com\/informacion\/#\/schema\/person\/image\/","url":"https:\/\/secure.gravatar.com\/avatar\/4149137097ddd89bf75c953b3f2ed1e1?s=96&d=mm&r=g","contentUrl":"https:\/\/secure.gravatar.com\/avatar\/4149137097ddd89bf75c953b3f2ed1e1?s=96&d=mm&r=g","caption":"lanave"},"sameAs":["https:\/\/www.grupolanave.com\/informacion"],"url":"https:\/\/www.grupolanave.com\/informacion\/author\/lanave\/"}]}},"_links":{"self":[{"href":"https:\/\/www.grupolanave.com\/informacion\/wp-json\/wp\/v2\/posts\/256"}],"collection":[{"href":"https:\/\/www.grupolanave.com\/informacion\/wp-json\/wp\/v2\/posts"}],"about":[{"href":"https:\/\/www.grupolanave.com\/informacion\/wp-json\/wp\/v2\/types\/post"}],"author":[{"embeddable":true,"href":"https:\/\/www.grupolanave.com\/informacion\/wp-json\/wp\/v2\/users\/1"}],"replies":[{"embeddable":true,"href":"https:\/\/www.grupolanave.com\/informacion\/wp-json\/wp\/v2\/comments?post=256"}],"version-history":[{"count":1,"href":"https:\/\/www.grupolanave.com\/informacion\/wp-json\/wp\/v2\/posts\/256\/revisions"}],"predecessor-version":[{"id":258,"href":"https:\/\/www.grupolanave.com\/informacion\/wp-json\/wp\/v2\/posts\/256\/revisions\/258"}],"wp:featuredmedia":[{"embeddable":true,"href":"https:\/\/www.grupolanave.com\/informacion\/wp-json\/wp\/v2\/media\/257"}],"wp:attachment":[{"href":"https:\/\/www.grupolanave.com\/informacion\/wp-json\/wp\/v2\/media?parent=256"}],"wp:term":[{"taxonomy":"category","embeddable":true,"href":"https:\/\/www.grupolanave.com\/informacion\/wp-json\/wp\/v2\/categories?post=256"},{"taxonomy":"post_tag","embeddable":true,"href":"https:\/\/www.grupolanave.com\/informacion\/wp-json\/wp\/v2\/tags?post=256"}],"curies":[{"name":"wp","href":"https:\/\/api.w.org\/{rel}","templated":true}]}}