{"id":30,"date":"2021-04-07T10:44:30","date_gmt":"2021-04-07T10:44:30","guid":{"rendered":"https:\/\/www.grupolanave.com\/informacion\/?p=30"},"modified":"2021-04-07T10:44:30","modified_gmt":"2021-04-07T10:44:30","slug":"alquiler-de-trasteros-para-empresas","status":"publish","type":"post","link":"https:\/\/www.grupolanave.com\/informacion\/alquiler-de-trasteros-para-empresas\/","title":{"rendered":"Alquiler de trasteros para empresas"},"content":{"rendered":"\n<p>Cuando pensamos en una empresa, nos imaginamos un lugar de grandes dimensiones, sin embargo existen tambi\u00e9n aquellas que disponen de un sitio limitado y no saben c\u00f3mo liberar espacio. Pues bien, en Grupo La Nave disponemos de trasteros donde pueden depositar muebles, documentos u otros objetos.<\/p>\n\n\n\n<p>Y, \u00bfcu\u00e1les son las ventajas de alquilar un trastero?<\/p>\n\n\n\n<p>A parte de nuestra experiencia y dedicaci\u00f3n de 24 horas diarias a nuestras instalaciones, t\u00fa decides el espacio que necesitas y c\u00f3mo lo vas a pagar, adaptando el pago a tus necesidades. Y olv\u00eddate de pagos extras, como la luz, agua etc.<\/p>\n\n\n\n<p>No solo tendr\u00e1s posibilidad de almacenar lo que quieras, sino que tambi\u00e9n disponemos de servicio de recepci\u00f3n, salas de reuniones o wifi para estar en contacto permanente.<\/p>\n\n\n\n<p>Disponemos de unas instalaciones aptas y preparadas para almacenar de la manera m\u00e1s \u00f3ptima tus objetos. Y en caso de almacenar archivos, no se da\u00f1ar\u00e1n con el paso del tiempo, ni por la humedad ni por otro tipo de problema.<\/p>\n\n\n\n<p>Nuestro personal estar\u00e1 a su disposici\u00f3n las 24 horas del d\u00eda, de ah\u00ed que nuestras instalaciones dispongan de una alta seguridad, con un acceso restringido y c\u00e1maras de seguridad.<\/p>\n\n\n\n<p>Nos encargaremos de recibir tus pedidos, descarga de veh\u00edculos\u2026 Y disponemos de elementos como carros, carretillas o transpaleta para facilitar el transporte de tus objetos almacenados. Cuando llegue a su trastero ya tendr\u00e1 todo recepcionado.<\/p>\n\n\n\n<p>Y para hacer mucho econ\u00f3mico el alquiler de tu trastero disponemos de una serie de descuentos. Por ejemplo para trasteros de m\u00e1s de 6m2 en contratos de 3 a\u00f1os. Pero no dudes en preguntarnos tu dudas sobre el alquiler de un trastero, estamos a tu completa disposici\u00f3n.<\/p>\n","protected":false},"excerpt":{"rendered":"<p>Cuando pensamos en una empresa, nos imaginamos un lugar de grandes dimensiones, sin embargo existen tambi\u00e9n aquellas que disponen de un sitio limitado y no saben c\u00f3mo liberar espacio. Pues bien, en Grupo La Nave disponemos de trasteros donde pueden depositar muebles, documentos u otros objetos. Y, \u00bfcu\u00e1les son las ventajas de alquilar un trastero? [&hellip;]<\/p>\n","protected":false},"author":1,"featured_media":31,"comment_status":"open","ping_status":"open","sticky":false,"template":"","format":"standard","meta":{"footnotes":""},"categories":[1],"tags":[],"yoast_head":"<!-- This site is optimized with the Yoast SEO plugin v22.8 - https:\/\/yoast.com\/wordpress\/plugins\/seo\/ -->\n<title>Alquiler de trasteros para empresas - Grupo La Nave<\/title>\n<meta name=\"description\" content=\"Alquilar un trastero para tu empresa puede ser la mejor opcion\" \/>\n<meta name=\"robots\" content=\"index, follow, max-snippet:-1, max-image-preview:large, max-video-preview:-1\" \/>\n<link rel=\"canonical\" href=\"https:\/\/www.grupolanave.com\/informacion\/alquiler-de-trasteros-para-empresas\/\" \/>\n<meta property=\"og:locale\" content=\"es_ES\" \/>\n<meta property=\"og:type\" content=\"article\" \/>\n<meta property=\"og:title\" content=\"Alquiler de trasteros para empresas - Grupo La Nave\" \/>\n<meta property=\"og:description\" content=\"Alquilar un trastero para tu empresa puede ser la mejor opcion\" \/>\n<meta property=\"og:url\" content=\"https:\/\/www.grupolanave.com\/informacion\/alquiler-de-trasteros-para-empresas\/\" \/>\n<meta property=\"og:site_name\" content=\"Grupo La Nave\" \/>\n<meta property=\"article:published_time\" content=\"2021-04-07T10:44:30+00:00\" \/>\n<meta property=\"og:image\" content=\"https:\/\/www.grupolanave.com\/informacion\/wp-content\/uploads\/2021\/04\/alquiler-de-trasteros-para-empresas.jpg\" \/>\n\t<meta property=\"og:image:width\" content=\"1024\" \/>\n\t<meta property=\"og:image:height\" content=\"576\" \/>\n\t<meta property=\"og:image:type\" content=\"image\/jpeg\" \/>\n<meta name=\"author\" content=\"lanave\" \/>\n<meta name=\"twitter:card\" content=\"summary_large_image\" \/>\n<meta name=\"twitter:label1\" content=\"Escrito por\" \/>\n\t<meta name=\"twitter:data1\" content=\"lanave\" \/>\n\t<meta name=\"twitter:label2\" content=\"Tiempo de lectura\" \/>\n\t<meta name=\"twitter:data2\" content=\"2 minutos\" \/>\n<script type=\"application\/ld+json\" class=\"yoast-schema-graph\">{\"@context\":\"https:\/\/schema.org\",\"@graph\":[{\"@type\":\"Article\",\"@id\":\"https:\/\/www.grupolanave.com\/informacion\/alquiler-de-trasteros-para-empresas\/#article\",\"isPartOf\":{\"@id\":\"https:\/\/www.grupolanave.com\/informacion\/alquiler-de-trasteros-para-empresas\/\"},\"author\":{\"name\":\"lanave\",\"@id\":\"https:\/\/www.grupolanave.com\/informacion\/#\/schema\/person\/e5a234affc161cbc11f28a4b305e10c4\"},\"headline\":\"Alquiler de trasteros para empresas\",\"datePublished\":\"2021-04-07T10:44:30+00:00\",\"dateModified\":\"2021-04-07T10:44:30+00:00\",\"mainEntityOfPage\":{\"@id\":\"https:\/\/www.grupolanave.com\/informacion\/alquiler-de-trasteros-para-empresas\/\"},\"wordCount\":297,\"commentCount\":0,\"publisher\":{\"@id\":\"https:\/\/www.grupolanave.com\/informacion\/#organization\"},\"image\":{\"@id\":\"https:\/\/www.grupolanave.com\/informacion\/alquiler-de-trasteros-para-empresas\/#primaryimage\"},\"thumbnailUrl\":\"https:\/\/www.grupolanave.com\/informacion\/wp-content\/uploads\/2021\/04\/alquiler-de-trasteros-para-empresas.jpg\",\"inLanguage\":\"es\",\"potentialAction\":[{\"@type\":\"CommentAction\",\"name\":\"Comment\",\"target\":[\"https:\/\/www.grupolanave.com\/informacion\/alquiler-de-trasteros-para-empresas\/#respond\"]}]},{\"@type\":\"WebPage\",\"@id\":\"https:\/\/www.grupolanave.com\/informacion\/alquiler-de-trasteros-para-empresas\/\",\"url\":\"https:\/\/www.grupolanave.com\/informacion\/alquiler-de-trasteros-para-empresas\/\",\"name\":\"Alquiler de trasteros para empresas - Grupo La Nave\",\"isPartOf\":{\"@id\":\"https:\/\/www.grupolanave.com\/informacion\/#website\"},\"primaryImageOfPage\":{\"@id\":\"https:\/\/www.grupolanave.com\/informacion\/alquiler-de-trasteros-para-empresas\/#primaryimage\"},\"image\":{\"@id\":\"https:\/\/www.grupolanave.com\/informacion\/alquiler-de-trasteros-para-empresas\/#primaryimage\"},\"thumbnailUrl\":\"https:\/\/www.grupolanave.com\/informacion\/wp-content\/uploads\/2021\/04\/alquiler-de-trasteros-para-empresas.jpg\",\"datePublished\":\"2021-04-07T10:44:30+00:00\",\"dateModified\":\"2021-04-07T10:44:30+00:00\",\"description\":\"Alquilar un trastero para tu empresa puede ser la mejor opcion\",\"breadcrumb\":{\"@id\":\"https:\/\/www.grupolanave.com\/informacion\/alquiler-de-trasteros-para-empresas\/#breadcrumb\"},\"inLanguage\":\"es\",\"potentialAction\":[{\"@type\":\"ReadAction\",\"target\":[\"https:\/\/www.grupolanave.com\/informacion\/alquiler-de-trasteros-para-empresas\/\"]}]},{\"@type\":\"ImageObject\",\"inLanguage\":\"es\",\"@id\":\"https:\/\/www.grupolanave.com\/informacion\/alquiler-de-trasteros-para-empresas\/#primaryimage\",\"url\":\"https:\/\/www.grupolanave.com\/informacion\/wp-content\/uploads\/2021\/04\/alquiler-de-trasteros-para-empresas.jpg\",\"contentUrl\":\"https:\/\/www.grupolanave.com\/informacion\/wp-content\/uploads\/2021\/04\/alquiler-de-trasteros-para-empresas.jpg\",\"width\":1024,\"height\":576},{\"@type\":\"BreadcrumbList\",\"@id\":\"https:\/\/www.grupolanave.com\/informacion\/alquiler-de-trasteros-para-empresas\/#breadcrumb\",\"itemListElement\":[{\"@type\":\"ListItem\",\"position\":1,\"name\":\"Portada\",\"item\":\"https:\/\/www.grupolanave.com\/informacion\/\"},{\"@type\":\"ListItem\",\"position\":2,\"name\":\"Alquiler de trasteros para empresas\"}]},{\"@type\":\"WebSite\",\"@id\":\"https:\/\/www.grupolanave.com\/informacion\/#website\",\"url\":\"https:\/\/www.grupolanave.com\/informacion\/\",\"name\":\"Grupo La Nave\",\"description\":\"Alquiler de trasteros y minialmacenes\",\"publisher\":{\"@id\":\"https:\/\/www.grupolanave.com\/informacion\/#organization\"},\"potentialAction\":[{\"@type\":\"SearchAction\",\"target\":{\"@type\":\"EntryPoint\",\"urlTemplate\":\"https:\/\/www.grupolanave.com\/informacion\/?s={search_term_string}\"},\"query-input\":\"required name=search_term_string\"}],\"inLanguage\":\"es\"},{\"@type\":\"Organization\",\"@id\":\"https:\/\/www.grupolanave.com\/informacion\/#organization\",\"name\":\"Grupo La Nave\",\"url\":\"https:\/\/www.grupolanave.com\/informacion\/\",\"logo\":{\"@type\":\"ImageObject\",\"inLanguage\":\"es\",\"@id\":\"https:\/\/www.grupolanave.com\/informacion\/#\/schema\/logo\/image\/\",\"url\":\"https:\/\/www.grupolanave.com\/informacion\/wp-content\/uploads\/2021\/04\/cropped-logo-trasteros.png\",\"contentUrl\":\"https:\/\/www.grupolanave.com\/informacion\/wp-content\/uploads\/2021\/04\/cropped-logo-trasteros.png\",\"width\":291,\"height\":85,\"caption\":\"Grupo La Nave\"},\"image\":{\"@id\":\"https:\/\/www.grupolanave.com\/informacion\/#\/schema\/logo\/image\/\"}},{\"@type\":\"Person\",\"@id\":\"https:\/\/www.grupolanave.com\/informacion\/#\/schema\/person\/e5a234affc161cbc11f28a4b305e10c4\",\"name\":\"lanave\",\"image\":{\"@type\":\"ImageObject\",\"inLanguage\":\"es\",\"@id\":\"https:\/\/www.grupolanave.com\/informacion\/#\/schema\/person\/image\/\",\"url\":\"https:\/\/secure.gravatar.com\/avatar\/4149137097ddd89bf75c953b3f2ed1e1?s=96&d=mm&r=g\",\"contentUrl\":\"https:\/\/secure.gravatar.com\/avatar\/4149137097ddd89bf75c953b3f2ed1e1?s=96&d=mm&r=g\",\"caption\":\"lanave\"},\"sameAs\":[\"https:\/\/www.grupolanave.com\/informacion\"],\"url\":\"https:\/\/www.grupolanave.com\/informacion\/author\/lanave\/\"}]}<\/script>\n<!-- \/ Yoast SEO plugin. -->","yoast_head_json":{"title":"Alquiler de trasteros para empresas - Grupo La Nave","description":"Alquilar un trastero para tu empresa puede ser la mejor opcion","robots":{"index":"index","follow":"follow","max-snippet":"max-snippet:-1","max-image-preview":"max-image-preview:large","max-video-preview":"max-video-preview:-1"},"canonical":"https:\/\/www.grupolanave.com\/informacion\/alquiler-de-trasteros-para-empresas\/","og_locale":"es_ES","og_type":"article","og_title":"Alquiler de trasteros para empresas - Grupo La Nave","og_description":"Alquilar un trastero para tu empresa puede ser la mejor opcion","og_url":"https:\/\/www.grupolanave.com\/informacion\/alquiler-de-trasteros-para-empresas\/","og_site_name":"Grupo La Nave","article_published_time":"2021-04-07T10:44:30+00:00","og_image":[{"width":1024,"height":576,"url":"https:\/\/www.grupolanave.com\/informacion\/wp-content\/uploads\/2021\/04\/alquiler-de-trasteros-para-empresas.jpg","type":"image\/jpeg"}],"author":"lanave","twitter_card":"summary_large_image","twitter_misc":{"Escrito por":"lanave","Tiempo de lectura":"2 minutos"},"schema":{"@context":"https:\/\/schema.org","@graph":[{"@type":"Article","@id":"https:\/\/www.grupolanave.com\/informacion\/alquiler-de-trasteros-para-empresas\/#article","isPartOf":{"@id":"https:\/\/www.grupolanave.com\/informacion\/alquiler-de-trasteros-para-empresas\/"},"author":{"name":"lanave","@id":"https:\/\/www.grupolanave.com\/informacion\/#\/schema\/person\/e5a234affc161cbc11f28a4b305e10c4"},"headline":"Alquiler de trasteros para empresas","datePublished":"2021-04-07T10:44:30+00:00","dateModified":"2021-04-07T10:44:30+00:00","mainEntityOfPage":{"@id":"https:\/\/www.grupolanave.com\/informacion\/alquiler-de-trasteros-para-empresas\/"},"wordCount":297,"commentCount":0,"publisher":{"@id":"https:\/\/www.grupolanave.com\/informacion\/#organization"},"image":{"@id":"https:\/\/www.grupolanave.com\/informacion\/alquiler-de-trasteros-para-empresas\/#primaryimage"},"thumbnailUrl":"https:\/\/www.grupolanave.com\/informacion\/wp-content\/uploads\/2021\/04\/alquiler-de-trasteros-para-empresas.jpg","inLanguage":"es","potentialAction":[{"@type":"CommentAction","name":"Comment","target":["https:\/\/www.grupolanave.com\/informacion\/alquiler-de-trasteros-para-empresas\/#respond"]}]},{"@type":"WebPage","@id":"https:\/\/www.grupolanave.com\/informacion\/alquiler-de-trasteros-para-empresas\/","url":"https:\/\/www.grupolanave.com\/informacion\/alquiler-de-trasteros-para-empresas\/","name":"Alquiler de trasteros para empresas - Grupo La Nave","isPartOf":{"@id":"https:\/\/www.grupolanave.com\/informacion\/#website"},"primaryImageOfPage":{"@id":"https:\/\/www.grupolanave.com\/informacion\/alquiler-de-trasteros-para-empresas\/#primaryimage"},"image":{"@id":"https:\/\/www.grupolanave.com\/informacion\/alquiler-de-trasteros-para-empresas\/#primaryimage"},"thumbnailUrl":"https:\/\/www.grupolanave.com\/informacion\/wp-content\/uploads\/2021\/04\/alquiler-de-trasteros-para-empresas.jpg","datePublished":"2021-04-07T10:44:30+00:00","dateModified":"2021-04-07T10:44:30+00:00","description":"Alquilar un trastero para tu empresa puede ser la mejor opcion","breadcrumb":{"@id":"https:\/\/www.grupolanave.com\/informacion\/alquiler-de-trasteros-para-empresas\/#breadcrumb"},"inLanguage":"es","potentialAction":[{"@type":"ReadAction","target":["https:\/\/www.grupolanave.com\/informacion\/alquiler-de-trasteros-para-empresas\/"]}]},{"@type":"ImageObject","inLanguage":"es","@id":"https:\/\/www.grupolanave.com\/informacion\/alquiler-de-trasteros-para-empresas\/#primaryimage","url":"https:\/\/www.grupolanave.com\/informacion\/wp-content\/uploads\/2021\/04\/alquiler-de-trasteros-para-empresas.jpg","contentUrl":"https:\/\/www.grupolanave.com\/informacion\/wp-content\/uploads\/2021\/04\/alquiler-de-trasteros-para-empresas.jpg","width":1024,"height":576},{"@type":"BreadcrumbList","@id":"https:\/\/www.grupolanave.com\/informacion\/alquiler-de-trasteros-para-empresas\/#breadcrumb","itemListElement":[{"@type":"ListItem","position":1,"name":"Portada","item":"https:\/\/www.grupolanave.com\/informacion\/"},{"@type":"ListItem","position":2,"name":"Alquiler de trasteros para empresas"}]},{"@type":"WebSite","@id":"https:\/\/www.grupolanave.com\/informacion\/#website","url":"https:\/\/www.grupolanave.com\/informacion\/","name":"Grupo La Nave","description":"Alquiler de trasteros y minialmacenes","publisher":{"@id":"https:\/\/www.grupolanave.com\/informacion\/#organization"},"potentialAction":[{"@type":"SearchAction","target":{"@type":"EntryPoint","urlTemplate":"https:\/\/www.grupolanave.com\/informacion\/?s={search_term_string}"},"query-input":"required name=search_term_string"}],"inLanguage":"es"},{"@type":"Organization","@id":"https:\/\/www.grupolanave.com\/informacion\/#organization","name":"Grupo La Nave","url":"https:\/\/www.grupolanave.com\/informacion\/","logo":{"@type":"ImageObject","inLanguage":"es","@id":"https:\/\/www.grupolanave.com\/informacion\/#\/schema\/logo\/image\/","url":"https:\/\/www.grupolanave.com\/informacion\/wp-content\/uploads\/2021\/04\/cropped-logo-trasteros.png","contentUrl":"https:\/\/www.grupolanave.com\/informacion\/wp-content\/uploads\/2021\/04\/cropped-logo-trasteros.png","width":291,"height":85,"caption":"Grupo La Nave"},"image":{"@id":"https:\/\/www.grupolanave.com\/informacion\/#\/schema\/logo\/image\/"}},{"@type":"Person","@id":"https:\/\/www.grupolanave.com\/informacion\/#\/schema\/person\/e5a234affc161cbc11f28a4b305e10c4","name":"lanave","image":{"@type":"ImageObject","inLanguage":"es","@id":"https:\/\/www.grupolanave.com\/informacion\/#\/schema\/person\/image\/","url":"https:\/\/secure.gravatar.com\/avatar\/4149137097ddd89bf75c953b3f2ed1e1?s=96&d=mm&r=g","contentUrl":"https:\/\/secure.gravatar.com\/avatar\/4149137097ddd89bf75c953b3f2ed1e1?s=96&d=mm&r=g","caption":"lanave"},"sameAs":["https:\/\/www.grupolanave.com\/informacion"],"url":"https:\/\/www.grupolanave.com\/informacion\/author\/lanave\/"}]}},"_links":{"self":[{"href":"https:\/\/www.grupolanave.com\/informacion\/wp-json\/wp\/v2\/posts\/30"}],"collection":[{"href":"https:\/\/www.grupolanave.com\/informacion\/wp-json\/wp\/v2\/posts"}],"about":[{"href":"https:\/\/www.grupolanave.com\/informacion\/wp-json\/wp\/v2\/types\/post"}],"author":[{"embeddable":true,"href":"https:\/\/www.grupolanave.com\/informacion\/wp-json\/wp\/v2\/users\/1"}],"replies":[{"embeddable":true,"href":"https:\/\/www.grupolanave.com\/informacion\/wp-json\/wp\/v2\/comments?post=30"}],"version-history":[{"count":1,"href":"https:\/\/www.grupolanave.com\/informacion\/wp-json\/wp\/v2\/posts\/30\/revisions"}],"predecessor-version":[{"id":32,"href":"https:\/\/www.grupolanave.com\/informacion\/wp-json\/wp\/v2\/posts\/30\/revisions\/32"}],"wp:featuredmedia":[{"embeddable":true,"href":"https:\/\/www.grupolanave.com\/informacion\/wp-json\/wp\/v2\/media\/31"}],"wp:attachment":[{"href":"https:\/\/www.grupolanave.com\/informacion\/wp-json\/wp\/v2\/media?parent=30"}],"wp:term":[{"taxonomy":"category","embeddable":true,"href":"https:\/\/www.grupolanave.com\/informacion\/wp-json\/wp\/v2\/categories?post=30"},{"taxonomy":"post_tag","embeddable":true,"href":"https:\/\/www.grupolanave.com\/informacion\/wp-json\/wp\/v2\/tags?post=30"}],"curies":[{"name":"wp","href":"https:\/\/api.w.org\/{rel}","templated":true}]}}