{"id":303,"date":"2022-03-28T07:26:44","date_gmt":"2022-03-28T07:26:44","guid":{"rendered":"https:\/\/www.grupolanave.com\/informacion\/?p=303"},"modified":"2022-03-28T07:26:44","modified_gmt":"2022-03-28T07:26:44","slug":"claves-para-crear-una-zona-de-trabajo-en-casa-que-se-adapte-a-tus-necesidades","status":"publish","type":"post","link":"https:\/\/www.grupolanave.com\/informacion\/claves-para-crear-una-zona-de-trabajo-en-casa-que-se-adapte-a-tus-necesidades\/","title":{"rendered":"Claves para crear una zona de trabajo en casa que se adapte a tus necesidades"},"content":{"rendered":"\n<p>Crear una&nbsp;<strong>zona de trabajo en casa<\/strong>&nbsp;se ha convertido en una necesidad debido al auge del teletrabajo. Tener un espacio espec\u00edfico para ello aumentar\u00e1 tu productividad y aumentar\u00e1 la comodidad.<\/p>\n\n\n\n<p>Sin embargo, a pesar de esa necesidad que se ha ido creando con el paso del tiempo, no siempre se conoce bien&nbsp;<strong>por d\u00f3nde empezar<\/strong>&nbsp;para que el lugar sea eficiente y apto. Con estos consejos, podr\u00e1s hacerlo de forma sencilla y sin complicaciones.<\/p>\n\n\n\n<h2 class=\"wp-block-heading\"><strong>Elige el lugar donde vas a trabajar<\/strong><\/h2>\n\n\n\n<p>El primer paso a la hora de crear un espacio de trabajo en casa es precisamente el elegir ese rinc\u00f3n que se va a convertir&nbsp;<strong>en tu nueva oficina.<\/strong><\/p>\n\n\n\n<p>Puede ser tanto una habitaci\u00f3n completa, en caso de que cuentes con ella, como un espacio dentro de una habitaci\u00f3n que cumpla otra funci\u00f3n, como puede ser el comedor, el sal\u00f3n o el dormitorio. Una vez que hayas elegido la estancia, empieza a decorarla para que sea c\u00f3moda y adecuada.<\/p>\n\n\n\n<h2 class=\"wp-block-heading\"><strong>Vac\u00eda todo lo que haya antes de redecorar<\/strong><\/h2>\n\n\n\n<p>Ahora que ya has elegido ese rinc\u00f3n de trabajo en casa, seguro que antes de convertirse en la oficina cumpl\u00eda otra funci\u00f3n. Por este motivo, es importante vaciar la habitaci\u00f3n o rinc\u00f3n de todo lo que tuviera y empezar a redecorar&nbsp;<strong>con un lienzo en blanco<\/strong>&nbsp;que traer\u00e1 otros beneficios.<\/p>\n\n\n\n<p>Todo lo que no vayas a usar en ese espacio de trabajo y que tampoco quieras conservar en casa, porque no tengas lugar donde guardarlo, lo puedes transportar hasta un trastero externo.&nbsp;<strong>Hay una gran variedad de ellos<\/strong><strong>&nbsp;disponibles en Grupo La Nave<\/strong>&nbsp;para que esta tarea te resulte mucho m\u00e1s sencilla.<\/p>\n\n\n\n<h2 class=\"wp-block-heading\"><strong>Ten en cuenta la iluminaci\u00f3n<\/strong><\/h2>\n\n\n\n<p>Una de las claves a la hora de saber c\u00f3mo hacer una oficina en casa pasa por cuidar la iluminaci\u00f3n. El espacio que hayas elegido ser\u00e1 mucho m\u00e1s eficiente, agradable y c\u00f3modo si cuenta con una&nbsp;<strong>buena cantidad de luz natural.<\/strong><\/p>\n\n\n\n<p>Por eso, uno de los mejores consejos que puedes tener en cuenta es el de que haya al menos&nbsp;<strong>una buena ventana<\/strong>&nbsp;en dicho espacio. Adem\u00e1s, esto se puede complementar con luz artificial que tire hacia los tonos fr\u00edos, con alg\u00fan toque c\u00e1lido, de cara a aumentar la concentraci\u00f3n en su interior.<\/p>\n\n\n\n<h2 class=\"wp-block-heading\"><strong>Usa una buena gama de colores para trabajar<\/strong><\/h2>\n\n\n\n<p>Antes de ponerte a decorar con objetos o muebles dicho espacio o rinc\u00f3n de trabajo, una buena idea es pintarlo y usar para ello colores&nbsp;<strong>que ayuden a la relajaci\u00f3n y la concentraci\u00f3n.<\/strong>&nbsp;Es decir, que sean arm\u00f3nicos.<\/p>\n\n\n\n<p>Ser\u00e1 clave la utilizaci\u00f3n de&nbsp;<strong>una base de colores neutros,<\/strong>&nbsp;como pueden ser los blancos que tiran a c\u00e1lidos o los colores tierra, as\u00ed como tintes de colores en tonos pasteles, como el azul o el verde. Para elegir la paleta, ten en cuenta tambi\u00e9n el resto de colores que est\u00e1n presentes en tu hogar, sobre todo, si no deseas que tan solo una estancia o rinc\u00f3n llame demasiado la atenci\u00f3n. Eso s\u00ed, piensa siempre en tu comodidad.<\/p>\n\n\n\n<h2 class=\"wp-block-heading\"><strong>Emplea muebles ergon\u00f3micos para que resulte c\u00f3moda<\/strong><\/h2>\n\n\n\n<p>Los muebles son unos de los elementos m\u00e1s importantes a la hora de crear ese espacio de trabajo. Con respecto a ellos, lo que primero debes tener en cuenta es la ergonom\u00eda. Recuerda todo el tiempo que pasas sentado en la oficina. Todas estas horas ahora las pasar\u00e1s en casa,&nbsp;<strong>Y lo mejor es hacerlo de forma c\u00f3moda<\/strong>.<\/p>\n\n\n\n<p>En este sentido, elige una silla que se adapte a tus necesidades, cuida la altura de la mesa, siempre teniendo en cuenta para qu\u00e9 la vas a usar (escribir, usar el ordenador, etc.) y&nbsp;<strong>coloca cada cosa de acuerdo a tus movimientos y rutinas<\/strong>&nbsp;diarias para tenerlo siempre todo a mano y no contribuir a la desconcentraci\u00f3n.<\/p>\n\n\n\n<h2 class=\"wp-block-heading\"><strong>Cuida que el espacio est\u00e9 siempre bien organizado<\/strong><\/h2>\n\n\n\n<p>La organizaci\u00f3n ser\u00e1 otra de las grandes claves a la hora de tener un espacio de trabajo&nbsp;<strong>c\u00f3modo y que aumente la productividad.<\/strong>&nbsp;En la actualidad, es muy sencillo el ser organizado si te haces con algunos productos espec\u00edficos.<\/p>\n\n\n\n<p>Puedes usar archivadores para los documentos, cajas o cestas para elementos como los bol\u00edgrafos, etc. Adem\u00e1s, una buena soluci\u00f3n pasa por&nbsp;<strong>contar con tableros o moodboards<\/strong>&nbsp;para potenciar tu creatividad o para usarlos a modo de calendario visual que te ayude cada d\u00eda a saber de primera mano qu\u00e9 tareas son importantes, cu\u00e1les son urgentes y qu\u00e9 otras puedes dejar para otro momento.<\/p>\n\n\n\n<h2 class=\"wp-block-heading\"><strong>A\u00f1ade un toque natural a trav\u00e9s de las plantas<\/strong><\/h2>\n\n\n\n<p>Son cada vez m\u00e1s las oficinas que apuestan por incluir elementos naturales, como las plantas, para potenciar la concentraci\u00f3n de sus empleados. Esto tambi\u00e9n lo puedes hacer t\u00fa por tu cuenta en casa sin ning\u00fan tipo de l\u00edmite y siempre&nbsp;<strong>adapt\u00e1ndote al resto de la decoraci\u00f3n<\/strong>&nbsp;que ya tengas en el hogar.<\/p>\n\n\n\n<p>Si eres fan de las plantas verdes, estas ser\u00e1n tus mejores compa\u00f1eras en tu oficina casera. Si prefieres las flores, tambi\u00e9n podr\u00e1s incluir algunas en tu decoraci\u00f3n. La&nbsp;<strong>clave est\u00e1 en sentirte bien<\/strong>&nbsp;con aquello que elijas y que esto te motive en tu d\u00eda a d\u00eda.<\/p>\n\n\n\n<h2 class=\"wp-block-heading\"><strong>Deja espacio para la relajaci\u00f3n<\/strong><\/h2>\n\n\n\n<p>A pesar de todo, no todo en la vida es trabajo. En largas jornadas tambi\u00e9n debe haber espacio para la relajaci\u00f3n. Por eso, al montar una oficina en tu propia casa, podr\u00e1s crear otro espacio que potencie ese relax. Bastar\u00e1 con tener un&nbsp;<strong>peque\u00f1o rinc\u00f3n para leer o desconectar&nbsp;<\/strong>durante algunos minutos para aumentar tanto la concentraci\u00f3n como la creatividad y la imaginaci\u00f3n.<\/p>\n\n\n\n<p>Estos aspectos pueden ser clave a la hora de ser mucho m\u00e1s productivos en el trabajo. Adem\u00e1s, implementar este espacio se torna cada vez m\u00e1s necesario debido a la gran cantidad de&nbsp;<strong>horas que vas a trabajar solo<\/strong>&nbsp;sin ver a compa\u00f1eros, como puede ocurrir por ejemplo en un entorno de oficina tradicional.<\/p>\n\n\n\n<p>En definitiva, siguiendo estos consejos a la hora de&nbsp;<strong>crear una zona de trabajo en casa,<\/strong>&nbsp;obtendr\u00e1s un rinc\u00f3n espec\u00edfico, bien pensado y, sobre todo, adaptado a tus necesidades para que la jornada laboral se haga mucho menos pesada y&nbsp;<strong>consigas aumentar la productividad y la comodidad.<\/strong><\/p>\n","protected":false},"excerpt":{"rendered":"<p>Crear una&nbsp;zona de trabajo en casa&nbsp;se ha convertido en una necesidad debido al auge del teletrabajo. Tener un espacio espec\u00edfico para ello aumentar\u00e1 tu productividad y aumentar\u00e1 la comodidad. Sin embargo, a pesar de esa necesidad que se ha ido creando con el paso del tiempo, no siempre se conoce bien&nbsp;por d\u00f3nde empezar&nbsp;para que el [&hellip;]<\/p>\n","protected":false},"author":1,"featured_media":304,"comment_status":"open","ping_status":"open","sticky":false,"template":"","format":"standard","meta":{"footnotes":""},"categories":[1],"tags":[],"yoast_head":"<!-- This site is optimized with the Yoast SEO plugin v22.8 - https:\/\/yoast.com\/wordpress\/plugins\/seo\/ -->\n<title>Claves para crear una zona de trabajo en casa que se adapte a tus necesidades - Grupo La Nave<\/title>\n<meta name=\"robots\" content=\"index, follow, max-snippet:-1, max-image-preview:large, max-video-preview:-1\" \/>\n<link rel=\"canonical\" href=\"https:\/\/www.grupolanave.com\/informacion\/claves-para-crear-una-zona-de-trabajo-en-casa-que-se-adapte-a-tus-necesidades\/\" \/>\n<meta property=\"og:locale\" content=\"es_ES\" \/>\n<meta property=\"og:type\" content=\"article\" \/>\n<meta property=\"og:title\" content=\"Claves para crear una zona de trabajo en casa que se adapte a tus necesidades - Grupo La Nave\" \/>\n<meta property=\"og:description\" content=\"Crear una&nbsp;zona de trabajo en casa&nbsp;se ha convertido en una necesidad debido al auge del teletrabajo. Tener un espacio espec\u00edfico para ello aumentar\u00e1 tu productividad y aumentar\u00e1 la comodidad. Sin embargo, a pesar de esa necesidad que se ha ido creando con el paso del tiempo, no siempre se conoce bien&nbsp;por d\u00f3nde empezar&nbsp;para que el [&hellip;]\" \/>\n<meta property=\"og:url\" content=\"https:\/\/www.grupolanave.com\/informacion\/claves-para-crear-una-zona-de-trabajo-en-casa-que-se-adapte-a-tus-necesidades\/\" \/>\n<meta property=\"og:site_name\" content=\"Grupo La Nave\" \/>\n<meta property=\"article:published_time\" content=\"2022-03-28T07:26:44+00:00\" \/>\n<meta property=\"og:image\" content=\"https:\/\/www.grupolanave.com\/informacion\/wp-content\/uploads\/2022\/03\/ona_de_trabajo_en_casa_que_se_adapte_a_tus_necesidades.jpg\" \/>\n\t<meta property=\"og:image:width\" content=\"850\" \/>\n\t<meta property=\"og:image:height\" content=\"567\" \/>\n\t<meta property=\"og:image:type\" content=\"image\/jpeg\" \/>\n<meta name=\"author\" content=\"lanave\" \/>\n<meta name=\"twitter:card\" content=\"summary_large_image\" \/>\n<meta name=\"twitter:label1\" content=\"Escrito por\" \/>\n\t<meta name=\"twitter:data1\" content=\"lanave\" \/>\n\t<meta name=\"twitter:label2\" content=\"Tiempo de lectura\" \/>\n\t<meta name=\"twitter:data2\" content=\"5 minutos\" \/>\n<script type=\"application\/ld+json\" class=\"yoast-schema-graph\">{\"@context\":\"https:\/\/schema.org\",\"@graph\":[{\"@type\":\"Article\",\"@id\":\"https:\/\/www.grupolanave.com\/informacion\/claves-para-crear-una-zona-de-trabajo-en-casa-que-se-adapte-a-tus-necesidades\/#article\",\"isPartOf\":{\"@id\":\"https:\/\/www.grupolanave.com\/informacion\/claves-para-crear-una-zona-de-trabajo-en-casa-que-se-adapte-a-tus-necesidades\/\"},\"author\":{\"name\":\"lanave\",\"@id\":\"https:\/\/www.grupolanave.com\/informacion\/#\/schema\/person\/e5a234affc161cbc11f28a4b305e10c4\"},\"headline\":\"Claves para crear una zona de trabajo en casa que se adapte a tus necesidades\",\"datePublished\":\"2022-03-28T07:26:44+00:00\",\"dateModified\":\"2022-03-28T07:26:44+00:00\",\"mainEntityOfPage\":{\"@id\":\"https:\/\/www.grupolanave.com\/informacion\/claves-para-crear-una-zona-de-trabajo-en-casa-que-se-adapte-a-tus-necesidades\/\"},\"wordCount\":1133,\"commentCount\":0,\"publisher\":{\"@id\":\"https:\/\/www.grupolanave.com\/informacion\/#organization\"},\"image\":{\"@id\":\"https:\/\/www.grupolanave.com\/informacion\/claves-para-crear-una-zona-de-trabajo-en-casa-que-se-adapte-a-tus-necesidades\/#primaryimage\"},\"thumbnailUrl\":\"https:\/\/www.grupolanave.com\/informacion\/wp-content\/uploads\/2022\/03\/ona_de_trabajo_en_casa_que_se_adapte_a_tus_necesidades.jpg\",\"inLanguage\":\"es\",\"potentialAction\":[{\"@type\":\"CommentAction\",\"name\":\"Comment\",\"target\":[\"https:\/\/www.grupolanave.com\/informacion\/claves-para-crear-una-zona-de-trabajo-en-casa-que-se-adapte-a-tus-necesidades\/#respond\"]}]},{\"@type\":\"WebPage\",\"@id\":\"https:\/\/www.grupolanave.com\/informacion\/claves-para-crear-una-zona-de-trabajo-en-casa-que-se-adapte-a-tus-necesidades\/\",\"url\":\"https:\/\/www.grupolanave.com\/informacion\/claves-para-crear-una-zona-de-trabajo-en-casa-que-se-adapte-a-tus-necesidades\/\",\"name\":\"Claves para crear una zona de trabajo en casa que se adapte a tus necesidades - Grupo La Nave\",\"isPartOf\":{\"@id\":\"https:\/\/www.grupolanave.com\/informacion\/#website\"},\"primaryImageOfPage\":{\"@id\":\"https:\/\/www.grupolanave.com\/informacion\/claves-para-crear-una-zona-de-trabajo-en-casa-que-se-adapte-a-tus-necesidades\/#primaryimage\"},\"image\":{\"@id\":\"https:\/\/www.grupolanave.com\/informacion\/claves-para-crear-una-zona-de-trabajo-en-casa-que-se-adapte-a-tus-necesidades\/#primaryimage\"},\"thumbnailUrl\":\"https:\/\/www.grupolanave.com\/informacion\/wp-content\/uploads\/2022\/03\/ona_de_trabajo_en_casa_que_se_adapte_a_tus_necesidades.jpg\",\"datePublished\":\"2022-03-28T07:26:44+00:00\",\"dateModified\":\"2022-03-28T07:26:44+00:00\",\"breadcrumb\":{\"@id\":\"https:\/\/www.grupolanave.com\/informacion\/claves-para-crear-una-zona-de-trabajo-en-casa-que-se-adapte-a-tus-necesidades\/#breadcrumb\"},\"inLanguage\":\"es\",\"potentialAction\":[{\"@type\":\"ReadAction\",\"target\":[\"https:\/\/www.grupolanave.com\/informacion\/claves-para-crear-una-zona-de-trabajo-en-casa-que-se-adapte-a-tus-necesidades\/\"]}]},{\"@type\":\"ImageObject\",\"inLanguage\":\"es\",\"@id\":\"https:\/\/www.grupolanave.com\/informacion\/claves-para-crear-una-zona-de-trabajo-en-casa-que-se-adapte-a-tus-necesidades\/#primaryimage\",\"url\":\"https:\/\/www.grupolanave.com\/informacion\/wp-content\/uploads\/2022\/03\/ona_de_trabajo_en_casa_que_se_adapte_a_tus_necesidades.jpg\",\"contentUrl\":\"https:\/\/www.grupolanave.com\/informacion\/wp-content\/uploads\/2022\/03\/ona_de_trabajo_en_casa_que_se_adapte_a_tus_necesidades.jpg\",\"width\":850,\"height\":567},{\"@type\":\"BreadcrumbList\",\"@id\":\"https:\/\/www.grupolanave.com\/informacion\/claves-para-crear-una-zona-de-trabajo-en-casa-que-se-adapte-a-tus-necesidades\/#breadcrumb\",\"itemListElement\":[{\"@type\":\"ListItem\",\"position\":1,\"name\":\"Portada\",\"item\":\"https:\/\/www.grupolanave.com\/informacion\/\"},{\"@type\":\"ListItem\",\"position\":2,\"name\":\"Claves para crear una zona de trabajo en casa que se adapte a tus necesidades\"}]},{\"@type\":\"WebSite\",\"@id\":\"https:\/\/www.grupolanave.com\/informacion\/#website\",\"url\":\"https:\/\/www.grupolanave.com\/informacion\/\",\"name\":\"Grupo La Nave\",\"description\":\"Alquiler de trasteros y minialmacenes\",\"publisher\":{\"@id\":\"https:\/\/www.grupolanave.com\/informacion\/#organization\"},\"potentialAction\":[{\"@type\":\"SearchAction\",\"target\":{\"@type\":\"EntryPoint\",\"urlTemplate\":\"https:\/\/www.grupolanave.com\/informacion\/?s={search_term_string}\"},\"query-input\":\"required name=search_term_string\"}],\"inLanguage\":\"es\"},{\"@type\":\"Organization\",\"@id\":\"https:\/\/www.grupolanave.com\/informacion\/#organization\",\"name\":\"Grupo La Nave\",\"url\":\"https:\/\/www.grupolanave.com\/informacion\/\",\"logo\":{\"@type\":\"ImageObject\",\"inLanguage\":\"es\",\"@id\":\"https:\/\/www.grupolanave.com\/informacion\/#\/schema\/logo\/image\/\",\"url\":\"https:\/\/www.grupolanave.com\/informacion\/wp-content\/uploads\/2021\/04\/cropped-logo-trasteros.png\",\"contentUrl\":\"https:\/\/www.grupolanave.com\/informacion\/wp-content\/uploads\/2021\/04\/cropped-logo-trasteros.png\",\"width\":291,\"height\":85,\"caption\":\"Grupo La Nave\"},\"image\":{\"@id\":\"https:\/\/www.grupolanave.com\/informacion\/#\/schema\/logo\/image\/\"}},{\"@type\":\"Person\",\"@id\":\"https:\/\/www.grupolanave.com\/informacion\/#\/schema\/person\/e5a234affc161cbc11f28a4b305e10c4\",\"name\":\"lanave\",\"image\":{\"@type\":\"ImageObject\",\"inLanguage\":\"es\",\"@id\":\"https:\/\/www.grupolanave.com\/informacion\/#\/schema\/person\/image\/\",\"url\":\"https:\/\/secure.gravatar.com\/avatar\/4149137097ddd89bf75c953b3f2ed1e1?s=96&d=mm&r=g\",\"contentUrl\":\"https:\/\/secure.gravatar.com\/avatar\/4149137097ddd89bf75c953b3f2ed1e1?s=96&d=mm&r=g\",\"caption\":\"lanave\"},\"sameAs\":[\"https:\/\/www.grupolanave.com\/informacion\"],\"url\":\"https:\/\/www.grupolanave.com\/informacion\/author\/lanave\/\"}]}<\/script>\n<!-- \/ Yoast SEO plugin. -->","yoast_head_json":{"title":"Claves para crear una zona de trabajo en casa que se adapte a tus necesidades - Grupo La Nave","robots":{"index":"index","follow":"follow","max-snippet":"max-snippet:-1","max-image-preview":"max-image-preview:large","max-video-preview":"max-video-preview:-1"},"canonical":"https:\/\/www.grupolanave.com\/informacion\/claves-para-crear-una-zona-de-trabajo-en-casa-que-se-adapte-a-tus-necesidades\/","og_locale":"es_ES","og_type":"article","og_title":"Claves para crear una zona de trabajo en casa que se adapte a tus necesidades - Grupo La Nave","og_description":"Crear una&nbsp;zona de trabajo en casa&nbsp;se ha convertido en una necesidad debido al auge del teletrabajo. Tener un espacio espec\u00edfico para ello aumentar\u00e1 tu productividad y aumentar\u00e1 la comodidad. Sin embargo, a pesar de esa necesidad que se ha ido creando con el paso del tiempo, no siempre se conoce bien&nbsp;por d\u00f3nde empezar&nbsp;para que el [&hellip;]","og_url":"https:\/\/www.grupolanave.com\/informacion\/claves-para-crear-una-zona-de-trabajo-en-casa-que-se-adapte-a-tus-necesidades\/","og_site_name":"Grupo La Nave","article_published_time":"2022-03-28T07:26:44+00:00","og_image":[{"width":850,"height":567,"url":"https:\/\/www.grupolanave.com\/informacion\/wp-content\/uploads\/2022\/03\/ona_de_trabajo_en_casa_que_se_adapte_a_tus_necesidades.jpg","type":"image\/jpeg"}],"author":"lanave","twitter_card":"summary_large_image","twitter_misc":{"Escrito por":"lanave","Tiempo de lectura":"5 minutos"},"schema":{"@context":"https:\/\/schema.org","@graph":[{"@type":"Article","@id":"https:\/\/www.grupolanave.com\/informacion\/claves-para-crear-una-zona-de-trabajo-en-casa-que-se-adapte-a-tus-necesidades\/#article","isPartOf":{"@id":"https:\/\/www.grupolanave.com\/informacion\/claves-para-crear-una-zona-de-trabajo-en-casa-que-se-adapte-a-tus-necesidades\/"},"author":{"name":"lanave","@id":"https:\/\/www.grupolanave.com\/informacion\/#\/schema\/person\/e5a234affc161cbc11f28a4b305e10c4"},"headline":"Claves para crear una zona de trabajo en casa que se adapte a tus necesidades","datePublished":"2022-03-28T07:26:44+00:00","dateModified":"2022-03-28T07:26:44+00:00","mainEntityOfPage":{"@id":"https:\/\/www.grupolanave.com\/informacion\/claves-para-crear-una-zona-de-trabajo-en-casa-que-se-adapte-a-tus-necesidades\/"},"wordCount":1133,"commentCount":0,"publisher":{"@id":"https:\/\/www.grupolanave.com\/informacion\/#organization"},"image":{"@id":"https:\/\/www.grupolanave.com\/informacion\/claves-para-crear-una-zona-de-trabajo-en-casa-que-se-adapte-a-tus-necesidades\/#primaryimage"},"thumbnailUrl":"https:\/\/www.grupolanave.com\/informacion\/wp-content\/uploads\/2022\/03\/ona_de_trabajo_en_casa_que_se_adapte_a_tus_necesidades.jpg","inLanguage":"es","potentialAction":[{"@type":"CommentAction","name":"Comment","target":["https:\/\/www.grupolanave.com\/informacion\/claves-para-crear-una-zona-de-trabajo-en-casa-que-se-adapte-a-tus-necesidades\/#respond"]}]},{"@type":"WebPage","@id":"https:\/\/www.grupolanave.com\/informacion\/claves-para-crear-una-zona-de-trabajo-en-casa-que-se-adapte-a-tus-necesidades\/","url":"https:\/\/www.grupolanave.com\/informacion\/claves-para-crear-una-zona-de-trabajo-en-casa-que-se-adapte-a-tus-necesidades\/","name":"Claves para crear una zona de trabajo en casa que se adapte a tus necesidades - Grupo La Nave","isPartOf":{"@id":"https:\/\/www.grupolanave.com\/informacion\/#website"},"primaryImageOfPage":{"@id":"https:\/\/www.grupolanave.com\/informacion\/claves-para-crear-una-zona-de-trabajo-en-casa-que-se-adapte-a-tus-necesidades\/#primaryimage"},"image":{"@id":"https:\/\/www.grupolanave.com\/informacion\/claves-para-crear-una-zona-de-trabajo-en-casa-que-se-adapte-a-tus-necesidades\/#primaryimage"},"thumbnailUrl":"https:\/\/www.grupolanave.com\/informacion\/wp-content\/uploads\/2022\/03\/ona_de_trabajo_en_casa_que_se_adapte_a_tus_necesidades.jpg","datePublished":"2022-03-28T07:26:44+00:00","dateModified":"2022-03-28T07:26:44+00:00","breadcrumb":{"@id":"https:\/\/www.grupolanave.com\/informacion\/claves-para-crear-una-zona-de-trabajo-en-casa-que-se-adapte-a-tus-necesidades\/#breadcrumb"},"inLanguage":"es","potentialAction":[{"@type":"ReadAction","target":["https:\/\/www.grupolanave.com\/informacion\/claves-para-crear-una-zona-de-trabajo-en-casa-que-se-adapte-a-tus-necesidades\/"]}]},{"@type":"ImageObject","inLanguage":"es","@id":"https:\/\/www.grupolanave.com\/informacion\/claves-para-crear-una-zona-de-trabajo-en-casa-que-se-adapte-a-tus-necesidades\/#primaryimage","url":"https:\/\/www.grupolanave.com\/informacion\/wp-content\/uploads\/2022\/03\/ona_de_trabajo_en_casa_que_se_adapte_a_tus_necesidades.jpg","contentUrl":"https:\/\/www.grupolanave.com\/informacion\/wp-content\/uploads\/2022\/03\/ona_de_trabajo_en_casa_que_se_adapte_a_tus_necesidades.jpg","width":850,"height":567},{"@type":"BreadcrumbList","@id":"https:\/\/www.grupolanave.com\/informacion\/claves-para-crear-una-zona-de-trabajo-en-casa-que-se-adapte-a-tus-necesidades\/#breadcrumb","itemListElement":[{"@type":"ListItem","position":1,"name":"Portada","item":"https:\/\/www.grupolanave.com\/informacion\/"},{"@type":"ListItem","position":2,"name":"Claves para crear una zona de trabajo en casa que se adapte a tus necesidades"}]},{"@type":"WebSite","@id":"https:\/\/www.grupolanave.com\/informacion\/#website","url":"https:\/\/www.grupolanave.com\/informacion\/","name":"Grupo La Nave","description":"Alquiler de trasteros y minialmacenes","publisher":{"@id":"https:\/\/www.grupolanave.com\/informacion\/#organization"},"potentialAction":[{"@type":"SearchAction","target":{"@type":"EntryPoint","urlTemplate":"https:\/\/www.grupolanave.com\/informacion\/?s={search_term_string}"},"query-input":"required name=search_term_string"}],"inLanguage":"es"},{"@type":"Organization","@id":"https:\/\/www.grupolanave.com\/informacion\/#organization","name":"Grupo La Nave","url":"https:\/\/www.grupolanave.com\/informacion\/","logo":{"@type":"ImageObject","inLanguage":"es","@id":"https:\/\/www.grupolanave.com\/informacion\/#\/schema\/logo\/image\/","url":"https:\/\/www.grupolanave.com\/informacion\/wp-content\/uploads\/2021\/04\/cropped-logo-trasteros.png","contentUrl":"https:\/\/www.grupolanave.com\/informacion\/wp-content\/uploads\/2021\/04\/cropped-logo-trasteros.png","width":291,"height":85,"caption":"Grupo La Nave"},"image":{"@id":"https:\/\/www.grupolanave.com\/informacion\/#\/schema\/logo\/image\/"}},{"@type":"Person","@id":"https:\/\/www.grupolanave.com\/informacion\/#\/schema\/person\/e5a234affc161cbc11f28a4b305e10c4","name":"lanave","image":{"@type":"ImageObject","inLanguage":"es","@id":"https:\/\/www.grupolanave.com\/informacion\/#\/schema\/person\/image\/","url":"https:\/\/secure.gravatar.com\/avatar\/4149137097ddd89bf75c953b3f2ed1e1?s=96&d=mm&r=g","contentUrl":"https:\/\/secure.gravatar.com\/avatar\/4149137097ddd89bf75c953b3f2ed1e1?s=96&d=mm&r=g","caption":"lanave"},"sameAs":["https:\/\/www.grupolanave.com\/informacion"],"url":"https:\/\/www.grupolanave.com\/informacion\/author\/lanave\/"}]}},"_links":{"self":[{"href":"https:\/\/www.grupolanave.com\/informacion\/wp-json\/wp\/v2\/posts\/303"}],"collection":[{"href":"https:\/\/www.grupolanave.com\/informacion\/wp-json\/wp\/v2\/posts"}],"about":[{"href":"https:\/\/www.grupolanave.com\/informacion\/wp-json\/wp\/v2\/types\/post"}],"author":[{"embeddable":true,"href":"https:\/\/www.grupolanave.com\/informacion\/wp-json\/wp\/v2\/users\/1"}],"replies":[{"embeddable":true,"href":"https:\/\/www.grupolanave.com\/informacion\/wp-json\/wp\/v2\/comments?post=303"}],"version-history":[{"count":1,"href":"https:\/\/www.grupolanave.com\/informacion\/wp-json\/wp\/v2\/posts\/303\/revisions"}],"predecessor-version":[{"id":305,"href":"https:\/\/www.grupolanave.com\/informacion\/wp-json\/wp\/v2\/posts\/303\/revisions\/305"}],"wp:featuredmedia":[{"embeddable":true,"href":"https:\/\/www.grupolanave.com\/informacion\/wp-json\/wp\/v2\/media\/304"}],"wp:attachment":[{"href":"https:\/\/www.grupolanave.com\/informacion\/wp-json\/wp\/v2\/media?parent=303"}],"wp:term":[{"taxonomy":"category","embeddable":true,"href":"https:\/\/www.grupolanave.com\/informacion\/wp-json\/wp\/v2\/categories?post=303"},{"taxonomy":"post_tag","embeddable":true,"href":"https:\/\/www.grupolanave.com\/informacion\/wp-json\/wp\/v2\/tags?post=303"}],"curies":[{"name":"wp","href":"https:\/\/api.w.org\/{rel}","templated":true}]}}