{"id":315,"date":"2022-05-11T08:59:21","date_gmt":"2022-05-11T08:59:21","guid":{"rendered":"https:\/\/www.grupolanave.com\/informacion\/?p=315"},"modified":"2022-05-11T09:01:42","modified_gmt":"2022-05-11T09:01:42","slug":"donde-guardar-la-escalera-de-mano-y-otros-utensilios-despues-de-una-reforma","status":"publish","type":"post","link":"https:\/\/www.grupolanave.com\/informacion\/donde-guardar-la-escalera-de-mano-y-otros-utensilios-despues-de-una-reforma\/","title":{"rendered":"D\u00f3nde guardar la escalera de mano y otros utensilios despu\u00e9s de una reforma"},"content":{"rendered":"\n<p>Si te has encontrado con el dilema de hacer una reforma en casa y despu\u00e9s has tenido que pensar&nbsp;<strong>d\u00f3nde guardar la escalera de mano<\/strong>, as\u00ed como otros utensilios necesarios, es m\u00e1s sencillo de lo que parece.<\/p>\n\n\n\n<p>Tanto los accesorios de gran tama\u00f1o como los peque\u00f1os deben almacenarse de la mejor forma de cara a que&nbsp;<strong>puedan usarse en pr\u00f3ximas ocasiones.<\/strong>&nbsp;Para ello, puedes utilizar espacio de tu hogar u optar por otros m\u00e9todos igual de v\u00e1lidos.<\/p>\n\n\n\n<h2 class=\"wp-block-heading\">Claves para limpiar y almacenar correctamente tus brochas y rodillos<\/h2>\n\n\n\n<p>Antes de almacenar cualquier objeto, unos de los m\u00e1s complicados son las brochas y rodillos de pintura, pues primero&nbsp;<strong>hay que limpiarlos<\/strong>&nbsp;a conciencia.<\/p>\n\n\n\n<h3 class=\"wp-block-heading\">Lo primero, usa agua o aguarr\u00e1s<\/h3>\n\n\n\n<p>Para conocer c\u00f3mo limpiar brochas y rodillos de pintura, la primera soluci\u00f3n pasa por introducirlos en agua o aguarr\u00e1s de cara a&nbsp;<strong>deshacerse de todos los restos<\/strong>&nbsp;que existan en los mismos.&nbsp;<\/p>\n\n\n\n<p>Si es pintura en&nbsp;<strong>esmalte<\/strong>, usa aguarr\u00e1s, disolvente universal o trementina. En caso de emplear&nbsp;<strong>pintura al agua<\/strong>, bastar\u00e1 con un poco de agua para que queden como nuevas.<\/p>\n\n\n\n<h3 class=\"wp-block-heading\">Lava con jab\u00f3n y aclara<\/h3>\n\n\n\n<p>Tanto si has usado agua como aguarr\u00e1s o cualquier otro componente, el siguiente paso es lavar todo bien y a conciencia usando&nbsp;<strong>agua y jab\u00f3n o detergente<\/strong>, para quitar los restos de los productos anteriores.<\/p>\n\n\n\n<p>Aclara bien y deja secar antes de&nbsp;<strong>proceder a guardar tus utensilios<\/strong>&nbsp;para poder usarlos como si estuvieran nuevos la pr\u00f3xima vez.<\/p>\n\n\n\n<h3 class=\"wp-block-heading\">C\u00f3mo guardar las brochas de pintura y rodillos<\/h3>\n\n\n\n<p>Una vez limpios, puedes proceder a guardarlos. Para hacerlo,&nbsp;<strong>envu\u00e9lvelos en papel<\/strong>&nbsp;para absorber cualquier posible resto de humedad y, despu\u00e9s, almac\u00e9nalos en un lugar fresco y seco siempre que sea posible.<\/p>\n\n\n\n<h2 class=\"wp-block-heading\">D\u00f3nde guardar los utensilios despu\u00e9s de una reforma<\/h2>\n\n\n\n<p>A pesar de que los utensilios peque\u00f1os pueden ser m\u00e1s sencillos de almacenar, durante una reforma, tambi\u00e9n se utilizan&nbsp;<strong>otros de mayor tama\u00f1o,<\/strong>&nbsp;como puede ser la escalera de mano.<\/p>\n\n\n\n<h3 class=\"wp-block-heading\">Guarda tu escalera de mano en casa<\/h3>\n\n\n\n<p>De cara a guardar utensilios como la escalera de mano, ser\u00e1 ideal hacerlo en un&nbsp;<strong>armario de buen tama\u00f1o<\/strong>&nbsp;en la cocina o en la terraza. Ten en cuenta que lo mejor es hacerlo de forma horizontal y no en vertical.<\/p>\n\n\n\n<h3 class=\"wp-block-heading\">\u00dasala a la vista si no tienes espacio<\/h3>\n\n\n\n<p>En el caso de que tu hogar sea demasiado peque\u00f1o, tambi\u00e9n puedes hacer uso de la escalera dej\u00e1ndola a la vista como elemento decorativo. L\u00edmpiala y col\u00f3cala&nbsp;<strong>poniendo plantas por encima<\/strong>&nbsp;o utiliz\u00e1ndola como mesa auxiliar.<\/p>\n\n\n\n<h3 class=\"wp-block-heading\">Haz uso de un trastero<\/h3>\n\n\n\n<p>Si prefieres tenerlo todo en un mismo lugar sin necesidad de usar el espacio de tu hogar, una de las mejores ideas es hacer uso de un trastero de alquiler,&nbsp;<strong>como los disponibles en Grupo La Nave<\/strong><em>.<\/em>&nbsp;De este modo, conseguir\u00e1s ese lugar limpio, seco y fresco donde almacenar todos tus utensilios hasta la pr\u00f3xima vez.<\/p>\n\n\n\n<p>Ahora que ya sabes&nbsp;<strong>d\u00f3nde guardar la escalera de mano<\/strong>, as\u00ed como otros productos tras una reforma, no hay excusa para no ponerte manos a la obra y conseguir el hogar que siempre has so\u00f1ado.<\/p>\n","protected":false},"excerpt":{"rendered":"<p>Si te has encontrado con el dilema de hacer una reforma en casa y despu\u00e9s has tenido que pensar&nbsp;d\u00f3nde guardar la escalera de mano, as\u00ed como otros utensilios necesarios, es m\u00e1s sencillo de lo que parece. Tanto los accesorios de gran tama\u00f1o como los peque\u00f1os deben almacenarse de la mejor forma de cara a que&nbsp;puedan [&hellip;]<\/p>\n","protected":false},"author":1,"featured_media":316,"comment_status":"open","ping_status":"open","sticky":false,"template":"","format":"standard","meta":{"footnotes":""},"categories":[1],"tags":[],"yoast_head":"<!-- This site is optimized with the Yoast SEO plugin v22.8 - https:\/\/yoast.com\/wordpress\/plugins\/seo\/ -->\n<title>D\u00f3nde guardar la escalera de mano y otros utensilios despu\u00e9s de una reforma - Grupo La Nave<\/title>\n<meta name=\"robots\" content=\"index, follow, max-snippet:-1, max-image-preview:large, max-video-preview:-1\" \/>\n<link rel=\"canonical\" href=\"https:\/\/www.grupolanave.com\/informacion\/donde-guardar-la-escalera-de-mano-y-otros-utensilios-despues-de-una-reforma\/\" \/>\n<meta property=\"og:locale\" content=\"es_ES\" \/>\n<meta property=\"og:type\" content=\"article\" \/>\n<meta property=\"og:title\" content=\"D\u00f3nde guardar la escalera de mano y otros utensilios despu\u00e9s de una reforma - Grupo La Nave\" \/>\n<meta property=\"og:description\" content=\"Si te has encontrado con el dilema de hacer una reforma en casa y despu\u00e9s has tenido que pensar&nbsp;d\u00f3nde guardar la escalera de mano, as\u00ed como otros utensilios necesarios, es m\u00e1s sencillo de lo que parece. Tanto los accesorios de gran tama\u00f1o como los peque\u00f1os deben almacenarse de la mejor forma de cara a que&nbsp;puedan [&hellip;]\" \/>\n<meta property=\"og:url\" content=\"https:\/\/www.grupolanave.com\/informacion\/donde-guardar-la-escalera-de-mano-y-otros-utensilios-despues-de-una-reforma\/\" \/>\n<meta property=\"og:site_name\" content=\"Grupo La Nave\" \/>\n<meta property=\"article:published_time\" content=\"2022-05-11T08:59:21+00:00\" \/>\n<meta property=\"article:modified_time\" content=\"2022-05-11T09:01:42+00:00\" \/>\n<meta property=\"og:image\" content=\"https:\/\/www.grupolanave.com\/informacion\/wp-content\/uploads\/2022\/05\/utensilios_despues_de_una_reforma.jpg\" \/>\n\t<meta property=\"og:image:width\" content=\"850\" \/>\n\t<meta property=\"og:image:height\" content=\"567\" \/>\n\t<meta property=\"og:image:type\" content=\"image\/jpeg\" \/>\n<meta name=\"author\" content=\"lanave\" \/>\n<meta name=\"twitter:card\" content=\"summary_large_image\" \/>\n<meta name=\"twitter:label1\" content=\"Escrito por\" \/>\n\t<meta name=\"twitter:data1\" content=\"lanave\" \/>\n\t<meta name=\"twitter:label2\" content=\"Tiempo de lectura\" \/>\n\t<meta name=\"twitter:data2\" content=\"3 minutos\" \/>\n<script type=\"application\/ld+json\" class=\"yoast-schema-graph\">{\"@context\":\"https:\/\/schema.org\",\"@graph\":[{\"@type\":\"Article\",\"@id\":\"https:\/\/www.grupolanave.com\/informacion\/donde-guardar-la-escalera-de-mano-y-otros-utensilios-despues-de-una-reforma\/#article\",\"isPartOf\":{\"@id\":\"https:\/\/www.grupolanave.com\/informacion\/donde-guardar-la-escalera-de-mano-y-otros-utensilios-despues-de-una-reforma\/\"},\"author\":{\"name\":\"lanave\",\"@id\":\"https:\/\/www.grupolanave.com\/informacion\/#\/schema\/person\/e5a234affc161cbc11f28a4b305e10c4\"},\"headline\":\"D\u00f3nde guardar la escalera de mano y otros utensilios despu\u00e9s de una reforma\",\"datePublished\":\"2022-05-11T08:59:21+00:00\",\"dateModified\":\"2022-05-11T09:01:42+00:00\",\"mainEntityOfPage\":{\"@id\":\"https:\/\/www.grupolanave.com\/informacion\/donde-guardar-la-escalera-de-mano-y-otros-utensilios-despues-de-una-reforma\/\"},\"wordCount\":584,\"commentCount\":0,\"publisher\":{\"@id\":\"https:\/\/www.grupolanave.com\/informacion\/#organization\"},\"image\":{\"@id\":\"https:\/\/www.grupolanave.com\/informacion\/donde-guardar-la-escalera-de-mano-y-otros-utensilios-despues-de-una-reforma\/#primaryimage\"},\"thumbnailUrl\":\"https:\/\/www.grupolanave.com\/informacion\/wp-content\/uploads\/2022\/05\/utensilios_despues_de_una_reforma.jpg\",\"inLanguage\":\"es\",\"potentialAction\":[{\"@type\":\"CommentAction\",\"name\":\"Comment\",\"target\":[\"https:\/\/www.grupolanave.com\/informacion\/donde-guardar-la-escalera-de-mano-y-otros-utensilios-despues-de-una-reforma\/#respond\"]}]},{\"@type\":\"WebPage\",\"@id\":\"https:\/\/www.grupolanave.com\/informacion\/donde-guardar-la-escalera-de-mano-y-otros-utensilios-despues-de-una-reforma\/\",\"url\":\"https:\/\/www.grupolanave.com\/informacion\/donde-guardar-la-escalera-de-mano-y-otros-utensilios-despues-de-una-reforma\/\",\"name\":\"D\u00f3nde guardar la escalera de mano y otros utensilios despu\u00e9s de una reforma - Grupo La Nave\",\"isPartOf\":{\"@id\":\"https:\/\/www.grupolanave.com\/informacion\/#website\"},\"primaryImageOfPage\":{\"@id\":\"https:\/\/www.grupolanave.com\/informacion\/donde-guardar-la-escalera-de-mano-y-otros-utensilios-despues-de-una-reforma\/#primaryimage\"},\"image\":{\"@id\":\"https:\/\/www.grupolanave.com\/informacion\/donde-guardar-la-escalera-de-mano-y-otros-utensilios-despues-de-una-reforma\/#primaryimage\"},\"thumbnailUrl\":\"https:\/\/www.grupolanave.com\/informacion\/wp-content\/uploads\/2022\/05\/utensilios_despues_de_una_reforma.jpg\",\"datePublished\":\"2022-05-11T08:59:21+00:00\",\"dateModified\":\"2022-05-11T09:01:42+00:00\",\"breadcrumb\":{\"@id\":\"https:\/\/www.grupolanave.com\/informacion\/donde-guardar-la-escalera-de-mano-y-otros-utensilios-despues-de-una-reforma\/#breadcrumb\"},\"inLanguage\":\"es\",\"potentialAction\":[{\"@type\":\"ReadAction\",\"target\":[\"https:\/\/www.grupolanave.com\/informacion\/donde-guardar-la-escalera-de-mano-y-otros-utensilios-despues-de-una-reforma\/\"]}]},{\"@type\":\"ImageObject\",\"inLanguage\":\"es\",\"@id\":\"https:\/\/www.grupolanave.com\/informacion\/donde-guardar-la-escalera-de-mano-y-otros-utensilios-despues-de-una-reforma\/#primaryimage\",\"url\":\"https:\/\/www.grupolanave.com\/informacion\/wp-content\/uploads\/2022\/05\/utensilios_despues_de_una_reforma.jpg\",\"contentUrl\":\"https:\/\/www.grupolanave.com\/informacion\/wp-content\/uploads\/2022\/05\/utensilios_despues_de_una_reforma.jpg\",\"width\":850,\"height\":567},{\"@type\":\"BreadcrumbList\",\"@id\":\"https:\/\/www.grupolanave.com\/informacion\/donde-guardar-la-escalera-de-mano-y-otros-utensilios-despues-de-una-reforma\/#breadcrumb\",\"itemListElement\":[{\"@type\":\"ListItem\",\"position\":1,\"name\":\"Portada\",\"item\":\"https:\/\/www.grupolanave.com\/informacion\/\"},{\"@type\":\"ListItem\",\"position\":2,\"name\":\"D\u00f3nde guardar la escalera de mano y otros utensilios despu\u00e9s de una reforma\"}]},{\"@type\":\"WebSite\",\"@id\":\"https:\/\/www.grupolanave.com\/informacion\/#website\",\"url\":\"https:\/\/www.grupolanave.com\/informacion\/\",\"name\":\"Grupo La Nave\",\"description\":\"Alquiler de trasteros y minialmacenes\",\"publisher\":{\"@id\":\"https:\/\/www.grupolanave.com\/informacion\/#organization\"},\"potentialAction\":[{\"@type\":\"SearchAction\",\"target\":{\"@type\":\"EntryPoint\",\"urlTemplate\":\"https:\/\/www.grupolanave.com\/informacion\/?s={search_term_string}\"},\"query-input\":\"required name=search_term_string\"}],\"inLanguage\":\"es\"},{\"@type\":\"Organization\",\"@id\":\"https:\/\/www.grupolanave.com\/informacion\/#organization\",\"name\":\"Grupo La Nave\",\"url\":\"https:\/\/www.grupolanave.com\/informacion\/\",\"logo\":{\"@type\":\"ImageObject\",\"inLanguage\":\"es\",\"@id\":\"https:\/\/www.grupolanave.com\/informacion\/#\/schema\/logo\/image\/\",\"url\":\"https:\/\/www.grupolanave.com\/informacion\/wp-content\/uploads\/2021\/04\/cropped-logo-trasteros.png\",\"contentUrl\":\"https:\/\/www.grupolanave.com\/informacion\/wp-content\/uploads\/2021\/04\/cropped-logo-trasteros.png\",\"width\":291,\"height\":85,\"caption\":\"Grupo La Nave\"},\"image\":{\"@id\":\"https:\/\/www.grupolanave.com\/informacion\/#\/schema\/logo\/image\/\"}},{\"@type\":\"Person\",\"@id\":\"https:\/\/www.grupolanave.com\/informacion\/#\/schema\/person\/e5a234affc161cbc11f28a4b305e10c4\",\"name\":\"lanave\",\"image\":{\"@type\":\"ImageObject\",\"inLanguage\":\"es\",\"@id\":\"https:\/\/www.grupolanave.com\/informacion\/#\/schema\/person\/image\/\",\"url\":\"https:\/\/secure.gravatar.com\/avatar\/4149137097ddd89bf75c953b3f2ed1e1?s=96&d=mm&r=g\",\"contentUrl\":\"https:\/\/secure.gravatar.com\/avatar\/4149137097ddd89bf75c953b3f2ed1e1?s=96&d=mm&r=g\",\"caption\":\"lanave\"},\"sameAs\":[\"https:\/\/www.grupolanave.com\/informacion\"],\"url\":\"https:\/\/www.grupolanave.com\/informacion\/author\/lanave\/\"}]}<\/script>\n<!-- \/ Yoast SEO plugin. -->","yoast_head_json":{"title":"D\u00f3nde guardar la escalera de mano y otros utensilios despu\u00e9s de una reforma - Grupo La Nave","robots":{"index":"index","follow":"follow","max-snippet":"max-snippet:-1","max-image-preview":"max-image-preview:large","max-video-preview":"max-video-preview:-1"},"canonical":"https:\/\/www.grupolanave.com\/informacion\/donde-guardar-la-escalera-de-mano-y-otros-utensilios-despues-de-una-reforma\/","og_locale":"es_ES","og_type":"article","og_title":"D\u00f3nde guardar la escalera de mano y otros utensilios despu\u00e9s de una reforma - Grupo La Nave","og_description":"Si te has encontrado con el dilema de hacer una reforma en casa y despu\u00e9s has tenido que pensar&nbsp;d\u00f3nde guardar la escalera de mano, as\u00ed como otros utensilios necesarios, es m\u00e1s sencillo de lo que parece. Tanto los accesorios de gran tama\u00f1o como los peque\u00f1os deben almacenarse de la mejor forma de cara a que&nbsp;puedan [&hellip;]","og_url":"https:\/\/www.grupolanave.com\/informacion\/donde-guardar-la-escalera-de-mano-y-otros-utensilios-despues-de-una-reforma\/","og_site_name":"Grupo La Nave","article_published_time":"2022-05-11T08:59:21+00:00","article_modified_time":"2022-05-11T09:01:42+00:00","og_image":[{"width":850,"height":567,"url":"https:\/\/www.grupolanave.com\/informacion\/wp-content\/uploads\/2022\/05\/utensilios_despues_de_una_reforma.jpg","type":"image\/jpeg"}],"author":"lanave","twitter_card":"summary_large_image","twitter_misc":{"Escrito por":"lanave","Tiempo de lectura":"3 minutos"},"schema":{"@context":"https:\/\/schema.org","@graph":[{"@type":"Article","@id":"https:\/\/www.grupolanave.com\/informacion\/donde-guardar-la-escalera-de-mano-y-otros-utensilios-despues-de-una-reforma\/#article","isPartOf":{"@id":"https:\/\/www.grupolanave.com\/informacion\/donde-guardar-la-escalera-de-mano-y-otros-utensilios-despues-de-una-reforma\/"},"author":{"name":"lanave","@id":"https:\/\/www.grupolanave.com\/informacion\/#\/schema\/person\/e5a234affc161cbc11f28a4b305e10c4"},"headline":"D\u00f3nde guardar la escalera de mano y otros utensilios despu\u00e9s de una reforma","datePublished":"2022-05-11T08:59:21+00:00","dateModified":"2022-05-11T09:01:42+00:00","mainEntityOfPage":{"@id":"https:\/\/www.grupolanave.com\/informacion\/donde-guardar-la-escalera-de-mano-y-otros-utensilios-despues-de-una-reforma\/"},"wordCount":584,"commentCount":0,"publisher":{"@id":"https:\/\/www.grupolanave.com\/informacion\/#organization"},"image":{"@id":"https:\/\/www.grupolanave.com\/informacion\/donde-guardar-la-escalera-de-mano-y-otros-utensilios-despues-de-una-reforma\/#primaryimage"},"thumbnailUrl":"https:\/\/www.grupolanave.com\/informacion\/wp-content\/uploads\/2022\/05\/utensilios_despues_de_una_reforma.jpg","inLanguage":"es","potentialAction":[{"@type":"CommentAction","name":"Comment","target":["https:\/\/www.grupolanave.com\/informacion\/donde-guardar-la-escalera-de-mano-y-otros-utensilios-despues-de-una-reforma\/#respond"]}]},{"@type":"WebPage","@id":"https:\/\/www.grupolanave.com\/informacion\/donde-guardar-la-escalera-de-mano-y-otros-utensilios-despues-de-una-reforma\/","url":"https:\/\/www.grupolanave.com\/informacion\/donde-guardar-la-escalera-de-mano-y-otros-utensilios-despues-de-una-reforma\/","name":"D\u00f3nde guardar la escalera de mano y otros utensilios despu\u00e9s de una reforma - Grupo La Nave","isPartOf":{"@id":"https:\/\/www.grupolanave.com\/informacion\/#website"},"primaryImageOfPage":{"@id":"https:\/\/www.grupolanave.com\/informacion\/donde-guardar-la-escalera-de-mano-y-otros-utensilios-despues-de-una-reforma\/#primaryimage"},"image":{"@id":"https:\/\/www.grupolanave.com\/informacion\/donde-guardar-la-escalera-de-mano-y-otros-utensilios-despues-de-una-reforma\/#primaryimage"},"thumbnailUrl":"https:\/\/www.grupolanave.com\/informacion\/wp-content\/uploads\/2022\/05\/utensilios_despues_de_una_reforma.jpg","datePublished":"2022-05-11T08:59:21+00:00","dateModified":"2022-05-11T09:01:42+00:00","breadcrumb":{"@id":"https:\/\/www.grupolanave.com\/informacion\/donde-guardar-la-escalera-de-mano-y-otros-utensilios-despues-de-una-reforma\/#breadcrumb"},"inLanguage":"es","potentialAction":[{"@type":"ReadAction","target":["https:\/\/www.grupolanave.com\/informacion\/donde-guardar-la-escalera-de-mano-y-otros-utensilios-despues-de-una-reforma\/"]}]},{"@type":"ImageObject","inLanguage":"es","@id":"https:\/\/www.grupolanave.com\/informacion\/donde-guardar-la-escalera-de-mano-y-otros-utensilios-despues-de-una-reforma\/#primaryimage","url":"https:\/\/www.grupolanave.com\/informacion\/wp-content\/uploads\/2022\/05\/utensilios_despues_de_una_reforma.jpg","contentUrl":"https:\/\/www.grupolanave.com\/informacion\/wp-content\/uploads\/2022\/05\/utensilios_despues_de_una_reforma.jpg","width":850,"height":567},{"@type":"BreadcrumbList","@id":"https:\/\/www.grupolanave.com\/informacion\/donde-guardar-la-escalera-de-mano-y-otros-utensilios-despues-de-una-reforma\/#breadcrumb","itemListElement":[{"@type":"ListItem","position":1,"name":"Portada","item":"https:\/\/www.grupolanave.com\/informacion\/"},{"@type":"ListItem","position":2,"name":"D\u00f3nde guardar la escalera de mano y otros utensilios despu\u00e9s de una reforma"}]},{"@type":"WebSite","@id":"https:\/\/www.grupolanave.com\/informacion\/#website","url":"https:\/\/www.grupolanave.com\/informacion\/","name":"Grupo La Nave","description":"Alquiler de trasteros y minialmacenes","publisher":{"@id":"https:\/\/www.grupolanave.com\/informacion\/#organization"},"potentialAction":[{"@type":"SearchAction","target":{"@type":"EntryPoint","urlTemplate":"https:\/\/www.grupolanave.com\/informacion\/?s={search_term_string}"},"query-input":"required name=search_term_string"}],"inLanguage":"es"},{"@type":"Organization","@id":"https:\/\/www.grupolanave.com\/informacion\/#organization","name":"Grupo La Nave","url":"https:\/\/www.grupolanave.com\/informacion\/","logo":{"@type":"ImageObject","inLanguage":"es","@id":"https:\/\/www.grupolanave.com\/informacion\/#\/schema\/logo\/image\/","url":"https:\/\/www.grupolanave.com\/informacion\/wp-content\/uploads\/2021\/04\/cropped-logo-trasteros.png","contentUrl":"https:\/\/www.grupolanave.com\/informacion\/wp-content\/uploads\/2021\/04\/cropped-logo-trasteros.png","width":291,"height":85,"caption":"Grupo La Nave"},"image":{"@id":"https:\/\/www.grupolanave.com\/informacion\/#\/schema\/logo\/image\/"}},{"@type":"Person","@id":"https:\/\/www.grupolanave.com\/informacion\/#\/schema\/person\/e5a234affc161cbc11f28a4b305e10c4","name":"lanave","image":{"@type":"ImageObject","inLanguage":"es","@id":"https:\/\/www.grupolanave.com\/informacion\/#\/schema\/person\/image\/","url":"https:\/\/secure.gravatar.com\/avatar\/4149137097ddd89bf75c953b3f2ed1e1?s=96&d=mm&r=g","contentUrl":"https:\/\/secure.gravatar.com\/avatar\/4149137097ddd89bf75c953b3f2ed1e1?s=96&d=mm&r=g","caption":"lanave"},"sameAs":["https:\/\/www.grupolanave.com\/informacion"],"url":"https:\/\/www.grupolanave.com\/informacion\/author\/lanave\/"}]}},"_links":{"self":[{"href":"https:\/\/www.grupolanave.com\/informacion\/wp-json\/wp\/v2\/posts\/315"}],"collection":[{"href":"https:\/\/www.grupolanave.com\/informacion\/wp-json\/wp\/v2\/posts"}],"about":[{"href":"https:\/\/www.grupolanave.com\/informacion\/wp-json\/wp\/v2\/types\/post"}],"author":[{"embeddable":true,"href":"https:\/\/www.grupolanave.com\/informacion\/wp-json\/wp\/v2\/users\/1"}],"replies":[{"embeddable":true,"href":"https:\/\/www.grupolanave.com\/informacion\/wp-json\/wp\/v2\/comments?post=315"}],"version-history":[{"count":1,"href":"https:\/\/www.grupolanave.com\/informacion\/wp-json\/wp\/v2\/posts\/315\/revisions"}],"predecessor-version":[{"id":317,"href":"https:\/\/www.grupolanave.com\/informacion\/wp-json\/wp\/v2\/posts\/315\/revisions\/317"}],"wp:featuredmedia":[{"embeddable":true,"href":"https:\/\/www.grupolanave.com\/informacion\/wp-json\/wp\/v2\/media\/316"}],"wp:attachment":[{"href":"https:\/\/www.grupolanave.com\/informacion\/wp-json\/wp\/v2\/media?parent=315"}],"wp:term":[{"taxonomy":"category","embeddable":true,"href":"https:\/\/www.grupolanave.com\/informacion\/wp-json\/wp\/v2\/categories?post=315"},{"taxonomy":"post_tag","embeddable":true,"href":"https:\/\/www.grupolanave.com\/informacion\/wp-json\/wp\/v2\/tags?post=315"}],"curies":[{"name":"wp","href":"https:\/\/api.w.org\/{rel}","templated":true}]}}