{"id":336,"date":"2022-07-07T10:54:25","date_gmt":"2022-07-07T10:54:25","guid":{"rendered":"https:\/\/www.grupolanave.com\/informacion\/?p=336"},"modified":"2022-07-07T10:54:26","modified_gmt":"2022-07-07T10:54:26","slug":"como-guardar-tu-coleccion-de-libros-en-un-trastero","status":"publish","type":"post","link":"https:\/\/www.grupolanave.com\/informacion\/como-guardar-tu-coleccion-de-libros-en-un-trastero\/","title":{"rendered":"C\u00f3mo guardar tu colecci\u00f3n de libros en un trastero"},"content":{"rendered":"\n<p>Si has llegado hasta aqu\u00ed es porque necesitas guardar libros. El motivo que te lleva a ello puede ser que est\u00e9s organizando una mudanza, que quieras hacer hueco en tus estanter\u00edas a nuevos ejemplares o que prefieras tenerlos a buen recaudo en un trastero.<\/p>\n\n\n\n<p>En Grupo La Nave ofrecemos trasteros y peque\u00f1os almacenes para guardar todo tipo de objetos, y entre ellos, tambi\u00e9n libros, que son bienes de un gran valor tanto material como sentimental. Contin\u00faa leyendo para aprender c\u00f3mo organizar libros en poco espacio y que se mantengan en perfecto estado, libres de da\u00f1os.<\/p>\n\n\n\n<h2 class=\"wp-block-heading\"><strong>C\u00f3mo organizar el traslado de mis libros<\/strong><\/h2>\n\n\n\n<p>Buscar un trastero para guardar libros es una buena manera de protegerlos y conservarlos a medio plazo. Si no tienes suficiente espacio en casa para ello o el lugar escogido para su almacenamiento es muy sensible a la humedad, los cambios de temperatura o la presencia de insectos, no dudes en contactar con nosotros.<\/p>\n\n\n\n<p>En Grupo La Nave ofrecemos varias instalaciones para este fin. Nuestros trasteros y almacenes est\u00e1n&nbsp;<strong>protegidos frente a los agentes externos,<\/strong>&nbsp;son instalaciones vigiladas las 24 horas y ofrecen un acceso personal e intransferible.<\/p>\n\n\n\n<p>Ya sea en casa o en un trastero fuera de la residencia habitual, lo importante es que los&nbsp;<strong>libros resulten accesibles una vez empaquetados<\/strong>. Por ello es recomendable clasificarlos por tipolog\u00eda y&nbsp;<strong>hacer un inventario con el listado de todos los ejemplares<\/strong>. Este es el primer consejo, pero hay otros m\u00e1s.<\/p>\n\n\n\n<h3 class=\"wp-block-heading\"><strong>Conservar los libros de manera adecuada<\/strong><\/h3>\n\n\n\n<p>El polvo, los insectos, la humedad\u2026 Todos estos agentes afectan a la conservaci\u00f3n de los libros. Por ello, antes de introducirlos en cajas hay que asegurarse de que<strong>&nbsp;todos los ejemplares est\u00e1n limpios y secos.<\/strong>&nbsp;Y cuando llegue el momento de guardarlos en cajas, no llenes por completo el espacio disponible. Un poco de aire en el interior reduce las opciones de que aparezca moho, en especial en zonas tendentes a ganar humedad.<\/p>\n\n\n\n<h3 class=\"wp-block-heading\"><strong>Envolver los libros en papel libre de \u00e1cido<\/strong><\/h3>\n\n\n\n<p>Este consejo no lo pone en pr\u00e1ctica todo el mundo, pero resulta de gran utilidad. Si antes de introducir los libros en cajas los envuelves uno a uno en&nbsp;<strong>papel libre de \u00e1cido<\/strong>, estos se mantendr\u00e1n en buen estado durante m\u00e1s tiempo. La recomendaci\u00f3n es \u00fatil sobre todo en ejemplares que son muy antiguos o que incluyen cuero en su tapa. Con la envoltura de papel conseguir\u00e1s tambi\u00e9n que&nbsp;<strong>las p\u00e1ginas no adquieran color amarillento<\/strong>. Y si alg\u00fan libro se mancha, el resto quedar\u00e1 intacto.<\/p>\n\n\n\n<h3 class=\"wp-block-heading\"><strong>Guardar los libros en cajas peque\u00f1as o medianas<\/strong><\/h3>\n\n\n\n<p>Las cajas guarda libros no deben ser muy voluminosas, ya que los bienes que se van a conservar en ellas son pesados. Si se introducen muchos libros en una caja muy grande, adem\u00e1s de que&nbsp;<strong>es m\u00e1s dif\u00edcil su movilidad<\/strong>, esta&nbsp;<strong>corre m\u00e1s riesgo de romperse<\/strong>. La primera recomendaci\u00f3n que hicimos fue la de tener los libros accesibles, as\u00ed que si se guardan muchos en una caja es probable que algunos ejemplares no resulten c\u00f3modos de recuperar.<\/p>\n\n\n\n<h2 class=\"wp-block-heading\"><strong>C\u00f3mo colocar mis libros en un trastero<\/strong><\/h2>\n\n\n\n<p>Una vez repasados todos los consejos a la hora de guardar los libros, llega el paso siguiente, el de colocarlos en el trastero. Es importante que este ocupe&nbsp;<strong>un espacio libre de humedad, que est\u00e9 seco y a temperatura suave, donde no haya exceso de calor<\/strong>.<\/p>\n\n\n\n<p>El papel de los libros puede deformarse y la tinta alterarse. Si se combinan humedad con altas temperaturas, acabar\u00e1n apareciendo hongos y se deteriorar\u00e1n no solo los libros, sino todo aquello que se almacene en el trastero. Esto no ocurre en Grupo La Nave, pues nuestras instalaciones est\u00e1n a salvo de estos agentes externos.<\/p>\n\n\n\n<p>Por otra parte,&nbsp;<strong>la luz excesiva tambi\u00e9n es un enemigo<\/strong>, ya que puede hacer que las hojas se decoloren y que las cubiertas se deterioren. Si el trastero ofrece todas estas condiciones y la cantidad de libros no es muy numerosa, se puede optar por una estanter\u00eda, lo que har\u00e1 que las p\u00e1ginas se aireen y respiren.<\/p>\n\n\n\n<h3 class=\"wp-block-heading\"><strong>Libros en cajas, \u00bfde pie o tumbados?<\/strong><\/h3>\n\n\n\n<p>La mejor elecci\u00f3n es&nbsp;<strong>guardar los libros de pie, pues as\u00ed no se deforman<\/strong>. Pero si se apilan unos encima de otros, tampoco pasar\u00e1 nada siempre y cuando cumplas todas las indicaciones que hemos explicado antes. En cualquier caso, los ejemplares m\u00e1s pesados deben ocupar la posici\u00f3n inferior.<\/p>\n\n\n\n<p>Si se almacenan los libros de pie, es conveniente que todos tengan el mismo tama\u00f1o, para optimizar el espacio y que no se doblen en caso de tener que coger alguno de ellos. Tambi\u00e9n puedes colocar hasta dos hileras de libros, una encima de otra, pero recordando que la caja no deber\u00e1 pesar mucho, que hay que dejar hueco libre y que los libros han de ir envueltos en papel no \u00e1cido.<\/p>\n\n\n\n<p>Otro apunte, si quieres almacenar varios libros de una misma colecci\u00f3n y esta incluye un soporte a modo de caja o funda de cart\u00f3n, guarda los libros en este espacio y envuelve la funda con papel de peri\u00f3dico. En cuanto a&nbsp;<strong>las cajas, es mejor seleccionar aquellas que sean de cart\u00f3n, pero que no tengan \u00e1cido o lignina<\/strong>, ya que estas sustancias pueden ser peligrosas para los libros m\u00e1s antiguos.<\/p>\n\n\n\n<h3 class=\"wp-block-heading\"><strong>Libros accesibles y sin presi\u00f3n<\/strong><\/h3>\n\n\n\n<p>La opci\u00f3n de guardarlos de pie, siempre que exista solo una hilera de libros por caja, implica que todos los ejemplares ser\u00e1n accesibles. No obstante, para que esto sea as\u00ed es recomendable colocar en posici\u00f3n vertical alternando lomo y bordes, para que no dejen marca en el libro contiguo.<\/p>\n\n\n\n<p>El hueco entre libros ideal es el que te permita coger alg\u00fan ejemplar sin ejercer excesiva presi\u00f3n, que sea c\u00f3modo de sacar de la caja. En caso de que los libros no tengan el mismo tama\u00f1o, se puede rellenar ese hueco con pl\u00e1stico de burbujas o papel de peri\u00f3dico, incluso con pl\u00e1stico transparente o papel de embalaje.<\/p>\n\n\n\n<p>Guardar libros en un trastero es una idea perfecta para despejar tu vivienda y tenerla m\u00e1s liberada de espacio o para almacenarlos durante un proceso de mudanza. No obstante, no olvides revisar este espacio de almacenamiento de manera peri\u00f3dica para comprobar que tus libros est\u00e1n en perfecto estado.<\/p>\n","protected":false},"excerpt":{"rendered":"<p>Si has llegado hasta aqu\u00ed es porque necesitas guardar libros. El motivo que te lleva a ello puede ser que est\u00e9s organizando una mudanza, que quieras hacer hueco en tus estanter\u00edas a nuevos ejemplares o que prefieras tenerlos a buen recaudo en un trastero. En Grupo La Nave ofrecemos trasteros y peque\u00f1os almacenes para guardar [&hellip;]<\/p>\n","protected":false},"author":1,"featured_media":337,"comment_status":"open","ping_status":"open","sticky":false,"template":"","format":"standard","meta":{"footnotes":""},"categories":[1],"tags":[],"yoast_head":"<!-- This site is optimized with the Yoast SEO plugin v22.8 - https:\/\/yoast.com\/wordpress\/plugins\/seo\/ -->\n<title>C\u00f3mo guardar tu colecci\u00f3n de libros en un trastero - Grupo La Nave<\/title>\n<meta name=\"robots\" content=\"index, follow, max-snippet:-1, max-image-preview:large, max-video-preview:-1\" \/>\n<link rel=\"canonical\" href=\"https:\/\/www.grupolanave.com\/informacion\/como-guardar-tu-coleccion-de-libros-en-un-trastero\/\" \/>\n<meta property=\"og:locale\" content=\"es_ES\" \/>\n<meta property=\"og:type\" content=\"article\" \/>\n<meta property=\"og:title\" content=\"C\u00f3mo guardar tu colecci\u00f3n de libros en un trastero - Grupo La Nave\" \/>\n<meta property=\"og:description\" content=\"Si has llegado hasta aqu\u00ed es porque necesitas guardar libros. El motivo que te lleva a ello puede ser que est\u00e9s organizando una mudanza, que quieras hacer hueco en tus estanter\u00edas a nuevos ejemplares o que prefieras tenerlos a buen recaudo en un trastero. En Grupo La Nave ofrecemos trasteros y peque\u00f1os almacenes para guardar [&hellip;]\" \/>\n<meta property=\"og:url\" content=\"https:\/\/www.grupolanave.com\/informacion\/como-guardar-tu-coleccion-de-libros-en-un-trastero\/\" \/>\n<meta property=\"og:site_name\" content=\"Grupo La Nave\" \/>\n<meta property=\"article:published_time\" content=\"2022-07-07T10:54:25+00:00\" \/>\n<meta property=\"article:modified_time\" content=\"2022-07-07T10:54:26+00:00\" \/>\n<meta property=\"og:image\" content=\"https:\/\/www.grupolanave.com\/informacion\/wp-content\/uploads\/2022\/07\/guardar_tu_coleccion_de_libros.jpg\" \/>\n\t<meta property=\"og:image:width\" content=\"850\" \/>\n\t<meta property=\"og:image:height\" content=\"567\" \/>\n\t<meta property=\"og:image:type\" content=\"image\/jpeg\" \/>\n<meta name=\"author\" content=\"lanave\" \/>\n<meta name=\"twitter:card\" content=\"summary_large_image\" \/>\n<meta name=\"twitter:label1\" content=\"Escrito por\" \/>\n\t<meta name=\"twitter:data1\" content=\"lanave\" \/>\n\t<meta name=\"twitter:label2\" content=\"Tiempo de lectura\" \/>\n\t<meta name=\"twitter:data2\" content=\"5 minutos\" \/>\n<script type=\"application\/ld+json\" class=\"yoast-schema-graph\">{\"@context\":\"https:\/\/schema.org\",\"@graph\":[{\"@type\":\"Article\",\"@id\":\"https:\/\/www.grupolanave.com\/informacion\/como-guardar-tu-coleccion-de-libros-en-un-trastero\/#article\",\"isPartOf\":{\"@id\":\"https:\/\/www.grupolanave.com\/informacion\/como-guardar-tu-coleccion-de-libros-en-un-trastero\/\"},\"author\":{\"name\":\"lanave\",\"@id\":\"https:\/\/www.grupolanave.com\/informacion\/#\/schema\/person\/e5a234affc161cbc11f28a4b305e10c4\"},\"headline\":\"C\u00f3mo guardar tu colecci\u00f3n de libros en un trastero\",\"datePublished\":\"2022-07-07T10:54:25+00:00\",\"dateModified\":\"2022-07-07T10:54:26+00:00\",\"mainEntityOfPage\":{\"@id\":\"https:\/\/www.grupolanave.com\/informacion\/como-guardar-tu-coleccion-de-libros-en-un-trastero\/\"},\"wordCount\":1101,\"commentCount\":0,\"publisher\":{\"@id\":\"https:\/\/www.grupolanave.com\/informacion\/#organization\"},\"image\":{\"@id\":\"https:\/\/www.grupolanave.com\/informacion\/como-guardar-tu-coleccion-de-libros-en-un-trastero\/#primaryimage\"},\"thumbnailUrl\":\"https:\/\/www.grupolanave.com\/informacion\/wp-content\/uploads\/2022\/07\/guardar_tu_coleccion_de_libros.jpg\",\"inLanguage\":\"es\",\"potentialAction\":[{\"@type\":\"CommentAction\",\"name\":\"Comment\",\"target\":[\"https:\/\/www.grupolanave.com\/informacion\/como-guardar-tu-coleccion-de-libros-en-un-trastero\/#respond\"]}]},{\"@type\":\"WebPage\",\"@id\":\"https:\/\/www.grupolanave.com\/informacion\/como-guardar-tu-coleccion-de-libros-en-un-trastero\/\",\"url\":\"https:\/\/www.grupolanave.com\/informacion\/como-guardar-tu-coleccion-de-libros-en-un-trastero\/\",\"name\":\"C\u00f3mo guardar tu colecci\u00f3n de libros en un trastero - Grupo La Nave\",\"isPartOf\":{\"@id\":\"https:\/\/www.grupolanave.com\/informacion\/#website\"},\"primaryImageOfPage\":{\"@id\":\"https:\/\/www.grupolanave.com\/informacion\/como-guardar-tu-coleccion-de-libros-en-un-trastero\/#primaryimage\"},\"image\":{\"@id\":\"https:\/\/www.grupolanave.com\/informacion\/como-guardar-tu-coleccion-de-libros-en-un-trastero\/#primaryimage\"},\"thumbnailUrl\":\"https:\/\/www.grupolanave.com\/informacion\/wp-content\/uploads\/2022\/07\/guardar_tu_coleccion_de_libros.jpg\",\"datePublished\":\"2022-07-07T10:54:25+00:00\",\"dateModified\":\"2022-07-07T10:54:26+00:00\",\"breadcrumb\":{\"@id\":\"https:\/\/www.grupolanave.com\/informacion\/como-guardar-tu-coleccion-de-libros-en-un-trastero\/#breadcrumb\"},\"inLanguage\":\"es\",\"potentialAction\":[{\"@type\":\"ReadAction\",\"target\":[\"https:\/\/www.grupolanave.com\/informacion\/como-guardar-tu-coleccion-de-libros-en-un-trastero\/\"]}]},{\"@type\":\"ImageObject\",\"inLanguage\":\"es\",\"@id\":\"https:\/\/www.grupolanave.com\/informacion\/como-guardar-tu-coleccion-de-libros-en-un-trastero\/#primaryimage\",\"url\":\"https:\/\/www.grupolanave.com\/informacion\/wp-content\/uploads\/2022\/07\/guardar_tu_coleccion_de_libros.jpg\",\"contentUrl\":\"https:\/\/www.grupolanave.com\/informacion\/wp-content\/uploads\/2022\/07\/guardar_tu_coleccion_de_libros.jpg\",\"width\":850,\"height\":567},{\"@type\":\"BreadcrumbList\",\"@id\":\"https:\/\/www.grupolanave.com\/informacion\/como-guardar-tu-coleccion-de-libros-en-un-trastero\/#breadcrumb\",\"itemListElement\":[{\"@type\":\"ListItem\",\"position\":1,\"name\":\"Portada\",\"item\":\"https:\/\/www.grupolanave.com\/informacion\/\"},{\"@type\":\"ListItem\",\"position\":2,\"name\":\"C\u00f3mo guardar tu colecci\u00f3n de libros en un trastero\"}]},{\"@type\":\"WebSite\",\"@id\":\"https:\/\/www.grupolanave.com\/informacion\/#website\",\"url\":\"https:\/\/www.grupolanave.com\/informacion\/\",\"name\":\"Grupo La Nave\",\"description\":\"Alquiler de trasteros y minialmacenes\",\"publisher\":{\"@id\":\"https:\/\/www.grupolanave.com\/informacion\/#organization\"},\"potentialAction\":[{\"@type\":\"SearchAction\",\"target\":{\"@type\":\"EntryPoint\",\"urlTemplate\":\"https:\/\/www.grupolanave.com\/informacion\/?s={search_term_string}\"},\"query-input\":\"required name=search_term_string\"}],\"inLanguage\":\"es\"},{\"@type\":\"Organization\",\"@id\":\"https:\/\/www.grupolanave.com\/informacion\/#organization\",\"name\":\"Grupo La Nave\",\"url\":\"https:\/\/www.grupolanave.com\/informacion\/\",\"logo\":{\"@type\":\"ImageObject\",\"inLanguage\":\"es\",\"@id\":\"https:\/\/www.grupolanave.com\/informacion\/#\/schema\/logo\/image\/\",\"url\":\"https:\/\/www.grupolanave.com\/informacion\/wp-content\/uploads\/2021\/04\/cropped-logo-trasteros.png\",\"contentUrl\":\"https:\/\/www.grupolanave.com\/informacion\/wp-content\/uploads\/2021\/04\/cropped-logo-trasteros.png\",\"width\":291,\"height\":85,\"caption\":\"Grupo La Nave\"},\"image\":{\"@id\":\"https:\/\/www.grupolanave.com\/informacion\/#\/schema\/logo\/image\/\"}},{\"@type\":\"Person\",\"@id\":\"https:\/\/www.grupolanave.com\/informacion\/#\/schema\/person\/e5a234affc161cbc11f28a4b305e10c4\",\"name\":\"lanave\",\"image\":{\"@type\":\"ImageObject\",\"inLanguage\":\"es\",\"@id\":\"https:\/\/www.grupolanave.com\/informacion\/#\/schema\/person\/image\/\",\"url\":\"https:\/\/secure.gravatar.com\/avatar\/4149137097ddd89bf75c953b3f2ed1e1?s=96&d=mm&r=g\",\"contentUrl\":\"https:\/\/secure.gravatar.com\/avatar\/4149137097ddd89bf75c953b3f2ed1e1?s=96&d=mm&r=g\",\"caption\":\"lanave\"},\"sameAs\":[\"https:\/\/www.grupolanave.com\/informacion\"],\"url\":\"https:\/\/www.grupolanave.com\/informacion\/author\/lanave\/\"}]}<\/script>\n<!-- \/ Yoast SEO plugin. -->","yoast_head_json":{"title":"C\u00f3mo guardar tu colecci\u00f3n de libros en un trastero - Grupo La Nave","robots":{"index":"index","follow":"follow","max-snippet":"max-snippet:-1","max-image-preview":"max-image-preview:large","max-video-preview":"max-video-preview:-1"},"canonical":"https:\/\/www.grupolanave.com\/informacion\/como-guardar-tu-coleccion-de-libros-en-un-trastero\/","og_locale":"es_ES","og_type":"article","og_title":"C\u00f3mo guardar tu colecci\u00f3n de libros en un trastero - Grupo La Nave","og_description":"Si has llegado hasta aqu\u00ed es porque necesitas guardar libros. El motivo que te lleva a ello puede ser que est\u00e9s organizando una mudanza, que quieras hacer hueco en tus estanter\u00edas a nuevos ejemplares o que prefieras tenerlos a buen recaudo en un trastero. En Grupo La Nave ofrecemos trasteros y peque\u00f1os almacenes para guardar [&hellip;]","og_url":"https:\/\/www.grupolanave.com\/informacion\/como-guardar-tu-coleccion-de-libros-en-un-trastero\/","og_site_name":"Grupo La Nave","article_published_time":"2022-07-07T10:54:25+00:00","article_modified_time":"2022-07-07T10:54:26+00:00","og_image":[{"width":850,"height":567,"url":"https:\/\/www.grupolanave.com\/informacion\/wp-content\/uploads\/2022\/07\/guardar_tu_coleccion_de_libros.jpg","type":"image\/jpeg"}],"author":"lanave","twitter_card":"summary_large_image","twitter_misc":{"Escrito por":"lanave","Tiempo de lectura":"5 minutos"},"schema":{"@context":"https:\/\/schema.org","@graph":[{"@type":"Article","@id":"https:\/\/www.grupolanave.com\/informacion\/como-guardar-tu-coleccion-de-libros-en-un-trastero\/#article","isPartOf":{"@id":"https:\/\/www.grupolanave.com\/informacion\/como-guardar-tu-coleccion-de-libros-en-un-trastero\/"},"author":{"name":"lanave","@id":"https:\/\/www.grupolanave.com\/informacion\/#\/schema\/person\/e5a234affc161cbc11f28a4b305e10c4"},"headline":"C\u00f3mo guardar tu colecci\u00f3n de libros en un trastero","datePublished":"2022-07-07T10:54:25+00:00","dateModified":"2022-07-07T10:54:26+00:00","mainEntityOfPage":{"@id":"https:\/\/www.grupolanave.com\/informacion\/como-guardar-tu-coleccion-de-libros-en-un-trastero\/"},"wordCount":1101,"commentCount":0,"publisher":{"@id":"https:\/\/www.grupolanave.com\/informacion\/#organization"},"image":{"@id":"https:\/\/www.grupolanave.com\/informacion\/como-guardar-tu-coleccion-de-libros-en-un-trastero\/#primaryimage"},"thumbnailUrl":"https:\/\/www.grupolanave.com\/informacion\/wp-content\/uploads\/2022\/07\/guardar_tu_coleccion_de_libros.jpg","inLanguage":"es","potentialAction":[{"@type":"CommentAction","name":"Comment","target":["https:\/\/www.grupolanave.com\/informacion\/como-guardar-tu-coleccion-de-libros-en-un-trastero\/#respond"]}]},{"@type":"WebPage","@id":"https:\/\/www.grupolanave.com\/informacion\/como-guardar-tu-coleccion-de-libros-en-un-trastero\/","url":"https:\/\/www.grupolanave.com\/informacion\/como-guardar-tu-coleccion-de-libros-en-un-trastero\/","name":"C\u00f3mo guardar tu colecci\u00f3n de libros en un trastero - Grupo La Nave","isPartOf":{"@id":"https:\/\/www.grupolanave.com\/informacion\/#website"},"primaryImageOfPage":{"@id":"https:\/\/www.grupolanave.com\/informacion\/como-guardar-tu-coleccion-de-libros-en-un-trastero\/#primaryimage"},"image":{"@id":"https:\/\/www.grupolanave.com\/informacion\/como-guardar-tu-coleccion-de-libros-en-un-trastero\/#primaryimage"},"thumbnailUrl":"https:\/\/www.grupolanave.com\/informacion\/wp-content\/uploads\/2022\/07\/guardar_tu_coleccion_de_libros.jpg","datePublished":"2022-07-07T10:54:25+00:00","dateModified":"2022-07-07T10:54:26+00:00","breadcrumb":{"@id":"https:\/\/www.grupolanave.com\/informacion\/como-guardar-tu-coleccion-de-libros-en-un-trastero\/#breadcrumb"},"inLanguage":"es","potentialAction":[{"@type":"ReadAction","target":["https:\/\/www.grupolanave.com\/informacion\/como-guardar-tu-coleccion-de-libros-en-un-trastero\/"]}]},{"@type":"ImageObject","inLanguage":"es","@id":"https:\/\/www.grupolanave.com\/informacion\/como-guardar-tu-coleccion-de-libros-en-un-trastero\/#primaryimage","url":"https:\/\/www.grupolanave.com\/informacion\/wp-content\/uploads\/2022\/07\/guardar_tu_coleccion_de_libros.jpg","contentUrl":"https:\/\/www.grupolanave.com\/informacion\/wp-content\/uploads\/2022\/07\/guardar_tu_coleccion_de_libros.jpg","width":850,"height":567},{"@type":"BreadcrumbList","@id":"https:\/\/www.grupolanave.com\/informacion\/como-guardar-tu-coleccion-de-libros-en-un-trastero\/#breadcrumb","itemListElement":[{"@type":"ListItem","position":1,"name":"Portada","item":"https:\/\/www.grupolanave.com\/informacion\/"},{"@type":"ListItem","position":2,"name":"C\u00f3mo guardar tu colecci\u00f3n de libros en un trastero"}]},{"@type":"WebSite","@id":"https:\/\/www.grupolanave.com\/informacion\/#website","url":"https:\/\/www.grupolanave.com\/informacion\/","name":"Grupo La Nave","description":"Alquiler de trasteros y minialmacenes","publisher":{"@id":"https:\/\/www.grupolanave.com\/informacion\/#organization"},"potentialAction":[{"@type":"SearchAction","target":{"@type":"EntryPoint","urlTemplate":"https:\/\/www.grupolanave.com\/informacion\/?s={search_term_string}"},"query-input":"required name=search_term_string"}],"inLanguage":"es"},{"@type":"Organization","@id":"https:\/\/www.grupolanave.com\/informacion\/#organization","name":"Grupo La Nave","url":"https:\/\/www.grupolanave.com\/informacion\/","logo":{"@type":"ImageObject","inLanguage":"es","@id":"https:\/\/www.grupolanave.com\/informacion\/#\/schema\/logo\/image\/","url":"https:\/\/www.grupolanave.com\/informacion\/wp-content\/uploads\/2021\/04\/cropped-logo-trasteros.png","contentUrl":"https:\/\/www.grupolanave.com\/informacion\/wp-content\/uploads\/2021\/04\/cropped-logo-trasteros.png","width":291,"height":85,"caption":"Grupo La Nave"},"image":{"@id":"https:\/\/www.grupolanave.com\/informacion\/#\/schema\/logo\/image\/"}},{"@type":"Person","@id":"https:\/\/www.grupolanave.com\/informacion\/#\/schema\/person\/e5a234affc161cbc11f28a4b305e10c4","name":"lanave","image":{"@type":"ImageObject","inLanguage":"es","@id":"https:\/\/www.grupolanave.com\/informacion\/#\/schema\/person\/image\/","url":"https:\/\/secure.gravatar.com\/avatar\/4149137097ddd89bf75c953b3f2ed1e1?s=96&d=mm&r=g","contentUrl":"https:\/\/secure.gravatar.com\/avatar\/4149137097ddd89bf75c953b3f2ed1e1?s=96&d=mm&r=g","caption":"lanave"},"sameAs":["https:\/\/www.grupolanave.com\/informacion"],"url":"https:\/\/www.grupolanave.com\/informacion\/author\/lanave\/"}]}},"_links":{"self":[{"href":"https:\/\/www.grupolanave.com\/informacion\/wp-json\/wp\/v2\/posts\/336"}],"collection":[{"href":"https:\/\/www.grupolanave.com\/informacion\/wp-json\/wp\/v2\/posts"}],"about":[{"href":"https:\/\/www.grupolanave.com\/informacion\/wp-json\/wp\/v2\/types\/post"}],"author":[{"embeddable":true,"href":"https:\/\/www.grupolanave.com\/informacion\/wp-json\/wp\/v2\/users\/1"}],"replies":[{"embeddable":true,"href":"https:\/\/www.grupolanave.com\/informacion\/wp-json\/wp\/v2\/comments?post=336"}],"version-history":[{"count":1,"href":"https:\/\/www.grupolanave.com\/informacion\/wp-json\/wp\/v2\/posts\/336\/revisions"}],"predecessor-version":[{"id":338,"href":"https:\/\/www.grupolanave.com\/informacion\/wp-json\/wp\/v2\/posts\/336\/revisions\/338"}],"wp:featuredmedia":[{"embeddable":true,"href":"https:\/\/www.grupolanave.com\/informacion\/wp-json\/wp\/v2\/media\/337"}],"wp:attachment":[{"href":"https:\/\/www.grupolanave.com\/informacion\/wp-json\/wp\/v2\/media?parent=336"}],"wp:term":[{"taxonomy":"category","embeddable":true,"href":"https:\/\/www.grupolanave.com\/informacion\/wp-json\/wp\/v2\/categories?post=336"},{"taxonomy":"post_tag","embeddable":true,"href":"https:\/\/www.grupolanave.com\/informacion\/wp-json\/wp\/v2\/tags?post=336"}],"curies":[{"name":"wp","href":"https:\/\/api.w.org\/{rel}","templated":true}]}}