{"id":408,"date":"2022-12-23T12:10:41","date_gmt":"2022-12-23T12:10:41","guid":{"rendered":"https:\/\/www.grupolanave.com\/informacion\/?p=408"},"modified":"2022-12-23T12:10:42","modified_gmt":"2022-12-23T12:10:42","slug":"como-guardar-tu-vestido-de-novia-y-el-resto-de-recuerdos-de-la-boda","status":"publish","type":"post","link":"https:\/\/www.grupolanave.com\/informacion\/como-guardar-tu-vestido-de-novia-y-el-resto-de-recuerdos-de-la-boda\/","title":{"rendered":"C\u00f3mo guardar tu vestido de novia y el resto de recuerdos de la boda"},"content":{"rendered":"\n<p>El vestido de novia es una prenda muy especial para cualquier mujer. Muchas chicas quieren conservarlo durante el resto de su vida a modo de recuerdo, y en algunos casos, aunque no es lo habitual, incluso pueden prestarlo a alguna persona cercana. Esto no es muy frecuente, pero puede ocurrir en alg\u00fan episodio familiar, sobre todo si el vestido es de corte atemporal. Hoy te mostramos&nbsp;<strong>c\u00f3mo guardar tu vestido de novia<\/strong>.<\/p>\n\n\n\n<h2 class=\"wp-block-heading\">Por qu\u00e9 guardar recuerdos de tu boda<\/h2>\n\n\n\n<p>Las personas, cuando se casan, lo hacen pensando que&nbsp;<strong>es la \u00fanica vez que van a vivir ese momento<\/strong>, y, por tanto, es una experiencia que pasara a ser inolvidable. Incluso, si hay segundas nupcias, tambi\u00e9n son jornadas que quedan en el recuerdo.<\/p>\n\n\n\n<p>Y justo de eso va nuestro art\u00edculo hoy.&nbsp;<strong>Los recuerdos de boda son esa peque\u00f1a ayuda que sirve para rememorar un d\u00eda feliz<\/strong>, rodeado de los seres queridos y donde los c\u00f3nyuges son los absolutos protagonistas del evento.<\/p>\n\n\n\n<p>El&nbsp;<strong>\u00e1lbum de fotos<\/strong>&nbsp;es el recuerdo m\u00e1s vivo del d\u00eda de la boda, porque las im\u00e1genes despiertan la memoria, pero hay otros, como veremos m\u00e1s adelante, que tambi\u00e9n evocan sentimientos muy emotivos. En el caso de&nbsp;<strong>las novias, muchas de ellas deciden conservar su traje<\/strong>, pues no deja de ser un&nbsp;<em>look<\/em>&nbsp;que han decidido hasta el detalle para sentirse m\u00e1s guapas que nunca.<\/p>\n\n\n\n<h3 class=\"wp-block-heading\">C\u00f3mo debes guardar tu vestido de novia<\/h3>\n\n\n\n<p>\u00bfQu\u00e9 hago con el vestido de mi boda? Se preguntan muchas novias. Pues lo mejor es conservarlo, porque es un recuerdo que te llevar\u00e1 a d\u00edas de vino y rosas, a una jornada que fue inolvidable. En estos casos, la duda es,&nbsp;<strong>c\u00f3mo guardar un vestido de novia<\/strong>.<\/p>\n\n\n\n<p>El primer paso es&nbsp;<strong>limpiarlo con mucha delicadeza, cari\u00f1o y mimo<\/strong>. Aqu\u00ed&nbsp;<strong>no sirven los jabones ni los detergentes convencionales<\/strong>. Puedes meter tu traje en la lavadora, pero debes hacerlo en un&nbsp;<strong>programa delicado, usando jab\u00f3n neutro y sin que hayan pasado m\u00e1s de 12 o 24 horas<\/strong>. As\u00ed asegurar\u00e1s que las manchas no se fijen en las fibras.<\/p>\n\n\n\n<p><strong>Tras lavarlo, toca secarlo al aire libre y que le d\u00e9 el sol. No olvides extender el vestido<\/strong>. En cualquier caso, si no te atreves a introducirlo en la lavadora, lo mejor es&nbsp;<strong>llevarlo a una tintorer\u00eda, donde lo dejar\u00e1n como nuevo.<\/strong><\/p>\n\n\n\n<p>El siguiente paso es restaurarlo.&nbsp;<strong>Cuando est\u00e9 limpio comprobar\u00e1s si ha sufrido alg\u00fan desperfecto<\/strong>. En caso de que tenga alguna costura suelta o una peque\u00f1a rotura sin importancia, lo puedes dejar como est\u00e1, sin necesidad de volver a coserlo. Pero&nbsp;<strong>si ha sufrido da\u00f1os m\u00e1s visibles, una alternativa es transformar el traje<\/strong>. Muchas chicas deciden convertir su vestido de novia en vestido de fiesta, as\u00ed pasa a ser una prenda que pueden volver a utilizar en alguna ocasi\u00f3n especial.<\/p>\n\n\n\n<h3 class=\"wp-block-heading\">Cajas para guardar vestidos de novia<\/h3>\n\n\n\n<p>Cuando el vestido ya est\u00e9 seco, y perfectamente disponible para volver a ser usado, llega el momento de guardarlo. Lo ideal es&nbsp;<strong>envolverlo en pa\u00f1os de algod\u00f3n finos para que el tejido transpire<\/strong>. Otra alternativa es utilizar&nbsp;<strong>papel de seda incoloro y libre de \u00e1cidos<\/strong>, pero sin introducir el traje a presi\u00f3n.&nbsp;<strong>Las fundas de pl\u00e1stico no son una buena idea<\/strong>, porque son materiales que no ofrecen una buena transpiraci\u00f3n y esto puede derivar en moho y manchas de humedad.<\/p>\n\n\n\n<p>En este sentido,&nbsp;<strong>la mejor opci\u00f3n son las cajas de cart\u00f3n, y a ser posible que sean de buena calidad y confeccionadas a medida<\/strong>, para que el vestido tenga todo el espacio que necesite. Las cajas deben estar&nbsp;<strong>bien cerradas y sin que la luz pueda penetrar, para que no pierda color el vestido.<\/strong><\/p>\n\n\n\n<p>Finalmente,&nbsp;<strong>a la hora de guardar la prenda, hazlo siempre en horizontal y en lugares no h\u00famedos, en espacios sin luz y que no tengan exceso de calor<\/strong>. Las temperaturas extremas y la humedad contribuyen a estropear el vestido, porque es muy delicado. Desde&nbsp;<strong>Grupo La Nave<\/strong>&nbsp;te ofrecemos la soluci\u00f3n perfecta para conservar tu vestido de novia, uno de nuestros&nbsp;<strong>trasteros o minialmacenes que est\u00e1n equipados con las condiciones \u00f3ptimas para alojar tan apreciado recuerdo.<\/strong><\/p>\n\n\n\n<h2 class=\"wp-block-heading\">Qu\u00e9 recuerdos de tu boda deber\u00edas guardar y c\u00f3mo hacerlo<\/h2>\n\n\n\n<p>Junto al vestido, hay otros muchos objetos o prendas que puedes conservar del d\u00eda de tu boda y que se convertir\u00e1n en recuerdos de un d\u00eda \u00fanico. As\u00ed, cuando te toque&nbsp;<strong>rememorar una jornada inolvidable<\/strong>, ya podr\u00e1s acudir a m\u00e1s art\u00edculos especiales y no solo al \u00e1lbum de fotos.<\/p>\n\n\n\n<h3 class=\"wp-block-heading\">El ramo de flores<\/h3>\n\n\n\n<p>Este es uno de los objetos que m\u00e1s se guardan. Las flores siempre aportan color y alegr\u00eda. Aqu\u00ed la idea es acudir a una&nbsp;<strong>empresa especializada en secado de ramos<\/strong>, ya muchas florister\u00edas disponen de ese servicio, y as\u00ed puedes conservarlo para siempre. A su vez, muchas novias deciden enmarcarlo e integrarlo en el hogar como parte de la decoraci\u00f3n.<\/p>\n\n\n\n<h3 class=\"wp-block-heading\">El centro de la mesa nupcial<\/h3>\n\n\n\n<p>Para conservar este recuerdo tendr\u00e1s que pedir permiso al&nbsp;<em>catering<\/em>&nbsp;o al sal\u00f3n donde celebres la boda, o a la empresa de decoraci\u00f3n que se encargue de poner todo a punto. La idea es que el&nbsp;<strong>centro de mesa que preside el lugar donde vives el banquete de bodas<\/strong>, pase a&nbsp;<strong>formar parte de la decoraci\u00f3n de tu vivienda, como un elemento ornamental m\u00e1s.<\/strong><\/p>\n\n\n\n<p>Si no hay esa posibilidad, porque se ha deteriorado o porque es un objeto fijo que no se puede desplazar, hay otras opciones como&nbsp;<strong>el mesero, otros elementos de la decoraci\u00f3n, algunas flores, velas y hasta parte del&nbsp;<em>photocall<\/em><\/strong>.<\/p>\n\n\n\n<h3 class=\"wp-block-heading\">El diario de bodas<\/h3>\n\n\n\n<p>Una pr\u00e1ctica que se est\u00e1 haciendo muy com\u00fan es el uso de&nbsp;<strong>un diario o una agenda de bodas<\/strong>. En ella los novios van anotando todos los preparativos para el gran d\u00eda. Se trata de&nbsp;<strong>una herramienta muy \u00fatil para agilizar la organizaci\u00f3n.<\/strong><\/p>\n\n\n\n<p>Si eres de esas novias que les gusta tener todo a punto y muy bien detallado, te encantar\u00e1&nbsp;<strong>volver a revivir los nervios de los d\u00edas previos y la agradable sensaci\u00f3n de que todo sali\u00f3 como esperabas.<\/strong><\/p>\n\n\n\n<p>Ya sabes&nbsp;<strong>c\u00f3mo guardar el vestido de novia<\/strong>, as\u00ed como otros objetos que podr\u00e1s convertir en recuerdos cuando pase el tiempo. En Grupo La Nave te recomendamos no dejar ning\u00fan detalle sin cuidar, pues no solo hay que guardar bien estos objetos o prendas, sino conservarlas perfectamente en el tiempo.<\/p>\n","protected":false},"excerpt":{"rendered":"<p>El vestido de novia es una prenda muy especial para cualquier mujer. Muchas chicas quieren conservarlo durante el resto de su vida a modo de recuerdo, y en algunos casos, aunque no es lo habitual, incluso pueden prestarlo a alguna persona cercana. Esto no es muy frecuente, pero puede ocurrir en alg\u00fan episodio familiar, sobre [&hellip;]<\/p>\n","protected":false},"author":1,"featured_media":409,"comment_status":"open","ping_status":"open","sticky":false,"template":"","format":"standard","meta":{"footnotes":""},"categories":[1],"tags":[],"yoast_head":"<!-- This site is optimized with the Yoast SEO plugin v22.8 - https:\/\/yoast.com\/wordpress\/plugins\/seo\/ -->\n<title>C\u00f3mo guardar tu vestido de novia y el resto de recuerdos de la boda - Grupo La Nave<\/title>\n<meta name=\"robots\" content=\"index, follow, max-snippet:-1, max-image-preview:large, max-video-preview:-1\" \/>\n<link rel=\"canonical\" href=\"https:\/\/www.grupolanave.com\/informacion\/como-guardar-tu-vestido-de-novia-y-el-resto-de-recuerdos-de-la-boda\/\" \/>\n<meta property=\"og:locale\" content=\"es_ES\" \/>\n<meta property=\"og:type\" content=\"article\" \/>\n<meta property=\"og:title\" content=\"C\u00f3mo guardar tu vestido de novia y el resto de recuerdos de la boda - Grupo La Nave\" \/>\n<meta property=\"og:description\" content=\"El vestido de novia es una prenda muy especial para cualquier mujer. Muchas chicas quieren conservarlo durante el resto de su vida a modo de recuerdo, y en algunos casos, aunque no es lo habitual, incluso pueden prestarlo a alguna persona cercana. Esto no es muy frecuente, pero puede ocurrir en alg\u00fan episodio familiar, sobre [&hellip;]\" \/>\n<meta property=\"og:url\" content=\"https:\/\/www.grupolanave.com\/informacion\/como-guardar-tu-vestido-de-novia-y-el-resto-de-recuerdos-de-la-boda\/\" \/>\n<meta property=\"og:site_name\" content=\"Grupo La Nave\" \/>\n<meta property=\"article:published_time\" content=\"2022-12-23T12:10:41+00:00\" \/>\n<meta property=\"article:modified_time\" content=\"2022-12-23T12:10:42+00:00\" \/>\n<meta property=\"og:image\" content=\"https:\/\/www.grupolanave.com\/informacion\/wp-content\/uploads\/2022\/12\/vestido_de_novia.jpg\" \/>\n\t<meta property=\"og:image:width\" content=\"850\" \/>\n\t<meta property=\"og:image:height\" content=\"567\" \/>\n\t<meta property=\"og:image:type\" content=\"image\/jpeg\" \/>\n<meta name=\"author\" content=\"lanave\" \/>\n<meta name=\"twitter:card\" content=\"summary_large_image\" \/>\n<meta name=\"twitter:label1\" content=\"Escrito por\" \/>\n\t<meta name=\"twitter:data1\" content=\"lanave\" \/>\n\t<meta name=\"twitter:label2\" content=\"Tiempo de lectura\" \/>\n\t<meta name=\"twitter:data2\" content=\"5 minutos\" \/>\n<script type=\"application\/ld+json\" class=\"yoast-schema-graph\">{\"@context\":\"https:\/\/schema.org\",\"@graph\":[{\"@type\":\"Article\",\"@id\":\"https:\/\/www.grupolanave.com\/informacion\/como-guardar-tu-vestido-de-novia-y-el-resto-de-recuerdos-de-la-boda\/#article\",\"isPartOf\":{\"@id\":\"https:\/\/www.grupolanave.com\/informacion\/como-guardar-tu-vestido-de-novia-y-el-resto-de-recuerdos-de-la-boda\/\"},\"author\":{\"name\":\"lanave\",\"@id\":\"https:\/\/www.grupolanave.com\/informacion\/#\/schema\/person\/e5a234affc161cbc11f28a4b305e10c4\"},\"headline\":\"C\u00f3mo guardar tu vestido de novia y el resto de recuerdos de la boda\",\"datePublished\":\"2022-12-23T12:10:41+00:00\",\"dateModified\":\"2022-12-23T12:10:42+00:00\",\"mainEntityOfPage\":{\"@id\":\"https:\/\/www.grupolanave.com\/informacion\/como-guardar-tu-vestido-de-novia-y-el-resto-de-recuerdos-de-la-boda\/\"},\"wordCount\":1156,\"commentCount\":0,\"publisher\":{\"@id\":\"https:\/\/www.grupolanave.com\/informacion\/#organization\"},\"image\":{\"@id\":\"https:\/\/www.grupolanave.com\/informacion\/como-guardar-tu-vestido-de-novia-y-el-resto-de-recuerdos-de-la-boda\/#primaryimage\"},\"thumbnailUrl\":\"https:\/\/www.grupolanave.com\/informacion\/wp-content\/uploads\/2022\/12\/vestido_de_novia.jpg\",\"inLanguage\":\"es\",\"potentialAction\":[{\"@type\":\"CommentAction\",\"name\":\"Comment\",\"target\":[\"https:\/\/www.grupolanave.com\/informacion\/como-guardar-tu-vestido-de-novia-y-el-resto-de-recuerdos-de-la-boda\/#respond\"]}]},{\"@type\":\"WebPage\",\"@id\":\"https:\/\/www.grupolanave.com\/informacion\/como-guardar-tu-vestido-de-novia-y-el-resto-de-recuerdos-de-la-boda\/\",\"url\":\"https:\/\/www.grupolanave.com\/informacion\/como-guardar-tu-vestido-de-novia-y-el-resto-de-recuerdos-de-la-boda\/\",\"name\":\"C\u00f3mo guardar tu vestido de novia y el resto de recuerdos de la boda - Grupo La Nave\",\"isPartOf\":{\"@id\":\"https:\/\/www.grupolanave.com\/informacion\/#website\"},\"primaryImageOfPage\":{\"@id\":\"https:\/\/www.grupolanave.com\/informacion\/como-guardar-tu-vestido-de-novia-y-el-resto-de-recuerdos-de-la-boda\/#primaryimage\"},\"image\":{\"@id\":\"https:\/\/www.grupolanave.com\/informacion\/como-guardar-tu-vestido-de-novia-y-el-resto-de-recuerdos-de-la-boda\/#primaryimage\"},\"thumbnailUrl\":\"https:\/\/www.grupolanave.com\/informacion\/wp-content\/uploads\/2022\/12\/vestido_de_novia.jpg\",\"datePublished\":\"2022-12-23T12:10:41+00:00\",\"dateModified\":\"2022-12-23T12:10:42+00:00\",\"breadcrumb\":{\"@id\":\"https:\/\/www.grupolanave.com\/informacion\/como-guardar-tu-vestido-de-novia-y-el-resto-de-recuerdos-de-la-boda\/#breadcrumb\"},\"inLanguage\":\"es\",\"potentialAction\":[{\"@type\":\"ReadAction\",\"target\":[\"https:\/\/www.grupolanave.com\/informacion\/como-guardar-tu-vestido-de-novia-y-el-resto-de-recuerdos-de-la-boda\/\"]}]},{\"@type\":\"ImageObject\",\"inLanguage\":\"es\",\"@id\":\"https:\/\/www.grupolanave.com\/informacion\/como-guardar-tu-vestido-de-novia-y-el-resto-de-recuerdos-de-la-boda\/#primaryimage\",\"url\":\"https:\/\/www.grupolanave.com\/informacion\/wp-content\/uploads\/2022\/12\/vestido_de_novia.jpg\",\"contentUrl\":\"https:\/\/www.grupolanave.com\/informacion\/wp-content\/uploads\/2022\/12\/vestido_de_novia.jpg\",\"width\":850,\"height\":567},{\"@type\":\"BreadcrumbList\",\"@id\":\"https:\/\/www.grupolanave.com\/informacion\/como-guardar-tu-vestido-de-novia-y-el-resto-de-recuerdos-de-la-boda\/#breadcrumb\",\"itemListElement\":[{\"@type\":\"ListItem\",\"position\":1,\"name\":\"Portada\",\"item\":\"https:\/\/www.grupolanave.com\/informacion\/\"},{\"@type\":\"ListItem\",\"position\":2,\"name\":\"C\u00f3mo guardar tu vestido de novia y el resto de recuerdos de la boda\"}]},{\"@type\":\"WebSite\",\"@id\":\"https:\/\/www.grupolanave.com\/informacion\/#website\",\"url\":\"https:\/\/www.grupolanave.com\/informacion\/\",\"name\":\"Grupo La Nave\",\"description\":\"Alquiler de trasteros y minialmacenes\",\"publisher\":{\"@id\":\"https:\/\/www.grupolanave.com\/informacion\/#organization\"},\"potentialAction\":[{\"@type\":\"SearchAction\",\"target\":{\"@type\":\"EntryPoint\",\"urlTemplate\":\"https:\/\/www.grupolanave.com\/informacion\/?s={search_term_string}\"},\"query-input\":\"required name=search_term_string\"}],\"inLanguage\":\"es\"},{\"@type\":\"Organization\",\"@id\":\"https:\/\/www.grupolanave.com\/informacion\/#organization\",\"name\":\"Grupo La Nave\",\"url\":\"https:\/\/www.grupolanave.com\/informacion\/\",\"logo\":{\"@type\":\"ImageObject\",\"inLanguage\":\"es\",\"@id\":\"https:\/\/www.grupolanave.com\/informacion\/#\/schema\/logo\/image\/\",\"url\":\"https:\/\/www.grupolanave.com\/informacion\/wp-content\/uploads\/2021\/04\/cropped-logo-trasteros.png\",\"contentUrl\":\"https:\/\/www.grupolanave.com\/informacion\/wp-content\/uploads\/2021\/04\/cropped-logo-trasteros.png\",\"width\":291,\"height\":85,\"caption\":\"Grupo La Nave\"},\"image\":{\"@id\":\"https:\/\/www.grupolanave.com\/informacion\/#\/schema\/logo\/image\/\"}},{\"@type\":\"Person\",\"@id\":\"https:\/\/www.grupolanave.com\/informacion\/#\/schema\/person\/e5a234affc161cbc11f28a4b305e10c4\",\"name\":\"lanave\",\"image\":{\"@type\":\"ImageObject\",\"inLanguage\":\"es\",\"@id\":\"https:\/\/www.grupolanave.com\/informacion\/#\/schema\/person\/image\/\",\"url\":\"https:\/\/secure.gravatar.com\/avatar\/4149137097ddd89bf75c953b3f2ed1e1?s=96&d=mm&r=g\",\"contentUrl\":\"https:\/\/secure.gravatar.com\/avatar\/4149137097ddd89bf75c953b3f2ed1e1?s=96&d=mm&r=g\",\"caption\":\"lanave\"},\"sameAs\":[\"https:\/\/www.grupolanave.com\/informacion\"],\"url\":\"https:\/\/www.grupolanave.com\/informacion\/author\/lanave\/\"}]}<\/script>\n<!-- \/ Yoast SEO plugin. -->","yoast_head_json":{"title":"C\u00f3mo guardar tu vestido de novia y el resto de recuerdos de la boda - Grupo La Nave","robots":{"index":"index","follow":"follow","max-snippet":"max-snippet:-1","max-image-preview":"max-image-preview:large","max-video-preview":"max-video-preview:-1"},"canonical":"https:\/\/www.grupolanave.com\/informacion\/como-guardar-tu-vestido-de-novia-y-el-resto-de-recuerdos-de-la-boda\/","og_locale":"es_ES","og_type":"article","og_title":"C\u00f3mo guardar tu vestido de novia y el resto de recuerdos de la boda - Grupo La Nave","og_description":"El vestido de novia es una prenda muy especial para cualquier mujer. Muchas chicas quieren conservarlo durante el resto de su vida a modo de recuerdo, y en algunos casos, aunque no es lo habitual, incluso pueden prestarlo a alguna persona cercana. Esto no es muy frecuente, pero puede ocurrir en alg\u00fan episodio familiar, sobre [&hellip;]","og_url":"https:\/\/www.grupolanave.com\/informacion\/como-guardar-tu-vestido-de-novia-y-el-resto-de-recuerdos-de-la-boda\/","og_site_name":"Grupo La Nave","article_published_time":"2022-12-23T12:10:41+00:00","article_modified_time":"2022-12-23T12:10:42+00:00","og_image":[{"width":850,"height":567,"url":"https:\/\/www.grupolanave.com\/informacion\/wp-content\/uploads\/2022\/12\/vestido_de_novia.jpg","type":"image\/jpeg"}],"author":"lanave","twitter_card":"summary_large_image","twitter_misc":{"Escrito por":"lanave","Tiempo de lectura":"5 minutos"},"schema":{"@context":"https:\/\/schema.org","@graph":[{"@type":"Article","@id":"https:\/\/www.grupolanave.com\/informacion\/como-guardar-tu-vestido-de-novia-y-el-resto-de-recuerdos-de-la-boda\/#article","isPartOf":{"@id":"https:\/\/www.grupolanave.com\/informacion\/como-guardar-tu-vestido-de-novia-y-el-resto-de-recuerdos-de-la-boda\/"},"author":{"name":"lanave","@id":"https:\/\/www.grupolanave.com\/informacion\/#\/schema\/person\/e5a234affc161cbc11f28a4b305e10c4"},"headline":"C\u00f3mo guardar tu vestido de novia y el resto de recuerdos de la boda","datePublished":"2022-12-23T12:10:41+00:00","dateModified":"2022-12-23T12:10:42+00:00","mainEntityOfPage":{"@id":"https:\/\/www.grupolanave.com\/informacion\/como-guardar-tu-vestido-de-novia-y-el-resto-de-recuerdos-de-la-boda\/"},"wordCount":1156,"commentCount":0,"publisher":{"@id":"https:\/\/www.grupolanave.com\/informacion\/#organization"},"image":{"@id":"https:\/\/www.grupolanave.com\/informacion\/como-guardar-tu-vestido-de-novia-y-el-resto-de-recuerdos-de-la-boda\/#primaryimage"},"thumbnailUrl":"https:\/\/www.grupolanave.com\/informacion\/wp-content\/uploads\/2022\/12\/vestido_de_novia.jpg","inLanguage":"es","potentialAction":[{"@type":"CommentAction","name":"Comment","target":["https:\/\/www.grupolanave.com\/informacion\/como-guardar-tu-vestido-de-novia-y-el-resto-de-recuerdos-de-la-boda\/#respond"]}]},{"@type":"WebPage","@id":"https:\/\/www.grupolanave.com\/informacion\/como-guardar-tu-vestido-de-novia-y-el-resto-de-recuerdos-de-la-boda\/","url":"https:\/\/www.grupolanave.com\/informacion\/como-guardar-tu-vestido-de-novia-y-el-resto-de-recuerdos-de-la-boda\/","name":"C\u00f3mo guardar tu vestido de novia y el resto de recuerdos de la boda - Grupo La Nave","isPartOf":{"@id":"https:\/\/www.grupolanave.com\/informacion\/#website"},"primaryImageOfPage":{"@id":"https:\/\/www.grupolanave.com\/informacion\/como-guardar-tu-vestido-de-novia-y-el-resto-de-recuerdos-de-la-boda\/#primaryimage"},"image":{"@id":"https:\/\/www.grupolanave.com\/informacion\/como-guardar-tu-vestido-de-novia-y-el-resto-de-recuerdos-de-la-boda\/#primaryimage"},"thumbnailUrl":"https:\/\/www.grupolanave.com\/informacion\/wp-content\/uploads\/2022\/12\/vestido_de_novia.jpg","datePublished":"2022-12-23T12:10:41+00:00","dateModified":"2022-12-23T12:10:42+00:00","breadcrumb":{"@id":"https:\/\/www.grupolanave.com\/informacion\/como-guardar-tu-vestido-de-novia-y-el-resto-de-recuerdos-de-la-boda\/#breadcrumb"},"inLanguage":"es","potentialAction":[{"@type":"ReadAction","target":["https:\/\/www.grupolanave.com\/informacion\/como-guardar-tu-vestido-de-novia-y-el-resto-de-recuerdos-de-la-boda\/"]}]},{"@type":"ImageObject","inLanguage":"es","@id":"https:\/\/www.grupolanave.com\/informacion\/como-guardar-tu-vestido-de-novia-y-el-resto-de-recuerdos-de-la-boda\/#primaryimage","url":"https:\/\/www.grupolanave.com\/informacion\/wp-content\/uploads\/2022\/12\/vestido_de_novia.jpg","contentUrl":"https:\/\/www.grupolanave.com\/informacion\/wp-content\/uploads\/2022\/12\/vestido_de_novia.jpg","width":850,"height":567},{"@type":"BreadcrumbList","@id":"https:\/\/www.grupolanave.com\/informacion\/como-guardar-tu-vestido-de-novia-y-el-resto-de-recuerdos-de-la-boda\/#breadcrumb","itemListElement":[{"@type":"ListItem","position":1,"name":"Portada","item":"https:\/\/www.grupolanave.com\/informacion\/"},{"@type":"ListItem","position":2,"name":"C\u00f3mo guardar tu vestido de novia y el resto de recuerdos de la boda"}]},{"@type":"WebSite","@id":"https:\/\/www.grupolanave.com\/informacion\/#website","url":"https:\/\/www.grupolanave.com\/informacion\/","name":"Grupo La Nave","description":"Alquiler de trasteros y minialmacenes","publisher":{"@id":"https:\/\/www.grupolanave.com\/informacion\/#organization"},"potentialAction":[{"@type":"SearchAction","target":{"@type":"EntryPoint","urlTemplate":"https:\/\/www.grupolanave.com\/informacion\/?s={search_term_string}"},"query-input":"required name=search_term_string"}],"inLanguage":"es"},{"@type":"Organization","@id":"https:\/\/www.grupolanave.com\/informacion\/#organization","name":"Grupo La Nave","url":"https:\/\/www.grupolanave.com\/informacion\/","logo":{"@type":"ImageObject","inLanguage":"es","@id":"https:\/\/www.grupolanave.com\/informacion\/#\/schema\/logo\/image\/","url":"https:\/\/www.grupolanave.com\/informacion\/wp-content\/uploads\/2021\/04\/cropped-logo-trasteros.png","contentUrl":"https:\/\/www.grupolanave.com\/informacion\/wp-content\/uploads\/2021\/04\/cropped-logo-trasteros.png","width":291,"height":85,"caption":"Grupo La Nave"},"image":{"@id":"https:\/\/www.grupolanave.com\/informacion\/#\/schema\/logo\/image\/"}},{"@type":"Person","@id":"https:\/\/www.grupolanave.com\/informacion\/#\/schema\/person\/e5a234affc161cbc11f28a4b305e10c4","name":"lanave","image":{"@type":"ImageObject","inLanguage":"es","@id":"https:\/\/www.grupolanave.com\/informacion\/#\/schema\/person\/image\/","url":"https:\/\/secure.gravatar.com\/avatar\/4149137097ddd89bf75c953b3f2ed1e1?s=96&d=mm&r=g","contentUrl":"https:\/\/secure.gravatar.com\/avatar\/4149137097ddd89bf75c953b3f2ed1e1?s=96&d=mm&r=g","caption":"lanave"},"sameAs":["https:\/\/www.grupolanave.com\/informacion"],"url":"https:\/\/www.grupolanave.com\/informacion\/author\/lanave\/"}]}},"_links":{"self":[{"href":"https:\/\/www.grupolanave.com\/informacion\/wp-json\/wp\/v2\/posts\/408"}],"collection":[{"href":"https:\/\/www.grupolanave.com\/informacion\/wp-json\/wp\/v2\/posts"}],"about":[{"href":"https:\/\/www.grupolanave.com\/informacion\/wp-json\/wp\/v2\/types\/post"}],"author":[{"embeddable":true,"href":"https:\/\/www.grupolanave.com\/informacion\/wp-json\/wp\/v2\/users\/1"}],"replies":[{"embeddable":true,"href":"https:\/\/www.grupolanave.com\/informacion\/wp-json\/wp\/v2\/comments?post=408"}],"version-history":[{"count":1,"href":"https:\/\/www.grupolanave.com\/informacion\/wp-json\/wp\/v2\/posts\/408\/revisions"}],"predecessor-version":[{"id":410,"href":"https:\/\/www.grupolanave.com\/informacion\/wp-json\/wp\/v2\/posts\/408\/revisions\/410"}],"wp:featuredmedia":[{"embeddable":true,"href":"https:\/\/www.grupolanave.com\/informacion\/wp-json\/wp\/v2\/media\/409"}],"wp:attachment":[{"href":"https:\/\/www.grupolanave.com\/informacion\/wp-json\/wp\/v2\/media?parent=408"}],"wp:term":[{"taxonomy":"category","embeddable":true,"href":"https:\/\/www.grupolanave.com\/informacion\/wp-json\/wp\/v2\/categories?post=408"},{"taxonomy":"post_tag","embeddable":true,"href":"https:\/\/www.grupolanave.com\/informacion\/wp-json\/wp\/v2\/tags?post=408"}],"curies":[{"name":"wp","href":"https:\/\/api.w.org\/{rel}","templated":true}]}}