{"id":442,"date":"2023-07-11T09:45:08","date_gmt":"2023-07-11T09:45:08","guid":{"rendered":"https:\/\/www.grupolanave.com\/informacion\/?p=442"},"modified":"2023-07-11T09:45:08","modified_gmt":"2023-07-11T09:45:08","slug":"no-me-cabe-la-ropa-en-el-armario-que-puedo-hacer","status":"publish","type":"post","link":"https:\/\/www.grupolanave.com\/informacion\/no-me-cabe-la-ropa-en-el-armario-que-puedo-hacer\/","title":{"rendered":"No me cabe la ropa en el armario: qu\u00e9 puedo hacer"},"content":{"rendered":"\n<p>Si piensas eso de \u201cno me cabe la ropa en el armario\u201d o descubres que alg\u00fan mueble se ha quedado peque\u00f1o, la soluci\u00f3n no pasa por comprar uno m\u00e1s grande, sino por seleccionar bien las prendas que quieres guardar en \u00e9l. No pierdas detalle a los siguientes consejos para optimizar todo el espacio disponible.<\/p>\n\n\n\n<h2 class=\"wp-block-heading\"><strong>Qu\u00e9 hacer si no te entra toda la ropa en el armario<\/strong><\/h2>\n\n\n\n<p>Para tener todas tus prendas a mano necesitas saber&nbsp;<strong>c\u00f3mo ordenar tu armario<\/strong>&nbsp;de manera correcta. La idea es que coloques las prendas que m\u00e1s usas en las zonas m\u00e1s accesibles, y aquellas que te pones con menos frecuencia en \u00e1reas un poco m\u00e1s retiradas.<\/p>\n\n\n\n<h3 class=\"wp-block-heading\"><strong>Retira la ropa que no es de temporada<\/strong><\/h3>\n\n\n\n<p>Si el problema es que no sabes c\u00f3mo guardar ropa en poco espacio, prueba a almacenar en el armario exclusivamente las prendas que sean de temporada. Para el resto, busca otro lugar en el que colocarlas.<\/p>\n\n\n\n<h3 class=\"wp-block-heading\"><strong>Ordena la ropa por categor\u00edas<\/strong><\/h3>\n\n\n\n<p>Una vez tienes seleccionadas esas prendas de temporada,<strong>&nbsp;ordena por categor\u00edas<\/strong>. Los pantalones vaqueros todos juntos, las camisetas tambi\u00e9n, y haz lo mismo con vestidos, faldas, chaquetas, jers\u00e9is y toda tu ropa.<\/p>\n\n\n\n<h3 class=\"wp-block-heading\"><strong>Dobla la ropa en vertical<\/strong><\/h3>\n\n\n\n<p>La&nbsp;<strong>ropa doblada en vertical<\/strong>&nbsp;ocupa menos espacio. Hazlo as\u00ed y separa por<strong>&nbsp;gamas crom\u00e1ticas<\/strong>&nbsp;para que las prendas est\u00e9n m\u00e1s ordenadas y sea m\u00e1s c\u00f3modo acceder a ellas. De esta forma tambi\u00e9n podr\u00e1s seleccionar mejor los&nbsp;<em>looks<\/em>&nbsp;a vestir.<\/p>\n\n\n\n<h3 class=\"wp-block-heading\"><strong>Coloca bien las prendas en las perchas<\/strong><\/h3>\n\n\n\n<p>Hay muchos tipos de perchas, desde las que est\u00e1n forradas con terciopelo y evitan que las prendas se deslicen hasta las de pinza o las m\u00faltiples. Cada una de ellas es m\u00e1s adecuada para un tipo u otro de prenda.&nbsp;<strong>Coloca cada tipo de ropa en su percha correspondiente<\/strong>. As\u00ed gozar\u00e1s de m\u00e1s orden en el armario.<\/p>\n\n\n\n<h3 class=\"wp-block-heading\"><strong>Anillas en las perchas para colgar m\u00e1s ropa<\/strong><\/h3>\n\n\n\n<p>Uno de los tipos de perchas m\u00e1s interesantes es el de tipo m\u00faltiple, que incluye varias baldas para colocar la ropa. La alternativa a esta opci\u00f3n son las anillas o enganches que se cuelgan de las propias perchas. Aunque mucha atenci\u00f3n, si recurres a esta f\u00f3rmula aseg\u00farate de que<strong>&nbsp;la barra del armario soporta bastante peso.<\/strong><\/p>\n\n\n\n<h3 class=\"wp-block-heading\"><strong>Gana espacio con la puerta del armario<\/strong><\/h3>\n\n\n\n<p>Si tu armario no es de puertas correderas,<strong>&nbsp;utiliza la puerta para incluir accesorios y ganar espacio<\/strong>. Aqu\u00ed podr\u00e1s colocar pa\u00f1uelos, cinturones e incluso seleccionar el look que vas a usar el d\u00eda siguiente.&nbsp;<\/p>\n\n\n\n<h3 class=\"wp-block-heading\"><strong>Usa un trastero<\/strong><\/h3>\n\n\n\n<p>Desde Grupo La Nave te animamos a&nbsp;<strong>alquilar uno de nuestros trasteros para guardar la ropa que no es de temporada<\/strong>. Antes de hacerlo estudia bien qu\u00e9 prendas quieres conservar y cu\u00e1les quieres donar o reciclar. De nada sirve que acumules ropa que no es de tu talla o que ya has decidido que no vas a volver a usar.<\/p>\n\n\n\n<p>Cuando digas \u201cno me cabe la ropa en el armario\u201d, recuerda nuestros consejos: mantener el orden, deshacerte de las prendas que ya no usas y usar un trastero para guardar lo que no necesitas en este momento.<\/p>\n","protected":false},"excerpt":{"rendered":"<p>Si piensas eso de \u201cno me cabe la ropa en el armario\u201d o descubres que alg\u00fan mueble se ha quedado peque\u00f1o, la soluci\u00f3n no pasa por comprar uno m\u00e1s grande, sino por seleccionar bien las prendas que quieres guardar en \u00e9l. No pierdas detalle a los siguientes consejos para optimizar todo el espacio disponible. Qu\u00e9 [&hellip;]<\/p>\n","protected":false},"author":1,"featured_media":443,"comment_status":"open","ping_status":"open","sticky":false,"template":"","format":"standard","meta":{"footnotes":""},"categories":[1],"tags":[],"yoast_head":"<!-- This site is optimized with the Yoast SEO plugin v22.8 - https:\/\/yoast.com\/wordpress\/plugins\/seo\/ -->\n<title>No me cabe la ropa en el armario: qu\u00e9 puedo hacer - Grupo La Nave<\/title>\n<meta name=\"robots\" content=\"index, follow, max-snippet:-1, max-image-preview:large, max-video-preview:-1\" \/>\n<link rel=\"canonical\" href=\"https:\/\/www.grupolanave.com\/informacion\/no-me-cabe-la-ropa-en-el-armario-que-puedo-hacer\/\" \/>\n<meta property=\"og:locale\" content=\"es_ES\" \/>\n<meta property=\"og:type\" content=\"article\" \/>\n<meta property=\"og:title\" content=\"No me cabe la ropa en el armario: qu\u00e9 puedo hacer - Grupo La Nave\" \/>\n<meta property=\"og:description\" content=\"Si piensas eso de \u201cno me cabe la ropa en el armario\u201d o descubres que alg\u00fan mueble se ha quedado peque\u00f1o, la soluci\u00f3n no pasa por comprar uno m\u00e1s grande, sino por seleccionar bien las prendas que quieres guardar en \u00e9l. No pierdas detalle a los siguientes consejos para optimizar todo el espacio disponible. Qu\u00e9 [&hellip;]\" \/>\n<meta property=\"og:url\" content=\"https:\/\/www.grupolanave.com\/informacion\/no-me-cabe-la-ropa-en-el-armario-que-puedo-hacer\/\" \/>\n<meta property=\"og:site_name\" content=\"Grupo La Nave\" \/>\n<meta property=\"article:published_time\" content=\"2023-07-11T09:45:08+00:00\" \/>\n<meta property=\"og:image\" content=\"https:\/\/www.grupolanave.com\/informacion\/wp-content\/uploads\/2023\/07\/ropa_armario.jpg\" \/>\n\t<meta property=\"og:image:width\" content=\"1000\" \/>\n\t<meta property=\"og:image:height\" content=\"632\" \/>\n\t<meta property=\"og:image:type\" content=\"image\/jpeg\" \/>\n<meta name=\"author\" content=\"lanave\" \/>\n<meta name=\"twitter:card\" content=\"summary_large_image\" \/>\n<meta name=\"twitter:label1\" content=\"Escrito por\" \/>\n\t<meta name=\"twitter:data1\" content=\"lanave\" \/>\n\t<meta name=\"twitter:label2\" content=\"Tiempo de lectura\" \/>\n\t<meta name=\"twitter:data2\" content=\"3 minutos\" \/>\n<script type=\"application\/ld+json\" class=\"yoast-schema-graph\">{\"@context\":\"https:\/\/schema.org\",\"@graph\":[{\"@type\":\"Article\",\"@id\":\"https:\/\/www.grupolanave.com\/informacion\/no-me-cabe-la-ropa-en-el-armario-que-puedo-hacer\/#article\",\"isPartOf\":{\"@id\":\"https:\/\/www.grupolanave.com\/informacion\/no-me-cabe-la-ropa-en-el-armario-que-puedo-hacer\/\"},\"author\":{\"name\":\"lanave\",\"@id\":\"https:\/\/www.grupolanave.com\/informacion\/#\/schema\/person\/e5a234affc161cbc11f28a4b305e10c4\"},\"headline\":\"No me cabe la ropa en el armario: qu\u00e9 puedo hacer\",\"datePublished\":\"2023-07-11T09:45:08+00:00\",\"dateModified\":\"2023-07-11T09:45:08+00:00\",\"mainEntityOfPage\":{\"@id\":\"https:\/\/www.grupolanave.com\/informacion\/no-me-cabe-la-ropa-en-el-armario-que-puedo-hacer\/\"},\"wordCount\":567,\"commentCount\":0,\"publisher\":{\"@id\":\"https:\/\/www.grupolanave.com\/informacion\/#organization\"},\"image\":{\"@id\":\"https:\/\/www.grupolanave.com\/informacion\/no-me-cabe-la-ropa-en-el-armario-que-puedo-hacer\/#primaryimage\"},\"thumbnailUrl\":\"https:\/\/www.grupolanave.com\/informacion\/wp-content\/uploads\/2023\/07\/ropa_armario.jpg\",\"inLanguage\":\"es\",\"potentialAction\":[{\"@type\":\"CommentAction\",\"name\":\"Comment\",\"target\":[\"https:\/\/www.grupolanave.com\/informacion\/no-me-cabe-la-ropa-en-el-armario-que-puedo-hacer\/#respond\"]}]},{\"@type\":\"WebPage\",\"@id\":\"https:\/\/www.grupolanave.com\/informacion\/no-me-cabe-la-ropa-en-el-armario-que-puedo-hacer\/\",\"url\":\"https:\/\/www.grupolanave.com\/informacion\/no-me-cabe-la-ropa-en-el-armario-que-puedo-hacer\/\",\"name\":\"No me cabe la ropa en el armario: qu\u00e9 puedo hacer - Grupo La Nave\",\"isPartOf\":{\"@id\":\"https:\/\/www.grupolanave.com\/informacion\/#website\"},\"primaryImageOfPage\":{\"@id\":\"https:\/\/www.grupolanave.com\/informacion\/no-me-cabe-la-ropa-en-el-armario-que-puedo-hacer\/#primaryimage\"},\"image\":{\"@id\":\"https:\/\/www.grupolanave.com\/informacion\/no-me-cabe-la-ropa-en-el-armario-que-puedo-hacer\/#primaryimage\"},\"thumbnailUrl\":\"https:\/\/www.grupolanave.com\/informacion\/wp-content\/uploads\/2023\/07\/ropa_armario.jpg\",\"datePublished\":\"2023-07-11T09:45:08+00:00\",\"dateModified\":\"2023-07-11T09:45:08+00:00\",\"breadcrumb\":{\"@id\":\"https:\/\/www.grupolanave.com\/informacion\/no-me-cabe-la-ropa-en-el-armario-que-puedo-hacer\/#breadcrumb\"},\"inLanguage\":\"es\",\"potentialAction\":[{\"@type\":\"ReadAction\",\"target\":[\"https:\/\/www.grupolanave.com\/informacion\/no-me-cabe-la-ropa-en-el-armario-que-puedo-hacer\/\"]}]},{\"@type\":\"ImageObject\",\"inLanguage\":\"es\",\"@id\":\"https:\/\/www.grupolanave.com\/informacion\/no-me-cabe-la-ropa-en-el-armario-que-puedo-hacer\/#primaryimage\",\"url\":\"https:\/\/www.grupolanave.com\/informacion\/wp-content\/uploads\/2023\/07\/ropa_armario.jpg\",\"contentUrl\":\"https:\/\/www.grupolanave.com\/informacion\/wp-content\/uploads\/2023\/07\/ropa_armario.jpg\",\"width\":1000,\"height\":632},{\"@type\":\"BreadcrumbList\",\"@id\":\"https:\/\/www.grupolanave.com\/informacion\/no-me-cabe-la-ropa-en-el-armario-que-puedo-hacer\/#breadcrumb\",\"itemListElement\":[{\"@type\":\"ListItem\",\"position\":1,\"name\":\"Portada\",\"item\":\"https:\/\/www.grupolanave.com\/informacion\/\"},{\"@type\":\"ListItem\",\"position\":2,\"name\":\"No me cabe la ropa en el armario: qu\u00e9 puedo hacer\"}]},{\"@type\":\"WebSite\",\"@id\":\"https:\/\/www.grupolanave.com\/informacion\/#website\",\"url\":\"https:\/\/www.grupolanave.com\/informacion\/\",\"name\":\"Grupo La Nave\",\"description\":\"Alquiler de trasteros y minialmacenes\",\"publisher\":{\"@id\":\"https:\/\/www.grupolanave.com\/informacion\/#organization\"},\"potentialAction\":[{\"@type\":\"SearchAction\",\"target\":{\"@type\":\"EntryPoint\",\"urlTemplate\":\"https:\/\/www.grupolanave.com\/informacion\/?s={search_term_string}\"},\"query-input\":\"required name=search_term_string\"}],\"inLanguage\":\"es\"},{\"@type\":\"Organization\",\"@id\":\"https:\/\/www.grupolanave.com\/informacion\/#organization\",\"name\":\"Grupo La Nave\",\"url\":\"https:\/\/www.grupolanave.com\/informacion\/\",\"logo\":{\"@type\":\"ImageObject\",\"inLanguage\":\"es\",\"@id\":\"https:\/\/www.grupolanave.com\/informacion\/#\/schema\/logo\/image\/\",\"url\":\"https:\/\/www.grupolanave.com\/informacion\/wp-content\/uploads\/2021\/04\/cropped-logo-trasteros.png\",\"contentUrl\":\"https:\/\/www.grupolanave.com\/informacion\/wp-content\/uploads\/2021\/04\/cropped-logo-trasteros.png\",\"width\":291,\"height\":85,\"caption\":\"Grupo La Nave\"},\"image\":{\"@id\":\"https:\/\/www.grupolanave.com\/informacion\/#\/schema\/logo\/image\/\"}},{\"@type\":\"Person\",\"@id\":\"https:\/\/www.grupolanave.com\/informacion\/#\/schema\/person\/e5a234affc161cbc11f28a4b305e10c4\",\"name\":\"lanave\",\"image\":{\"@type\":\"ImageObject\",\"inLanguage\":\"es\",\"@id\":\"https:\/\/www.grupolanave.com\/informacion\/#\/schema\/person\/image\/\",\"url\":\"https:\/\/secure.gravatar.com\/avatar\/4149137097ddd89bf75c953b3f2ed1e1?s=96&d=mm&r=g\",\"contentUrl\":\"https:\/\/secure.gravatar.com\/avatar\/4149137097ddd89bf75c953b3f2ed1e1?s=96&d=mm&r=g\",\"caption\":\"lanave\"},\"sameAs\":[\"https:\/\/www.grupolanave.com\/informacion\"],\"url\":\"https:\/\/www.grupolanave.com\/informacion\/author\/lanave\/\"}]}<\/script>\n<!-- \/ Yoast SEO plugin. -->","yoast_head_json":{"title":"No me cabe la ropa en el armario: qu\u00e9 puedo hacer - Grupo La Nave","robots":{"index":"index","follow":"follow","max-snippet":"max-snippet:-1","max-image-preview":"max-image-preview:large","max-video-preview":"max-video-preview:-1"},"canonical":"https:\/\/www.grupolanave.com\/informacion\/no-me-cabe-la-ropa-en-el-armario-que-puedo-hacer\/","og_locale":"es_ES","og_type":"article","og_title":"No me cabe la ropa en el armario: qu\u00e9 puedo hacer - Grupo La Nave","og_description":"Si piensas eso de \u201cno me cabe la ropa en el armario\u201d o descubres que alg\u00fan mueble se ha quedado peque\u00f1o, la soluci\u00f3n no pasa por comprar uno m\u00e1s grande, sino por seleccionar bien las prendas que quieres guardar en \u00e9l. No pierdas detalle a los siguientes consejos para optimizar todo el espacio disponible. Qu\u00e9 [&hellip;]","og_url":"https:\/\/www.grupolanave.com\/informacion\/no-me-cabe-la-ropa-en-el-armario-que-puedo-hacer\/","og_site_name":"Grupo La Nave","article_published_time":"2023-07-11T09:45:08+00:00","og_image":[{"width":1000,"height":632,"url":"https:\/\/www.grupolanave.com\/informacion\/wp-content\/uploads\/2023\/07\/ropa_armario.jpg","type":"image\/jpeg"}],"author":"lanave","twitter_card":"summary_large_image","twitter_misc":{"Escrito por":"lanave","Tiempo de lectura":"3 minutos"},"schema":{"@context":"https:\/\/schema.org","@graph":[{"@type":"Article","@id":"https:\/\/www.grupolanave.com\/informacion\/no-me-cabe-la-ropa-en-el-armario-que-puedo-hacer\/#article","isPartOf":{"@id":"https:\/\/www.grupolanave.com\/informacion\/no-me-cabe-la-ropa-en-el-armario-que-puedo-hacer\/"},"author":{"name":"lanave","@id":"https:\/\/www.grupolanave.com\/informacion\/#\/schema\/person\/e5a234affc161cbc11f28a4b305e10c4"},"headline":"No me cabe la ropa en el armario: qu\u00e9 puedo hacer","datePublished":"2023-07-11T09:45:08+00:00","dateModified":"2023-07-11T09:45:08+00:00","mainEntityOfPage":{"@id":"https:\/\/www.grupolanave.com\/informacion\/no-me-cabe-la-ropa-en-el-armario-que-puedo-hacer\/"},"wordCount":567,"commentCount":0,"publisher":{"@id":"https:\/\/www.grupolanave.com\/informacion\/#organization"},"image":{"@id":"https:\/\/www.grupolanave.com\/informacion\/no-me-cabe-la-ropa-en-el-armario-que-puedo-hacer\/#primaryimage"},"thumbnailUrl":"https:\/\/www.grupolanave.com\/informacion\/wp-content\/uploads\/2023\/07\/ropa_armario.jpg","inLanguage":"es","potentialAction":[{"@type":"CommentAction","name":"Comment","target":["https:\/\/www.grupolanave.com\/informacion\/no-me-cabe-la-ropa-en-el-armario-que-puedo-hacer\/#respond"]}]},{"@type":"WebPage","@id":"https:\/\/www.grupolanave.com\/informacion\/no-me-cabe-la-ropa-en-el-armario-que-puedo-hacer\/","url":"https:\/\/www.grupolanave.com\/informacion\/no-me-cabe-la-ropa-en-el-armario-que-puedo-hacer\/","name":"No me cabe la ropa en el armario: qu\u00e9 puedo hacer - Grupo La Nave","isPartOf":{"@id":"https:\/\/www.grupolanave.com\/informacion\/#website"},"primaryImageOfPage":{"@id":"https:\/\/www.grupolanave.com\/informacion\/no-me-cabe-la-ropa-en-el-armario-que-puedo-hacer\/#primaryimage"},"image":{"@id":"https:\/\/www.grupolanave.com\/informacion\/no-me-cabe-la-ropa-en-el-armario-que-puedo-hacer\/#primaryimage"},"thumbnailUrl":"https:\/\/www.grupolanave.com\/informacion\/wp-content\/uploads\/2023\/07\/ropa_armario.jpg","datePublished":"2023-07-11T09:45:08+00:00","dateModified":"2023-07-11T09:45:08+00:00","breadcrumb":{"@id":"https:\/\/www.grupolanave.com\/informacion\/no-me-cabe-la-ropa-en-el-armario-que-puedo-hacer\/#breadcrumb"},"inLanguage":"es","potentialAction":[{"@type":"ReadAction","target":["https:\/\/www.grupolanave.com\/informacion\/no-me-cabe-la-ropa-en-el-armario-que-puedo-hacer\/"]}]},{"@type":"ImageObject","inLanguage":"es","@id":"https:\/\/www.grupolanave.com\/informacion\/no-me-cabe-la-ropa-en-el-armario-que-puedo-hacer\/#primaryimage","url":"https:\/\/www.grupolanave.com\/informacion\/wp-content\/uploads\/2023\/07\/ropa_armario.jpg","contentUrl":"https:\/\/www.grupolanave.com\/informacion\/wp-content\/uploads\/2023\/07\/ropa_armario.jpg","width":1000,"height":632},{"@type":"BreadcrumbList","@id":"https:\/\/www.grupolanave.com\/informacion\/no-me-cabe-la-ropa-en-el-armario-que-puedo-hacer\/#breadcrumb","itemListElement":[{"@type":"ListItem","position":1,"name":"Portada","item":"https:\/\/www.grupolanave.com\/informacion\/"},{"@type":"ListItem","position":2,"name":"No me cabe la ropa en el armario: qu\u00e9 puedo hacer"}]},{"@type":"WebSite","@id":"https:\/\/www.grupolanave.com\/informacion\/#website","url":"https:\/\/www.grupolanave.com\/informacion\/","name":"Grupo La Nave","description":"Alquiler de trasteros y minialmacenes","publisher":{"@id":"https:\/\/www.grupolanave.com\/informacion\/#organization"},"potentialAction":[{"@type":"SearchAction","target":{"@type":"EntryPoint","urlTemplate":"https:\/\/www.grupolanave.com\/informacion\/?s={search_term_string}"},"query-input":"required name=search_term_string"}],"inLanguage":"es"},{"@type":"Organization","@id":"https:\/\/www.grupolanave.com\/informacion\/#organization","name":"Grupo La Nave","url":"https:\/\/www.grupolanave.com\/informacion\/","logo":{"@type":"ImageObject","inLanguage":"es","@id":"https:\/\/www.grupolanave.com\/informacion\/#\/schema\/logo\/image\/","url":"https:\/\/www.grupolanave.com\/informacion\/wp-content\/uploads\/2021\/04\/cropped-logo-trasteros.png","contentUrl":"https:\/\/www.grupolanave.com\/informacion\/wp-content\/uploads\/2021\/04\/cropped-logo-trasteros.png","width":291,"height":85,"caption":"Grupo La Nave"},"image":{"@id":"https:\/\/www.grupolanave.com\/informacion\/#\/schema\/logo\/image\/"}},{"@type":"Person","@id":"https:\/\/www.grupolanave.com\/informacion\/#\/schema\/person\/e5a234affc161cbc11f28a4b305e10c4","name":"lanave","image":{"@type":"ImageObject","inLanguage":"es","@id":"https:\/\/www.grupolanave.com\/informacion\/#\/schema\/person\/image\/","url":"https:\/\/secure.gravatar.com\/avatar\/4149137097ddd89bf75c953b3f2ed1e1?s=96&d=mm&r=g","contentUrl":"https:\/\/secure.gravatar.com\/avatar\/4149137097ddd89bf75c953b3f2ed1e1?s=96&d=mm&r=g","caption":"lanave"},"sameAs":["https:\/\/www.grupolanave.com\/informacion"],"url":"https:\/\/www.grupolanave.com\/informacion\/author\/lanave\/"}]}},"_links":{"self":[{"href":"https:\/\/www.grupolanave.com\/informacion\/wp-json\/wp\/v2\/posts\/442"}],"collection":[{"href":"https:\/\/www.grupolanave.com\/informacion\/wp-json\/wp\/v2\/posts"}],"about":[{"href":"https:\/\/www.grupolanave.com\/informacion\/wp-json\/wp\/v2\/types\/post"}],"author":[{"embeddable":true,"href":"https:\/\/www.grupolanave.com\/informacion\/wp-json\/wp\/v2\/users\/1"}],"replies":[{"embeddable":true,"href":"https:\/\/www.grupolanave.com\/informacion\/wp-json\/wp\/v2\/comments?post=442"}],"version-history":[{"count":1,"href":"https:\/\/www.grupolanave.com\/informacion\/wp-json\/wp\/v2\/posts\/442\/revisions"}],"predecessor-version":[{"id":444,"href":"https:\/\/www.grupolanave.com\/informacion\/wp-json\/wp\/v2\/posts\/442\/revisions\/444"}],"wp:featuredmedia":[{"embeddable":true,"href":"https:\/\/www.grupolanave.com\/informacion\/wp-json\/wp\/v2\/media\/443"}],"wp:attachment":[{"href":"https:\/\/www.grupolanave.com\/informacion\/wp-json\/wp\/v2\/media?parent=442"}],"wp:term":[{"taxonomy":"category","embeddable":true,"href":"https:\/\/www.grupolanave.com\/informacion\/wp-json\/wp\/v2\/categories?post=442"},{"taxonomy":"post_tag","embeddable":true,"href":"https:\/\/www.grupolanave.com\/informacion\/wp-json\/wp\/v2\/tags?post=442"}],"curies":[{"name":"wp","href":"https:\/\/api.w.org\/{rel}","templated":true}]}}