{"id":468,"date":"2023-07-11T09:52:18","date_gmt":"2023-07-11T09:52:18","guid":{"rendered":"https:\/\/www.grupolanave.com\/informacion\/?p=468"},"modified":"2023-07-11T09:52:18","modified_gmt":"2023-07-11T09:52:18","slug":"como-preparar-la-habitacion-de-un-bebe","status":"publish","type":"post","link":"https:\/\/www.grupolanave.com\/informacion\/como-preparar-la-habitacion-de-un-bebe\/","title":{"rendered":"C\u00f3mo preparar la habitaci\u00f3n de un beb\u00e9"},"content":{"rendered":"\n<p>La decoraci\u00f3n de la habitaci\u00f3n del beb\u00e9 es un momento muy emocionante para la familia. Es importante&nbsp;<strong>comenzar los preparativos con suficiente anticipaci\u00f3n<\/strong>&nbsp;para evitar el cansancio y el estr\u00e9s que podr\u00eda experimentar la futura mam\u00e1 si se deja todo para el \u00faltimo momento.<\/p>\n\n\n\n<p>A continuaci\u00f3n, te dejamos algunos consejos \u00fatiles que pueden servirte de&nbsp;<strong>gu\u00eda para preparar la habitaci\u00f3n del beb\u00e9.<\/strong><\/p>\n\n\n\n<h2 class=\"wp-block-heading\"><strong>Qu\u00e9 cosas no deben faltar en la habitaci\u00f3n de tu beb\u00e9<\/strong><\/h2>\n\n\n\n<p>La decoraci\u00f3n de un cuarto de beb\u00e9 puede ser de estilos muy variados: cl\u00e1sica, rom\u00e1ntica, vintage, campestre, moderna\u2026 Pero sea cual sea el estilo escogido hay algunos elementos que no pueden faltar.<\/p>\n\n\n\n<h3 class=\"wp-block-heading\"><strong>La cuna<\/strong><\/h3>\n\n\n\n<p>La cuna es uno de los elementos m\u00e1s importantes en el dormitorio del beb\u00e9, ya que es el lugar donde pasar\u00e1 gran parte de su tiempo descansando. Al elegir una cuna, es crucial considerar las&nbsp;<strong>caracter\u00edsticas que garanticen la m\u00e1xima seguridad y comodidad<\/strong>&nbsp;para el beb\u00e9, como por ejemplo la altura y separaci\u00f3n de los barrotes o la firmeza del colch\u00f3n.<\/p>\n\n\n\n<h3 class=\"wp-block-heading\"><strong>Ropa de cuna<\/strong><\/h3>\n\n\n\n<p>La ropa de cuna es esencial para crear un ambiente c\u00f3modo para el beb\u00e9. Aqu\u00ed se incluyen elementos como las s\u00e1banas, los edredones y fundas n\u00f3rdicas, las mantas, los protectores del colch\u00f3n y las chichoneras o protectores para cubrir los barrotes. El material recomendado es el algod\u00f3n.<\/p>\n\n\n\n<h3 class=\"wp-block-heading\"><strong>Cambiador<\/strong><\/h3>\n\n\n\n<p>Un cambiador es&nbsp;<strong>un mueble dise\u00f1ado espec\u00edficamente para cambiar y vestir al beb\u00e9<\/strong>&nbsp;de manera c\u00f3moda y segura. Algunos cambiadores tambi\u00e9n incorporan una ba\u00f1era para facilitar el ba\u00f1o. Lo habitual es elegir un dise\u00f1o a juego con la cuna para crear un ambiente m\u00e1s armonioso.<\/p>\n\n\n\n<h3 class=\"wp-block-heading\"><strong>Mecedora<\/strong><\/h3>\n\n\n\n<p>Las mecedoras para beb\u00e9s son muebles dise\u00f1ados para proporcionar un movimiento suave y relajante que ayuda a calmar y tranquilizar al beb\u00e9. Son<strong>&nbsp;ideales para dar el biber\u00f3n, acunar al beb\u00e9 o ayudarle a conciliar el sue\u00f1o<\/strong>. Existen diferentes tipos de mecedoras para beb\u00e9s, como butacas, mecedoras tradicionales o sillones mecedores.<\/p>\n\n\n\n<h3 class=\"wp-block-heading\"><strong>M\u00f3viles para la cuna<\/strong><\/h3>\n\n\n\n<p>Los m\u00f3viles para cuna son accesorios que se colocan sobre la cuna del beb\u00e9 y est\u00e1n dise\u00f1ados para proporcionar est\u00edmulos visuales y auditivos que ayudan a&nbsp;<strong>relajar al beb\u00e9 y estimular su desarrollo sensorial.<\/strong>&nbsp;En el mercado existen una enorme variedad de dise\u00f1os, con funciones, temas y estilos diferentes.<\/p>\n\n\n\n<h3 class=\"wp-block-heading\"><strong>Alfombra<\/strong><\/h3>\n\n\n\n<p>A\u00f1adir una alfombra a la habituaci\u00f3n del reci\u00e9n nacido es una gran idea, ya que aportan calidez, comodidad y un espacio seguro para que el beb\u00e9 juegue en el suelo. A la hora de elegir hay que decantarse por un material seguro y no t\u00f3xico, y&nbsp;<strong>que sea lavable en lavadora.<\/strong>&nbsp;Adem\u00e1s, ha de ser suave al tacto. Tambi\u00e9n es recomendable que tenga colores y motivos infantiles para estimular la imaginaci\u00f3n del beb\u00e9.<\/p>\n\n\n\n<h2 class=\"wp-block-heading\"><strong>Consejos para la decoraci\u00f3n del cuarto de un beb\u00e9<\/strong><\/h2>\n\n\n\n<p>La decoraci\u00f3n es una cuesti\u00f3n de gustos personales, pero si no tienes claro c\u00f3mo decorar la habitaci\u00f3n del beb\u00e9, hay algunos consejos generales que se deben tener en cuenta.<\/p>\n\n\n\n<h3 class=\"wp-block-heading\"><strong>Elegir una habitaci\u00f3n grande<\/strong><\/h3>\n\n\n\n<p>Cuando elijas el dormitorio para tu beb\u00e9, es importante considerar varios aspectos. Busca una habitaci\u00f3n amplia y tranquila, preferiblemente con&nbsp;<strong>poca exposici\u00f3n al ruido externo<\/strong>. Tambi\u00e9n conviene que tenga<strong>&nbsp;luz natural y ventilaci\u00f3n<\/strong>, as\u00ed como persianas o cortinas para crear oscuridad cuando sea necesario.<\/p>\n\n\n\n<p>Para&nbsp;<strong>evitar sobrecargar la habitaci\u00f3n<\/strong>&nbsp;y crear una sensaci\u00f3n de agobio, es recomendable anotar los metros cuadrados disponibles y hacer una lista de todo lo que necesitar\u00e1s. Recuerda que a medida que el beb\u00e9 crezca y comience a gatear, necesitar\u00e1 un espacio libre para explorar y jugar, por lo que hay que asegurarse de que haya suficiente espacio para ello.<\/p>\n\n\n\n<h3 class=\"wp-block-heading\"><strong>Cuidar la iluminaci\u00f3n<\/strong><\/h3>\n\n\n\n<p>La luz es fundamental para regular los ciclos circadianos, as\u00ed que la iluminaci\u00f3n es uno de los aspectos m\u00e1s importantes a la hora de preparar la habitaci\u00f3n del beb\u00e9. Como dec\u00edamos antes, lo ideal es aprovechar la luz natural y utilizar cortinas de materiales que no acumulen polvo.<\/p>\n\n\n\n<p>Adem\u00e1s, hay que<strong>&nbsp;incluir una l\u00e1mpara de luz tenue y c\u00e1lida<\/strong>&nbsp;para momentos de descanso y relajaci\u00f3n. Recuerda mantener una iluminaci\u00f3n adecuada durante la noche y elegir cortinas que permitan regular la entrada de luz.<\/p>\n\n\n\n<h3 class=\"wp-block-heading\"><strong>El color<\/strong><\/h3>\n\n\n\n<p>Otro aspecto relevante en la decoraci\u00f3n del cuarto del beb\u00e9 es el color de las paredes. La elecci\u00f3n de un tono u otro&nbsp;<strong>depende del estilo y de la atm\u00f3sfera que se desee crear<\/strong>.<\/p>\n\n\n\n<ul><li>Para un&nbsp;<strong>ambiente cl\u00e1sico,<\/strong>&nbsp;los tonos&nbsp;<em>beige<\/em>&nbsp;y blancos son opciones ideales. Transmiten elegancia y serenidad.<\/li><li>Si prefieres un<strong>&nbsp;ambiente alegre,<\/strong>&nbsp;puedes optar por colores m\u00e1s estimulantes. Se recomienda optar por tonos pastel que aportan alegr\u00eda y tambi\u00e9n calidez.<\/li><li>Si deseas un&nbsp;<strong>dormitorio rom\u00e1ntico,<\/strong>&nbsp;puedes combinar cenefas y ornamentos en las paredes. Puedes decantarte por tonos suaves y delicados, como rosa suave o lavanda.<\/li><li>Si buscas un estilo m\u00e1s&nbsp;<strong>desenfadado y deportivo,<\/strong>&nbsp;puedes optar por colores vivos y en\u00e9rgicos como naranja, verde brillante o azul intenso.<\/li><\/ul>\n\n\n\n<p>En cualquier caso, el color de las paredes de la habitaci\u00f3n del beb\u00e9 debe evocar tranquilidad, relajaci\u00f3n y bienestar, por eso es mejor descartar colores demasiado intensos.<\/p>\n\n\n\n<h3 class=\"wp-block-heading\"><strong>Murales tem\u00e1ticos<\/strong><\/h3>\n\n\n\n<p>Una tendencia actual en la decoraci\u00f3n de habitaciones infantiles son los murales tem\u00e1ticos, que a\u00f1aden originalidad y diversi\u00f3n al dormitorio. Se pueden encontrar en diferentes formas, colores y dise\u00f1os permiti\u00e9ndote crear un espacio personalizado, \u00fanico y encantador.<\/p>\n\n\n\n<p>Entre los dise\u00f1os m\u00e1s populares est\u00e1n los de&nbsp;<strong>plantas y flores,<\/strong>&nbsp;que crean un ambiente fresco y natural. Tambi\u00e9n puedes optar por murales con&nbsp;<strong>animales,<\/strong>&nbsp;como leones, jirafas y elefantes, o incluso animalitos m\u00e1s tiernos como osos y conejitos. Los&nbsp;<strong>dise\u00f1os geom\u00e9tricos<\/strong>&nbsp;tambi\u00e9n aportan car\u00e1cter y rompen con elegancia la monoton\u00eda de una pared lisa.<\/p>\n\n\n\n<h3 class=\"wp-block-heading\"><strong>Muebles adaptables<\/strong><\/h3>\n\n\n\n<p>La elecci\u00f3n del mobiliario para la habitaci\u00f3n de tu beb\u00e9 es una decisi\u00f3n crucial. Hay varias consideraciones importantes a tener en cuenta. Por ejemplo, puedes optar por&nbsp;<strong>una inversi\u00f3n inicial m\u00e1s peque\u00f1a<\/strong>&nbsp;y luego&nbsp;<strong>cambiar el mobiliario<\/strong>&nbsp;a medida que tu beb\u00e9 crezca. O, por otro lado, puedes invertir un poco m\u00e1s desde el principio en muebles convertibles&nbsp;<strong>que se adapten a las diferentes etapas de crecimiento<\/strong>&nbsp;de tu beb\u00e9. La elecci\u00f3n depender\u00e1 de tus preferencias y posibilidades econ\u00f3micas.<\/p>\n\n\n\n<p>Si ha llegado el momento de preparar la habitaci\u00f3n del beb\u00e9 y necesitas despejar una de las habitaciones de tu casa, puedes recurrir a uno de los trasteros que ofrecemos en Grupo La Nave. En ellos podr\u00e1s guardar todos los muebles y objetos que no necesitar\u00e1s en esta nueva etapa de tu vida.<\/p>\n","protected":false},"excerpt":{"rendered":"<p>La decoraci\u00f3n de la habitaci\u00f3n del beb\u00e9 es un momento muy emocionante para la familia. Es importante&nbsp;comenzar los preparativos con suficiente anticipaci\u00f3n&nbsp;para evitar el cansancio y el estr\u00e9s que podr\u00eda experimentar la futura mam\u00e1 si se deja todo para el \u00faltimo momento. A continuaci\u00f3n, te dejamos algunos consejos \u00fatiles que pueden servirte de&nbsp;gu\u00eda para preparar [&hellip;]<\/p>\n","protected":false},"author":1,"featured_media":469,"comment_status":"open","ping_status":"open","sticky":false,"template":"","format":"standard","meta":{"footnotes":""},"categories":[1],"tags":[],"yoast_head":"<!-- This site is optimized with the Yoast SEO plugin v22.8 - https:\/\/yoast.com\/wordpress\/plugins\/seo\/ -->\n<title>C\u00f3mo preparar la habitaci\u00f3n de un beb\u00e9 - Grupo La Nave<\/title>\n<meta name=\"robots\" content=\"index, follow, max-snippet:-1, max-image-preview:large, max-video-preview:-1\" \/>\n<link rel=\"canonical\" href=\"https:\/\/www.grupolanave.com\/informacion\/como-preparar-la-habitacion-de-un-bebe\/\" \/>\n<meta property=\"og:locale\" content=\"es_ES\" \/>\n<meta property=\"og:type\" content=\"article\" \/>\n<meta property=\"og:title\" content=\"C\u00f3mo preparar la habitaci\u00f3n de un beb\u00e9 - Grupo La Nave\" \/>\n<meta property=\"og:description\" content=\"La decoraci\u00f3n de la habitaci\u00f3n del beb\u00e9 es un momento muy emocionante para la familia. Es importante&nbsp;comenzar los preparativos con suficiente anticipaci\u00f3n&nbsp;para evitar el cansancio y el estr\u00e9s que podr\u00eda experimentar la futura mam\u00e1 si se deja todo para el \u00faltimo momento. A continuaci\u00f3n, te dejamos algunos consejos \u00fatiles que pueden servirte de&nbsp;gu\u00eda para preparar [&hellip;]\" \/>\n<meta property=\"og:url\" content=\"https:\/\/www.grupolanave.com\/informacion\/como-preparar-la-habitacion-de-un-bebe\/\" \/>\n<meta property=\"og:site_name\" content=\"Grupo La Nave\" \/>\n<meta property=\"article:published_time\" content=\"2023-07-11T09:52:18+00:00\" \/>\n<meta property=\"og:image\" content=\"https:\/\/www.grupolanave.com\/informacion\/wp-content\/uploads\/2023\/07\/habitacion_de_un_bebe.jpg\" \/>\n\t<meta property=\"og:image:width\" content=\"850\" \/>\n\t<meta property=\"og:image:height\" content=\"567\" \/>\n\t<meta property=\"og:image:type\" content=\"image\/jpeg\" \/>\n<meta name=\"author\" content=\"lanave\" \/>\n<meta name=\"twitter:card\" content=\"summary_large_image\" \/>\n<meta name=\"twitter:label1\" content=\"Escrito por\" \/>\n\t<meta name=\"twitter:data1\" content=\"lanave\" \/>\n\t<meta name=\"twitter:label2\" content=\"Tiempo de lectura\" \/>\n\t<meta name=\"twitter:data2\" content=\"5 minutos\" \/>\n<script type=\"application\/ld+json\" class=\"yoast-schema-graph\">{\"@context\":\"https:\/\/schema.org\",\"@graph\":[{\"@type\":\"Article\",\"@id\":\"https:\/\/www.grupolanave.com\/informacion\/como-preparar-la-habitacion-de-un-bebe\/#article\",\"isPartOf\":{\"@id\":\"https:\/\/www.grupolanave.com\/informacion\/como-preparar-la-habitacion-de-un-bebe\/\"},\"author\":{\"name\":\"lanave\",\"@id\":\"https:\/\/www.grupolanave.com\/informacion\/#\/schema\/person\/e5a234affc161cbc11f28a4b305e10c4\"},\"headline\":\"C\u00f3mo preparar la habitaci\u00f3n de un beb\u00e9\",\"datePublished\":\"2023-07-11T09:52:18+00:00\",\"dateModified\":\"2023-07-11T09:52:18+00:00\",\"mainEntityOfPage\":{\"@id\":\"https:\/\/www.grupolanave.com\/informacion\/como-preparar-la-habitacion-de-un-bebe\/\"},\"wordCount\":1214,\"commentCount\":0,\"publisher\":{\"@id\":\"https:\/\/www.grupolanave.com\/informacion\/#organization\"},\"image\":{\"@id\":\"https:\/\/www.grupolanave.com\/informacion\/como-preparar-la-habitacion-de-un-bebe\/#primaryimage\"},\"thumbnailUrl\":\"https:\/\/www.grupolanave.com\/informacion\/wp-content\/uploads\/2023\/07\/habitacion_de_un_bebe.jpg\",\"inLanguage\":\"es\",\"potentialAction\":[{\"@type\":\"CommentAction\",\"name\":\"Comment\",\"target\":[\"https:\/\/www.grupolanave.com\/informacion\/como-preparar-la-habitacion-de-un-bebe\/#respond\"]}]},{\"@type\":\"WebPage\",\"@id\":\"https:\/\/www.grupolanave.com\/informacion\/como-preparar-la-habitacion-de-un-bebe\/\",\"url\":\"https:\/\/www.grupolanave.com\/informacion\/como-preparar-la-habitacion-de-un-bebe\/\",\"name\":\"C\u00f3mo preparar la habitaci\u00f3n de un beb\u00e9 - Grupo La Nave\",\"isPartOf\":{\"@id\":\"https:\/\/www.grupolanave.com\/informacion\/#website\"},\"primaryImageOfPage\":{\"@id\":\"https:\/\/www.grupolanave.com\/informacion\/como-preparar-la-habitacion-de-un-bebe\/#primaryimage\"},\"image\":{\"@id\":\"https:\/\/www.grupolanave.com\/informacion\/como-preparar-la-habitacion-de-un-bebe\/#primaryimage\"},\"thumbnailUrl\":\"https:\/\/www.grupolanave.com\/informacion\/wp-content\/uploads\/2023\/07\/habitacion_de_un_bebe.jpg\",\"datePublished\":\"2023-07-11T09:52:18+00:00\",\"dateModified\":\"2023-07-11T09:52:18+00:00\",\"breadcrumb\":{\"@id\":\"https:\/\/www.grupolanave.com\/informacion\/como-preparar-la-habitacion-de-un-bebe\/#breadcrumb\"},\"inLanguage\":\"es\",\"potentialAction\":[{\"@type\":\"ReadAction\",\"target\":[\"https:\/\/www.grupolanave.com\/informacion\/como-preparar-la-habitacion-de-un-bebe\/\"]}]},{\"@type\":\"ImageObject\",\"inLanguage\":\"es\",\"@id\":\"https:\/\/www.grupolanave.com\/informacion\/como-preparar-la-habitacion-de-un-bebe\/#primaryimage\",\"url\":\"https:\/\/www.grupolanave.com\/informacion\/wp-content\/uploads\/2023\/07\/habitacion_de_un_bebe.jpg\",\"contentUrl\":\"https:\/\/www.grupolanave.com\/informacion\/wp-content\/uploads\/2023\/07\/habitacion_de_un_bebe.jpg\",\"width\":850,\"height\":567},{\"@type\":\"BreadcrumbList\",\"@id\":\"https:\/\/www.grupolanave.com\/informacion\/como-preparar-la-habitacion-de-un-bebe\/#breadcrumb\",\"itemListElement\":[{\"@type\":\"ListItem\",\"position\":1,\"name\":\"Portada\",\"item\":\"https:\/\/www.grupolanave.com\/informacion\/\"},{\"@type\":\"ListItem\",\"position\":2,\"name\":\"C\u00f3mo preparar la habitaci\u00f3n de un beb\u00e9\"}]},{\"@type\":\"WebSite\",\"@id\":\"https:\/\/www.grupolanave.com\/informacion\/#website\",\"url\":\"https:\/\/www.grupolanave.com\/informacion\/\",\"name\":\"Grupo La Nave\",\"description\":\"Alquiler de trasteros y minialmacenes\",\"publisher\":{\"@id\":\"https:\/\/www.grupolanave.com\/informacion\/#organization\"},\"potentialAction\":[{\"@type\":\"SearchAction\",\"target\":{\"@type\":\"EntryPoint\",\"urlTemplate\":\"https:\/\/www.grupolanave.com\/informacion\/?s={search_term_string}\"},\"query-input\":\"required name=search_term_string\"}],\"inLanguage\":\"es\"},{\"@type\":\"Organization\",\"@id\":\"https:\/\/www.grupolanave.com\/informacion\/#organization\",\"name\":\"Grupo La Nave\",\"url\":\"https:\/\/www.grupolanave.com\/informacion\/\",\"logo\":{\"@type\":\"ImageObject\",\"inLanguage\":\"es\",\"@id\":\"https:\/\/www.grupolanave.com\/informacion\/#\/schema\/logo\/image\/\",\"url\":\"https:\/\/www.grupolanave.com\/informacion\/wp-content\/uploads\/2021\/04\/cropped-logo-trasteros.png\",\"contentUrl\":\"https:\/\/www.grupolanave.com\/informacion\/wp-content\/uploads\/2021\/04\/cropped-logo-trasteros.png\",\"width\":291,\"height\":85,\"caption\":\"Grupo La Nave\"},\"image\":{\"@id\":\"https:\/\/www.grupolanave.com\/informacion\/#\/schema\/logo\/image\/\"}},{\"@type\":\"Person\",\"@id\":\"https:\/\/www.grupolanave.com\/informacion\/#\/schema\/person\/e5a234affc161cbc11f28a4b305e10c4\",\"name\":\"lanave\",\"image\":{\"@type\":\"ImageObject\",\"inLanguage\":\"es\",\"@id\":\"https:\/\/www.grupolanave.com\/informacion\/#\/schema\/person\/image\/\",\"url\":\"https:\/\/secure.gravatar.com\/avatar\/4149137097ddd89bf75c953b3f2ed1e1?s=96&d=mm&r=g\",\"contentUrl\":\"https:\/\/secure.gravatar.com\/avatar\/4149137097ddd89bf75c953b3f2ed1e1?s=96&d=mm&r=g\",\"caption\":\"lanave\"},\"sameAs\":[\"https:\/\/www.grupolanave.com\/informacion\"],\"url\":\"https:\/\/www.grupolanave.com\/informacion\/author\/lanave\/\"}]}<\/script>\n<!-- \/ Yoast SEO plugin. -->","yoast_head_json":{"title":"C\u00f3mo preparar la habitaci\u00f3n de un beb\u00e9 - Grupo La Nave","robots":{"index":"index","follow":"follow","max-snippet":"max-snippet:-1","max-image-preview":"max-image-preview:large","max-video-preview":"max-video-preview:-1"},"canonical":"https:\/\/www.grupolanave.com\/informacion\/como-preparar-la-habitacion-de-un-bebe\/","og_locale":"es_ES","og_type":"article","og_title":"C\u00f3mo preparar la habitaci\u00f3n de un beb\u00e9 - Grupo La Nave","og_description":"La decoraci\u00f3n de la habitaci\u00f3n del beb\u00e9 es un momento muy emocionante para la familia. Es importante&nbsp;comenzar los preparativos con suficiente anticipaci\u00f3n&nbsp;para evitar el cansancio y el estr\u00e9s que podr\u00eda experimentar la futura mam\u00e1 si se deja todo para el \u00faltimo momento. A continuaci\u00f3n, te dejamos algunos consejos \u00fatiles que pueden servirte de&nbsp;gu\u00eda para preparar [&hellip;]","og_url":"https:\/\/www.grupolanave.com\/informacion\/como-preparar-la-habitacion-de-un-bebe\/","og_site_name":"Grupo La Nave","article_published_time":"2023-07-11T09:52:18+00:00","og_image":[{"width":850,"height":567,"url":"https:\/\/www.grupolanave.com\/informacion\/wp-content\/uploads\/2023\/07\/habitacion_de_un_bebe.jpg","type":"image\/jpeg"}],"author":"lanave","twitter_card":"summary_large_image","twitter_misc":{"Escrito por":"lanave","Tiempo de lectura":"5 minutos"},"schema":{"@context":"https:\/\/schema.org","@graph":[{"@type":"Article","@id":"https:\/\/www.grupolanave.com\/informacion\/como-preparar-la-habitacion-de-un-bebe\/#article","isPartOf":{"@id":"https:\/\/www.grupolanave.com\/informacion\/como-preparar-la-habitacion-de-un-bebe\/"},"author":{"name":"lanave","@id":"https:\/\/www.grupolanave.com\/informacion\/#\/schema\/person\/e5a234affc161cbc11f28a4b305e10c4"},"headline":"C\u00f3mo preparar la habitaci\u00f3n de un beb\u00e9","datePublished":"2023-07-11T09:52:18+00:00","dateModified":"2023-07-11T09:52:18+00:00","mainEntityOfPage":{"@id":"https:\/\/www.grupolanave.com\/informacion\/como-preparar-la-habitacion-de-un-bebe\/"},"wordCount":1214,"commentCount":0,"publisher":{"@id":"https:\/\/www.grupolanave.com\/informacion\/#organization"},"image":{"@id":"https:\/\/www.grupolanave.com\/informacion\/como-preparar-la-habitacion-de-un-bebe\/#primaryimage"},"thumbnailUrl":"https:\/\/www.grupolanave.com\/informacion\/wp-content\/uploads\/2023\/07\/habitacion_de_un_bebe.jpg","inLanguage":"es","potentialAction":[{"@type":"CommentAction","name":"Comment","target":["https:\/\/www.grupolanave.com\/informacion\/como-preparar-la-habitacion-de-un-bebe\/#respond"]}]},{"@type":"WebPage","@id":"https:\/\/www.grupolanave.com\/informacion\/como-preparar-la-habitacion-de-un-bebe\/","url":"https:\/\/www.grupolanave.com\/informacion\/como-preparar-la-habitacion-de-un-bebe\/","name":"C\u00f3mo preparar la habitaci\u00f3n de un beb\u00e9 - Grupo La Nave","isPartOf":{"@id":"https:\/\/www.grupolanave.com\/informacion\/#website"},"primaryImageOfPage":{"@id":"https:\/\/www.grupolanave.com\/informacion\/como-preparar-la-habitacion-de-un-bebe\/#primaryimage"},"image":{"@id":"https:\/\/www.grupolanave.com\/informacion\/como-preparar-la-habitacion-de-un-bebe\/#primaryimage"},"thumbnailUrl":"https:\/\/www.grupolanave.com\/informacion\/wp-content\/uploads\/2023\/07\/habitacion_de_un_bebe.jpg","datePublished":"2023-07-11T09:52:18+00:00","dateModified":"2023-07-11T09:52:18+00:00","breadcrumb":{"@id":"https:\/\/www.grupolanave.com\/informacion\/como-preparar-la-habitacion-de-un-bebe\/#breadcrumb"},"inLanguage":"es","potentialAction":[{"@type":"ReadAction","target":["https:\/\/www.grupolanave.com\/informacion\/como-preparar-la-habitacion-de-un-bebe\/"]}]},{"@type":"ImageObject","inLanguage":"es","@id":"https:\/\/www.grupolanave.com\/informacion\/como-preparar-la-habitacion-de-un-bebe\/#primaryimage","url":"https:\/\/www.grupolanave.com\/informacion\/wp-content\/uploads\/2023\/07\/habitacion_de_un_bebe.jpg","contentUrl":"https:\/\/www.grupolanave.com\/informacion\/wp-content\/uploads\/2023\/07\/habitacion_de_un_bebe.jpg","width":850,"height":567},{"@type":"BreadcrumbList","@id":"https:\/\/www.grupolanave.com\/informacion\/como-preparar-la-habitacion-de-un-bebe\/#breadcrumb","itemListElement":[{"@type":"ListItem","position":1,"name":"Portada","item":"https:\/\/www.grupolanave.com\/informacion\/"},{"@type":"ListItem","position":2,"name":"C\u00f3mo preparar la habitaci\u00f3n de un beb\u00e9"}]},{"@type":"WebSite","@id":"https:\/\/www.grupolanave.com\/informacion\/#website","url":"https:\/\/www.grupolanave.com\/informacion\/","name":"Grupo La Nave","description":"Alquiler de trasteros y minialmacenes","publisher":{"@id":"https:\/\/www.grupolanave.com\/informacion\/#organization"},"potentialAction":[{"@type":"SearchAction","target":{"@type":"EntryPoint","urlTemplate":"https:\/\/www.grupolanave.com\/informacion\/?s={search_term_string}"},"query-input":"required name=search_term_string"}],"inLanguage":"es"},{"@type":"Organization","@id":"https:\/\/www.grupolanave.com\/informacion\/#organization","name":"Grupo La Nave","url":"https:\/\/www.grupolanave.com\/informacion\/","logo":{"@type":"ImageObject","inLanguage":"es","@id":"https:\/\/www.grupolanave.com\/informacion\/#\/schema\/logo\/image\/","url":"https:\/\/www.grupolanave.com\/informacion\/wp-content\/uploads\/2021\/04\/cropped-logo-trasteros.png","contentUrl":"https:\/\/www.grupolanave.com\/informacion\/wp-content\/uploads\/2021\/04\/cropped-logo-trasteros.png","width":291,"height":85,"caption":"Grupo La Nave"},"image":{"@id":"https:\/\/www.grupolanave.com\/informacion\/#\/schema\/logo\/image\/"}},{"@type":"Person","@id":"https:\/\/www.grupolanave.com\/informacion\/#\/schema\/person\/e5a234affc161cbc11f28a4b305e10c4","name":"lanave","image":{"@type":"ImageObject","inLanguage":"es","@id":"https:\/\/www.grupolanave.com\/informacion\/#\/schema\/person\/image\/","url":"https:\/\/secure.gravatar.com\/avatar\/4149137097ddd89bf75c953b3f2ed1e1?s=96&d=mm&r=g","contentUrl":"https:\/\/secure.gravatar.com\/avatar\/4149137097ddd89bf75c953b3f2ed1e1?s=96&d=mm&r=g","caption":"lanave"},"sameAs":["https:\/\/www.grupolanave.com\/informacion"],"url":"https:\/\/www.grupolanave.com\/informacion\/author\/lanave\/"}]}},"_links":{"self":[{"href":"https:\/\/www.grupolanave.com\/informacion\/wp-json\/wp\/v2\/posts\/468"}],"collection":[{"href":"https:\/\/www.grupolanave.com\/informacion\/wp-json\/wp\/v2\/posts"}],"about":[{"href":"https:\/\/www.grupolanave.com\/informacion\/wp-json\/wp\/v2\/types\/post"}],"author":[{"embeddable":true,"href":"https:\/\/www.grupolanave.com\/informacion\/wp-json\/wp\/v2\/users\/1"}],"replies":[{"embeddable":true,"href":"https:\/\/www.grupolanave.com\/informacion\/wp-json\/wp\/v2\/comments?post=468"}],"version-history":[{"count":1,"href":"https:\/\/www.grupolanave.com\/informacion\/wp-json\/wp\/v2\/posts\/468\/revisions"}],"predecessor-version":[{"id":470,"href":"https:\/\/www.grupolanave.com\/informacion\/wp-json\/wp\/v2\/posts\/468\/revisions\/470"}],"wp:featuredmedia":[{"embeddable":true,"href":"https:\/\/www.grupolanave.com\/informacion\/wp-json\/wp\/v2\/media\/469"}],"wp:attachment":[{"href":"https:\/\/www.grupolanave.com\/informacion\/wp-json\/wp\/v2\/media?parent=468"}],"wp:term":[{"taxonomy":"category","embeddable":true,"href":"https:\/\/www.grupolanave.com\/informacion\/wp-json\/wp\/v2\/categories?post=468"},{"taxonomy":"post_tag","embeddable":true,"href":"https:\/\/www.grupolanave.com\/informacion\/wp-json\/wp\/v2\/tags?post=468"}],"curies":[{"name":"wp","href":"https:\/\/api.w.org\/{rel}","templated":true}]}}