{"id":51,"date":"2021-04-07T10:51:04","date_gmt":"2021-04-07T10:51:04","guid":{"rendered":"https:\/\/www.grupolanave.com\/informacion\/?p=51"},"modified":"2021-04-07T10:51:05","modified_gmt":"2021-04-07T10:51:05","slug":"razones-para-alquilar-un-trastero","status":"publish","type":"post","link":"https:\/\/www.grupolanave.com\/informacion\/razones-para-alquilar-un-trastero\/","title":{"rendered":"Razones para alquilar un trastero"},"content":{"rendered":"\n<p>Seguro que alguna vez te has hecho la pregunta de: \u00bfRealmente necesito un trastero?.<\/p>\n\n\n\n<p>Desde el Grupo la Nave queremos ver contigo los posibles motivos que puedan llevarte a alquilar un trastero y sus ventajas.<\/p>\n\n\n\n<p>Hay veces que, entre alquileres y compras de viviendas, necesitas un lugar donde almacenar tus muebles porque debes abandonar tu piso de alquiler y quiz\u00e1s no puedas mudarte a tu nueva casa hasta que empiece el mes. En ese caso, puedes dejar tus muebles en uno de nuestros trasteros sin tener que preocuparte.<\/p>\n\n\n\n<p>Por casualidades de la vida, es posible que hayas recibido una herencia de muebles, maquinarias u objetos grandes que no te caben en casa. Puedes alquilar un trastero para poder almacenar todo lo que no te quepa e ir retir\u00e1ndolo poco a poco, seg\u00fan hagas hueco en casa.<\/p>\n\n\n\n<p>Todos hemos o\u00eddo hablar de robos en garajes y trasteros comunes. La Nave te proporciona un conjunto sofisticado de sistemas de alta seguridad, con todo tipo de c\u00e1maras, detectores, c\u00f3digos y controles conectados on-line, para que no tengas que preocuparte por la seguridad de tu trastero.<\/p>\n\n\n\n<p>Los trasteros son perfectos para los nuevos emprendedores. No todos podemos permitirnos el lujo de trabajar en casa, ya sea por falta de espacio o porque necesitamos tener un despacho sin agobios. Por eso, te ofrecemos un espacio a tu disposici\u00f3n para que puedas almacenar todas las existencias de tu tienda o todos los materiales que necesites para trabajar.<\/p>\n\n\n\n<p>Hay muchos motivos por los que necesitamos vaciar una casa en un momento dado. Ya sea porque te trasladas a otro pa\u00eds y no sabes cuando volver\u00e1s, porque vayas a hacer reformas, o quiz\u00e1s vayas a alquilar tu casa en vacaciones y necesites un sitio donde guardar todas tus cosas mientras tanto. En cualquiera de estos casos, un trastero ser\u00e1 tu mejor opci\u00f3n.<\/p>\n\n\n\n<p>Los cambios de temporada siempre nos han dado alg\u00fan dolor de cabeza que otro. Ropa de verano, de invierno, mantas, colchas\u2026 Si no tenemos sitio en casa donde guardarlo todo, siempre podemos recurrir a un trastero en alquiler.<\/p>\n\n\n\n<p>Si a\u00fan tienes dudas sobre los trasteros, puedes contactar con nosotros mediante nuestro formulario ( https:\/\/www.grupolanave.com\/alquilar-trasteros-y-minialmacenes.html ) o llam\u00e1ndonos al 900 615 616.<\/p>\n","protected":false},"excerpt":{"rendered":"<p>Seguro que alguna vez te has hecho la pregunta de: \u00bfRealmente necesito un trastero?. Desde el Grupo la Nave queremos ver contigo los posibles motivos que puedan llevarte a alquilar un trastero y sus ventajas. Hay veces que, entre alquileres y compras de viviendas, necesitas un lugar donde almacenar tus muebles porque debes abandonar tu [&hellip;]<\/p>\n","protected":false},"author":1,"featured_media":52,"comment_status":"open","ping_status":"open","sticky":false,"template":"","format":"standard","meta":{"footnotes":""},"categories":[1],"tags":[],"yoast_head":"<!-- This site is optimized with the Yoast SEO plugin v22.8 - https:\/\/yoast.com\/wordpress\/plugins\/seo\/ -->\n<title>Razones para alquilar un trastero - Grupo La Nave<\/title>\n<meta name=\"description\" content=\"Desde el Grupo la Nave queremos ver contigo los posibles motivos que puedan llevarte a alquilar un trastero y sus ventajas\" \/>\n<meta name=\"robots\" content=\"index, follow, max-snippet:-1, max-image-preview:large, max-video-preview:-1\" \/>\n<link rel=\"canonical\" href=\"https:\/\/www.grupolanave.com\/informacion\/razones-para-alquilar-un-trastero\/\" \/>\n<meta property=\"og:locale\" content=\"es_ES\" \/>\n<meta property=\"og:type\" content=\"article\" \/>\n<meta property=\"og:title\" content=\"Razones para alquilar un trastero - Grupo La Nave\" \/>\n<meta property=\"og:description\" content=\"Desde el Grupo la Nave queremos ver contigo los posibles motivos que puedan llevarte a alquilar un trastero y sus ventajas\" \/>\n<meta property=\"og:url\" content=\"https:\/\/www.grupolanave.com\/informacion\/razones-para-alquilar-un-trastero\/\" \/>\n<meta property=\"og:site_name\" content=\"Grupo La Nave\" \/>\n<meta property=\"article:published_time\" content=\"2021-04-07T10:51:04+00:00\" \/>\n<meta property=\"article:modified_time\" content=\"2021-04-07T10:51:05+00:00\" \/>\n<meta property=\"og:image\" content=\"https:\/\/www.grupolanave.com\/informacion\/wp-content\/uploads\/2021\/04\/razones-para-alquilar-un-trastero.jpg\" \/>\n\t<meta property=\"og:image:width\" content=\"1200\" \/>\n\t<meta property=\"og:image:height\" content=\"712\" \/>\n\t<meta property=\"og:image:type\" content=\"image\/jpeg\" \/>\n<meta name=\"author\" content=\"lanave\" \/>\n<meta name=\"twitter:card\" content=\"summary_large_image\" \/>\n<meta name=\"twitter:label1\" content=\"Escrito por\" \/>\n\t<meta name=\"twitter:data1\" content=\"lanave\" \/>\n\t<meta name=\"twitter:label2\" content=\"Tiempo de lectura\" \/>\n\t<meta name=\"twitter:data2\" content=\"2 minutos\" \/>\n<script type=\"application\/ld+json\" class=\"yoast-schema-graph\">{\"@context\":\"https:\/\/schema.org\",\"@graph\":[{\"@type\":\"Article\",\"@id\":\"https:\/\/www.grupolanave.com\/informacion\/razones-para-alquilar-un-trastero\/#article\",\"isPartOf\":{\"@id\":\"https:\/\/www.grupolanave.com\/informacion\/razones-para-alquilar-un-trastero\/\"},\"author\":{\"name\":\"lanave\",\"@id\":\"https:\/\/www.grupolanave.com\/informacion\/#\/schema\/person\/e5a234affc161cbc11f28a4b305e10c4\"},\"headline\":\"Razones para alquilar un trastero\",\"datePublished\":\"2021-04-07T10:51:04+00:00\",\"dateModified\":\"2021-04-07T10:51:05+00:00\",\"mainEntityOfPage\":{\"@id\":\"https:\/\/www.grupolanave.com\/informacion\/razones-para-alquilar-un-trastero\/\"},\"wordCount\":384,\"commentCount\":0,\"publisher\":{\"@id\":\"https:\/\/www.grupolanave.com\/informacion\/#organization\"},\"image\":{\"@id\":\"https:\/\/www.grupolanave.com\/informacion\/razones-para-alquilar-un-trastero\/#primaryimage\"},\"thumbnailUrl\":\"https:\/\/www.grupolanave.com\/informacion\/wp-content\/uploads\/2021\/04\/razones-para-alquilar-un-trastero.jpg\",\"inLanguage\":\"es\",\"potentialAction\":[{\"@type\":\"CommentAction\",\"name\":\"Comment\",\"target\":[\"https:\/\/www.grupolanave.com\/informacion\/razones-para-alquilar-un-trastero\/#respond\"]}]},{\"@type\":\"WebPage\",\"@id\":\"https:\/\/www.grupolanave.com\/informacion\/razones-para-alquilar-un-trastero\/\",\"url\":\"https:\/\/www.grupolanave.com\/informacion\/razones-para-alquilar-un-trastero\/\",\"name\":\"Razones para alquilar un trastero - Grupo La Nave\",\"isPartOf\":{\"@id\":\"https:\/\/www.grupolanave.com\/informacion\/#website\"},\"primaryImageOfPage\":{\"@id\":\"https:\/\/www.grupolanave.com\/informacion\/razones-para-alquilar-un-trastero\/#primaryimage\"},\"image\":{\"@id\":\"https:\/\/www.grupolanave.com\/informacion\/razones-para-alquilar-un-trastero\/#primaryimage\"},\"thumbnailUrl\":\"https:\/\/www.grupolanave.com\/informacion\/wp-content\/uploads\/2021\/04\/razones-para-alquilar-un-trastero.jpg\",\"datePublished\":\"2021-04-07T10:51:04+00:00\",\"dateModified\":\"2021-04-07T10:51:05+00:00\",\"description\":\"Desde el Grupo la Nave queremos ver contigo los posibles motivos que puedan llevarte a alquilar un trastero y sus ventajas\",\"breadcrumb\":{\"@id\":\"https:\/\/www.grupolanave.com\/informacion\/razones-para-alquilar-un-trastero\/#breadcrumb\"},\"inLanguage\":\"es\",\"potentialAction\":[{\"@type\":\"ReadAction\",\"target\":[\"https:\/\/www.grupolanave.com\/informacion\/razones-para-alquilar-un-trastero\/\"]}]},{\"@type\":\"ImageObject\",\"inLanguage\":\"es\",\"@id\":\"https:\/\/www.grupolanave.com\/informacion\/razones-para-alquilar-un-trastero\/#primaryimage\",\"url\":\"https:\/\/www.grupolanave.com\/informacion\/wp-content\/uploads\/2021\/04\/razones-para-alquilar-un-trastero.jpg\",\"contentUrl\":\"https:\/\/www.grupolanave.com\/informacion\/wp-content\/uploads\/2021\/04\/razones-para-alquilar-un-trastero.jpg\",\"width\":1200,\"height\":712},{\"@type\":\"BreadcrumbList\",\"@id\":\"https:\/\/www.grupolanave.com\/informacion\/razones-para-alquilar-un-trastero\/#breadcrumb\",\"itemListElement\":[{\"@type\":\"ListItem\",\"position\":1,\"name\":\"Portada\",\"item\":\"https:\/\/www.grupolanave.com\/informacion\/\"},{\"@type\":\"ListItem\",\"position\":2,\"name\":\"Razones para alquilar un trastero\"}]},{\"@type\":\"WebSite\",\"@id\":\"https:\/\/www.grupolanave.com\/informacion\/#website\",\"url\":\"https:\/\/www.grupolanave.com\/informacion\/\",\"name\":\"Grupo La Nave\",\"description\":\"Alquiler de trasteros y minialmacenes\",\"publisher\":{\"@id\":\"https:\/\/www.grupolanave.com\/informacion\/#organization\"},\"potentialAction\":[{\"@type\":\"SearchAction\",\"target\":{\"@type\":\"EntryPoint\",\"urlTemplate\":\"https:\/\/www.grupolanave.com\/informacion\/?s={search_term_string}\"},\"query-input\":\"required name=search_term_string\"}],\"inLanguage\":\"es\"},{\"@type\":\"Organization\",\"@id\":\"https:\/\/www.grupolanave.com\/informacion\/#organization\",\"name\":\"Grupo La Nave\",\"url\":\"https:\/\/www.grupolanave.com\/informacion\/\",\"logo\":{\"@type\":\"ImageObject\",\"inLanguage\":\"es\",\"@id\":\"https:\/\/www.grupolanave.com\/informacion\/#\/schema\/logo\/image\/\",\"url\":\"https:\/\/www.grupolanave.com\/informacion\/wp-content\/uploads\/2021\/04\/cropped-logo-trasteros.png\",\"contentUrl\":\"https:\/\/www.grupolanave.com\/informacion\/wp-content\/uploads\/2021\/04\/cropped-logo-trasteros.png\",\"width\":291,\"height\":85,\"caption\":\"Grupo La Nave\"},\"image\":{\"@id\":\"https:\/\/www.grupolanave.com\/informacion\/#\/schema\/logo\/image\/\"}},{\"@type\":\"Person\",\"@id\":\"https:\/\/www.grupolanave.com\/informacion\/#\/schema\/person\/e5a234affc161cbc11f28a4b305e10c4\",\"name\":\"lanave\",\"image\":{\"@type\":\"ImageObject\",\"inLanguage\":\"es\",\"@id\":\"https:\/\/www.grupolanave.com\/informacion\/#\/schema\/person\/image\/\",\"url\":\"https:\/\/secure.gravatar.com\/avatar\/4149137097ddd89bf75c953b3f2ed1e1?s=96&d=mm&r=g\",\"contentUrl\":\"https:\/\/secure.gravatar.com\/avatar\/4149137097ddd89bf75c953b3f2ed1e1?s=96&d=mm&r=g\",\"caption\":\"lanave\"},\"sameAs\":[\"https:\/\/www.grupolanave.com\/informacion\"],\"url\":\"https:\/\/www.grupolanave.com\/informacion\/author\/lanave\/\"}]}<\/script>\n<!-- \/ Yoast SEO plugin. -->","yoast_head_json":{"title":"Razones para alquilar un trastero - Grupo La Nave","description":"Desde el Grupo la Nave queremos ver contigo los posibles motivos que puedan llevarte a alquilar un trastero y sus ventajas","robots":{"index":"index","follow":"follow","max-snippet":"max-snippet:-1","max-image-preview":"max-image-preview:large","max-video-preview":"max-video-preview:-1"},"canonical":"https:\/\/www.grupolanave.com\/informacion\/razones-para-alquilar-un-trastero\/","og_locale":"es_ES","og_type":"article","og_title":"Razones para alquilar un trastero - Grupo La Nave","og_description":"Desde el Grupo la Nave queremos ver contigo los posibles motivos que puedan llevarte a alquilar un trastero y sus ventajas","og_url":"https:\/\/www.grupolanave.com\/informacion\/razones-para-alquilar-un-trastero\/","og_site_name":"Grupo La Nave","article_published_time":"2021-04-07T10:51:04+00:00","article_modified_time":"2021-04-07T10:51:05+00:00","og_image":[{"width":1200,"height":712,"url":"https:\/\/www.grupolanave.com\/informacion\/wp-content\/uploads\/2021\/04\/razones-para-alquilar-un-trastero.jpg","type":"image\/jpeg"}],"author":"lanave","twitter_card":"summary_large_image","twitter_misc":{"Escrito por":"lanave","Tiempo de lectura":"2 minutos"},"schema":{"@context":"https:\/\/schema.org","@graph":[{"@type":"Article","@id":"https:\/\/www.grupolanave.com\/informacion\/razones-para-alquilar-un-trastero\/#article","isPartOf":{"@id":"https:\/\/www.grupolanave.com\/informacion\/razones-para-alquilar-un-trastero\/"},"author":{"name":"lanave","@id":"https:\/\/www.grupolanave.com\/informacion\/#\/schema\/person\/e5a234affc161cbc11f28a4b305e10c4"},"headline":"Razones para alquilar un trastero","datePublished":"2021-04-07T10:51:04+00:00","dateModified":"2021-04-07T10:51:05+00:00","mainEntityOfPage":{"@id":"https:\/\/www.grupolanave.com\/informacion\/razones-para-alquilar-un-trastero\/"},"wordCount":384,"commentCount":0,"publisher":{"@id":"https:\/\/www.grupolanave.com\/informacion\/#organization"},"image":{"@id":"https:\/\/www.grupolanave.com\/informacion\/razones-para-alquilar-un-trastero\/#primaryimage"},"thumbnailUrl":"https:\/\/www.grupolanave.com\/informacion\/wp-content\/uploads\/2021\/04\/razones-para-alquilar-un-trastero.jpg","inLanguage":"es","potentialAction":[{"@type":"CommentAction","name":"Comment","target":["https:\/\/www.grupolanave.com\/informacion\/razones-para-alquilar-un-trastero\/#respond"]}]},{"@type":"WebPage","@id":"https:\/\/www.grupolanave.com\/informacion\/razones-para-alquilar-un-trastero\/","url":"https:\/\/www.grupolanave.com\/informacion\/razones-para-alquilar-un-trastero\/","name":"Razones para alquilar un trastero - Grupo La Nave","isPartOf":{"@id":"https:\/\/www.grupolanave.com\/informacion\/#website"},"primaryImageOfPage":{"@id":"https:\/\/www.grupolanave.com\/informacion\/razones-para-alquilar-un-trastero\/#primaryimage"},"image":{"@id":"https:\/\/www.grupolanave.com\/informacion\/razones-para-alquilar-un-trastero\/#primaryimage"},"thumbnailUrl":"https:\/\/www.grupolanave.com\/informacion\/wp-content\/uploads\/2021\/04\/razones-para-alquilar-un-trastero.jpg","datePublished":"2021-04-07T10:51:04+00:00","dateModified":"2021-04-07T10:51:05+00:00","description":"Desde el Grupo la Nave queremos ver contigo los posibles motivos que puedan llevarte a alquilar un trastero y sus ventajas","breadcrumb":{"@id":"https:\/\/www.grupolanave.com\/informacion\/razones-para-alquilar-un-trastero\/#breadcrumb"},"inLanguage":"es","potentialAction":[{"@type":"ReadAction","target":["https:\/\/www.grupolanave.com\/informacion\/razones-para-alquilar-un-trastero\/"]}]},{"@type":"ImageObject","inLanguage":"es","@id":"https:\/\/www.grupolanave.com\/informacion\/razones-para-alquilar-un-trastero\/#primaryimage","url":"https:\/\/www.grupolanave.com\/informacion\/wp-content\/uploads\/2021\/04\/razones-para-alquilar-un-trastero.jpg","contentUrl":"https:\/\/www.grupolanave.com\/informacion\/wp-content\/uploads\/2021\/04\/razones-para-alquilar-un-trastero.jpg","width":1200,"height":712},{"@type":"BreadcrumbList","@id":"https:\/\/www.grupolanave.com\/informacion\/razones-para-alquilar-un-trastero\/#breadcrumb","itemListElement":[{"@type":"ListItem","position":1,"name":"Portada","item":"https:\/\/www.grupolanave.com\/informacion\/"},{"@type":"ListItem","position":2,"name":"Razones para alquilar un trastero"}]},{"@type":"WebSite","@id":"https:\/\/www.grupolanave.com\/informacion\/#website","url":"https:\/\/www.grupolanave.com\/informacion\/","name":"Grupo La Nave","description":"Alquiler de trasteros y minialmacenes","publisher":{"@id":"https:\/\/www.grupolanave.com\/informacion\/#organization"},"potentialAction":[{"@type":"SearchAction","target":{"@type":"EntryPoint","urlTemplate":"https:\/\/www.grupolanave.com\/informacion\/?s={search_term_string}"},"query-input":"required name=search_term_string"}],"inLanguage":"es"},{"@type":"Organization","@id":"https:\/\/www.grupolanave.com\/informacion\/#organization","name":"Grupo La Nave","url":"https:\/\/www.grupolanave.com\/informacion\/","logo":{"@type":"ImageObject","inLanguage":"es","@id":"https:\/\/www.grupolanave.com\/informacion\/#\/schema\/logo\/image\/","url":"https:\/\/www.grupolanave.com\/informacion\/wp-content\/uploads\/2021\/04\/cropped-logo-trasteros.png","contentUrl":"https:\/\/www.grupolanave.com\/informacion\/wp-content\/uploads\/2021\/04\/cropped-logo-trasteros.png","width":291,"height":85,"caption":"Grupo La Nave"},"image":{"@id":"https:\/\/www.grupolanave.com\/informacion\/#\/schema\/logo\/image\/"}},{"@type":"Person","@id":"https:\/\/www.grupolanave.com\/informacion\/#\/schema\/person\/e5a234affc161cbc11f28a4b305e10c4","name":"lanave","image":{"@type":"ImageObject","inLanguage":"es","@id":"https:\/\/www.grupolanave.com\/informacion\/#\/schema\/person\/image\/","url":"https:\/\/secure.gravatar.com\/avatar\/4149137097ddd89bf75c953b3f2ed1e1?s=96&d=mm&r=g","contentUrl":"https:\/\/secure.gravatar.com\/avatar\/4149137097ddd89bf75c953b3f2ed1e1?s=96&d=mm&r=g","caption":"lanave"},"sameAs":["https:\/\/www.grupolanave.com\/informacion"],"url":"https:\/\/www.grupolanave.com\/informacion\/author\/lanave\/"}]}},"_links":{"self":[{"href":"https:\/\/www.grupolanave.com\/informacion\/wp-json\/wp\/v2\/posts\/51"}],"collection":[{"href":"https:\/\/www.grupolanave.com\/informacion\/wp-json\/wp\/v2\/posts"}],"about":[{"href":"https:\/\/www.grupolanave.com\/informacion\/wp-json\/wp\/v2\/types\/post"}],"author":[{"embeddable":true,"href":"https:\/\/www.grupolanave.com\/informacion\/wp-json\/wp\/v2\/users\/1"}],"replies":[{"embeddable":true,"href":"https:\/\/www.grupolanave.com\/informacion\/wp-json\/wp\/v2\/comments?post=51"}],"version-history":[{"count":1,"href":"https:\/\/www.grupolanave.com\/informacion\/wp-json\/wp\/v2\/posts\/51\/revisions"}],"predecessor-version":[{"id":53,"href":"https:\/\/www.grupolanave.com\/informacion\/wp-json\/wp\/v2\/posts\/51\/revisions\/53"}],"wp:featuredmedia":[{"embeddable":true,"href":"https:\/\/www.grupolanave.com\/informacion\/wp-json\/wp\/v2\/media\/52"}],"wp:attachment":[{"href":"https:\/\/www.grupolanave.com\/informacion\/wp-json\/wp\/v2\/media?parent=51"}],"wp:term":[{"taxonomy":"category","embeddable":true,"href":"https:\/\/www.grupolanave.com\/informacion\/wp-json\/wp\/v2\/categories?post=51"},{"taxonomy":"post_tag","embeddable":true,"href":"https:\/\/www.grupolanave.com\/informacion\/wp-json\/wp\/v2\/tags?post=51"}],"curies":[{"name":"wp","href":"https:\/\/api.w.org\/{rel}","templated":true}]}}