{"id":526,"date":"2023-10-05T08:55:37","date_gmt":"2023-10-05T08:55:37","guid":{"rendered":"https:\/\/www.grupolanave.com\/informacion\/?p=526"},"modified":"2023-10-05T08:55:37","modified_gmt":"2023-10-05T08:55:37","slug":"que-es-el-metodo-fefo-en-la-gestion-de-almacenes","status":"publish","type":"post","link":"https:\/\/www.grupolanave.com\/informacion\/que-es-el-metodo-fefo-en-la-gestion-de-almacenes\/","title":{"rendered":"Qu\u00e9 es el m\u00e9todo FEFO en la gesti\u00f3n de almacenes"},"content":{"rendered":"\n<p>A la hora de gestionar un almac\u00e9n es muy importante apostar por un sistema que permita organizar y controlar todos los productos y las tareas de forma eficiente y precisa. Entre las distintas alternativas existentes, el&nbsp;<strong>m\u00e9todo FEFO<\/strong>&nbsp;es uno de los m\u00e1s interesantes, sobre todo para aquellos negocios que trabajan con productos que tienen una fecha de caducidad.<\/p>\n\n\n\n<h2 class=\"wp-block-heading\"><strong>Qu\u00e9 es el m\u00e9todo FEFO y en qu\u00e9 consiste&nbsp;<\/strong><\/h2>\n\n\n\n<p>FEFO tiene el significado de<em>&nbsp;first expired<\/em>,&nbsp;<em>first out<\/em>, y hace referencia a un&nbsp;<strong>m\u00e9todo de gesti\u00f3n de inventario donde los productos que tienen una fecha de vencimiento o caducidad m\u00e1s corta, son los primeros en salir.<\/strong>&nbsp;Gracias a este sistema, las empresas garantizan que los productos m\u00e1s antiguos y que tienen una fecha de obsolescencia o caducidad m\u00e1s corta, se vendan primero, evitando el riesgo de que haya que retirarlos y produzcan p\u00e9rdidas para el negocio.<\/p>\n\n\n\n<p>Algunas de las ventajas m\u00e1s interesantes de este sistema son:<\/p>\n\n\n\n<ul><li>Mayor rotaci\u00f3n de los productos del almac\u00e9n.<\/li><li>Reducci\u00f3n de p\u00e9rdidas generadas por obsolescencia o caducidad de productos.<\/li><li>Mejor gesti\u00f3n del espacio de almacenaje.<\/li><li>Optimizaci\u00f3n de los pedidos a proveedores.<\/li><\/ul>\n\n\n\n<h2 class=\"wp-block-heading\"><strong>Claves para aplicar el sistema FEFO en la gesti\u00f3n de un almac\u00e9n<\/strong><\/h2>\n\n\n\n<p>El m\u00e9todo FEFO es utilizado por m\u00faltiples sectores, como empresas del sector alimentario, sanitario o tecnol\u00f3gico, debido a todas las ventajas que proporciona. Veamos algunos aspectos importantes a la hora de implementar este sistema de gesti\u00f3n de inventarios en un negocio:<\/p>\n\n\n\n<h3 class=\"wp-block-heading\"><strong>Etiquetado claro y preciso<\/strong><\/h3>\n\n\n\n<p>El etiquetado es una tarea clave a la hora de implementar FEFO en una empresa, pues de esta manera es m\u00e1s sencillo&nbsp;<strong>disponer de un control preciso de las fechas de caducidad<\/strong>&nbsp;de los productos.<\/p>\n\n\n\n<h3 class=\"wp-block-heading\"><strong><em>Software<\/em><\/strong><strong>&nbsp;espec\u00edfico<\/strong><\/h3>\n\n\n\n<p>Utilizar un programa inform\u00e1tico para gestionar el&nbsp;<em>stock<\/em>&nbsp;es otra de las claves para garantizar que el m\u00e9todo FEFO funcione de forma \u00f3ptima. Este tipo de&nbsp;<em>software<\/em>&nbsp;dispone de herramientas espec\u00edficas que simplifican las tareas de gesti\u00f3n, como&nbsp;<strong>avisos automatizados cuando algunos productos est\u00e1n cerca del final del ciclo de vida<\/strong>, lo que facilita su salida al mercado.<\/p>\n\n\n\n<p>Estos programas facilitan muchas tareas clave dentro del m\u00e9todo FEFO, como la gesti\u00f3n de pedidos, los registros y seguimientos, o los sistemas de rotaci\u00f3n de&nbsp;<em>stock<\/em>&nbsp;y&nbsp;<em>stock<\/em>&nbsp;de seguridad, entre otros.<\/p>\n\n\n\n<h3 class=\"wp-block-heading\"><strong>Organizaci\u00f3n del almac\u00e9n<\/strong><\/h3>\n\n\n\n<p>Disponer del espacio adecuado es fundamental para poder&nbsp;<strong>organizar los productos en orden prioritario y as\u00ed facilitar la salida de aquellos con menor fecha de caducidad<\/strong>. Alquilar espacio extra como trasteros o peque\u00f1os almacenes es una buena alternativa para facilitar la implantaci\u00f3n del m\u00e9todo FEFO.<\/p>\n\n\n\n<h3 class=\"wp-block-heading\"><strong>Formaci\u00f3n del personal<\/strong><\/h3>\n\n\n\n<p>Los operarios del almac\u00e9n deben contar con la capacitaci\u00f3n necesaria para poder llevar a cabo un sistema de gesti\u00f3n de stock FEFO.&nbsp;<strong>Apostar por la formaci\u00f3n debe ser una prioridad<\/strong>&nbsp;para cualquier empresa que quiera optimizar sus procesos de almac\u00e9n y as\u00ed elevar su nivel competitivo.<\/p>\n\n\n\n<p>Implementar un&nbsp;<strong>sistema FEFO<\/strong>&nbsp;es la mejor alternativa para organizar de forma eficiente un almac\u00e9n, agilizar la rotaci\u00f3n de productos y optimizar los pedidos a proveedores. Con nuestros&nbsp;<strong>trasteros o minialmacenes de alquiler,<\/strong>&nbsp;en Grupo La Nave dispondr\u00e1s de ese espacio extra que necesita tu negocio para almacenar productos, herramientas, maquinaria o cualquier elemento.<\/p>\n","protected":false},"excerpt":{"rendered":"<p>A la hora de gestionar un almac\u00e9n es muy importante apostar por un sistema que permita organizar y controlar todos los productos y las tareas de forma eficiente y precisa. Entre las distintas alternativas existentes, el&nbsp;m\u00e9todo FEFO&nbsp;es uno de los m\u00e1s interesantes, sobre todo para aquellos negocios que trabajan con productos que tienen una fecha [&hellip;]<\/p>\n","protected":false},"author":1,"featured_media":527,"comment_status":"open","ping_status":"open","sticky":false,"template":"","format":"standard","meta":{"footnotes":""},"categories":[1],"tags":[],"yoast_head":"<!-- This site is optimized with the Yoast SEO plugin v22.8 - https:\/\/yoast.com\/wordpress\/plugins\/seo\/ -->\n<title>Qu\u00e9 es el m\u00e9todo FEFO en la gesti\u00f3n de almacenes - Grupo La Nave<\/title>\n<meta name=\"robots\" content=\"index, follow, max-snippet:-1, max-image-preview:large, max-video-preview:-1\" \/>\n<link rel=\"canonical\" href=\"https:\/\/www.grupolanave.com\/informacion\/que-es-el-metodo-fefo-en-la-gestion-de-almacenes\/\" \/>\n<meta property=\"og:locale\" content=\"es_ES\" \/>\n<meta property=\"og:type\" content=\"article\" \/>\n<meta property=\"og:title\" content=\"Qu\u00e9 es el m\u00e9todo FEFO en la gesti\u00f3n de almacenes - Grupo La Nave\" \/>\n<meta property=\"og:description\" content=\"A la hora de gestionar un almac\u00e9n es muy importante apostar por un sistema que permita organizar y controlar todos los productos y las tareas de forma eficiente y precisa. Entre las distintas alternativas existentes, el&nbsp;m\u00e9todo FEFO&nbsp;es uno de los m\u00e1s interesantes, sobre todo para aquellos negocios que trabajan con productos que tienen una fecha [&hellip;]\" \/>\n<meta property=\"og:url\" content=\"https:\/\/www.grupolanave.com\/informacion\/que-es-el-metodo-fefo-en-la-gestion-de-almacenes\/\" \/>\n<meta property=\"og:site_name\" content=\"Grupo La Nave\" \/>\n<meta property=\"article:published_time\" content=\"2023-10-05T08:55:37+00:00\" \/>\n<meta property=\"og:image\" content=\"https:\/\/www.grupolanave.com\/informacion\/wp-content\/uploads\/2023\/10\/sistema_fefo.jpg\" \/>\n\t<meta property=\"og:image:width\" content=\"1000\" \/>\n\t<meta property=\"og:image:height\" content=\"667\" \/>\n\t<meta property=\"og:image:type\" content=\"image\/jpeg\" \/>\n<meta name=\"author\" content=\"lanave\" \/>\n<meta name=\"twitter:card\" content=\"summary_large_image\" \/>\n<meta name=\"twitter:label1\" content=\"Escrito por\" \/>\n\t<meta name=\"twitter:data1\" content=\"lanave\" \/>\n\t<meta name=\"twitter:label2\" content=\"Tiempo de lectura\" \/>\n\t<meta name=\"twitter:data2\" content=\"3 minutos\" \/>\n<script type=\"application\/ld+json\" class=\"yoast-schema-graph\">{\"@context\":\"https:\/\/schema.org\",\"@graph\":[{\"@type\":\"Article\",\"@id\":\"https:\/\/www.grupolanave.com\/informacion\/que-es-el-metodo-fefo-en-la-gestion-de-almacenes\/#article\",\"isPartOf\":{\"@id\":\"https:\/\/www.grupolanave.com\/informacion\/que-es-el-metodo-fefo-en-la-gestion-de-almacenes\/\"},\"author\":{\"name\":\"lanave\",\"@id\":\"https:\/\/www.grupolanave.com\/informacion\/#\/schema\/person\/e5a234affc161cbc11f28a4b305e10c4\"},\"headline\":\"Qu\u00e9 es el m\u00e9todo FEFO en la gesti\u00f3n de almacenes\",\"datePublished\":\"2023-10-05T08:55:37+00:00\",\"dateModified\":\"2023-10-05T08:55:37+00:00\",\"mainEntityOfPage\":{\"@id\":\"https:\/\/www.grupolanave.com\/informacion\/que-es-el-metodo-fefo-en-la-gestion-de-almacenes\/\"},\"wordCount\":604,\"commentCount\":0,\"publisher\":{\"@id\":\"https:\/\/www.grupolanave.com\/informacion\/#organization\"},\"image\":{\"@id\":\"https:\/\/www.grupolanave.com\/informacion\/que-es-el-metodo-fefo-en-la-gestion-de-almacenes\/#primaryimage\"},\"thumbnailUrl\":\"https:\/\/www.grupolanave.com\/informacion\/wp-content\/uploads\/2023\/10\/sistema_fefo.jpg\",\"inLanguage\":\"es\",\"potentialAction\":[{\"@type\":\"CommentAction\",\"name\":\"Comment\",\"target\":[\"https:\/\/www.grupolanave.com\/informacion\/que-es-el-metodo-fefo-en-la-gestion-de-almacenes\/#respond\"]}]},{\"@type\":\"WebPage\",\"@id\":\"https:\/\/www.grupolanave.com\/informacion\/que-es-el-metodo-fefo-en-la-gestion-de-almacenes\/\",\"url\":\"https:\/\/www.grupolanave.com\/informacion\/que-es-el-metodo-fefo-en-la-gestion-de-almacenes\/\",\"name\":\"Qu\u00e9 es el m\u00e9todo FEFO en la gesti\u00f3n de almacenes - Grupo La Nave\",\"isPartOf\":{\"@id\":\"https:\/\/www.grupolanave.com\/informacion\/#website\"},\"primaryImageOfPage\":{\"@id\":\"https:\/\/www.grupolanave.com\/informacion\/que-es-el-metodo-fefo-en-la-gestion-de-almacenes\/#primaryimage\"},\"image\":{\"@id\":\"https:\/\/www.grupolanave.com\/informacion\/que-es-el-metodo-fefo-en-la-gestion-de-almacenes\/#primaryimage\"},\"thumbnailUrl\":\"https:\/\/www.grupolanave.com\/informacion\/wp-content\/uploads\/2023\/10\/sistema_fefo.jpg\",\"datePublished\":\"2023-10-05T08:55:37+00:00\",\"dateModified\":\"2023-10-05T08:55:37+00:00\",\"breadcrumb\":{\"@id\":\"https:\/\/www.grupolanave.com\/informacion\/que-es-el-metodo-fefo-en-la-gestion-de-almacenes\/#breadcrumb\"},\"inLanguage\":\"es\",\"potentialAction\":[{\"@type\":\"ReadAction\",\"target\":[\"https:\/\/www.grupolanave.com\/informacion\/que-es-el-metodo-fefo-en-la-gestion-de-almacenes\/\"]}]},{\"@type\":\"ImageObject\",\"inLanguage\":\"es\",\"@id\":\"https:\/\/www.grupolanave.com\/informacion\/que-es-el-metodo-fefo-en-la-gestion-de-almacenes\/#primaryimage\",\"url\":\"https:\/\/www.grupolanave.com\/informacion\/wp-content\/uploads\/2023\/10\/sistema_fefo.jpg\",\"contentUrl\":\"https:\/\/www.grupolanave.com\/informacion\/wp-content\/uploads\/2023\/10\/sistema_fefo.jpg\",\"width\":1000,\"height\":667},{\"@type\":\"BreadcrumbList\",\"@id\":\"https:\/\/www.grupolanave.com\/informacion\/que-es-el-metodo-fefo-en-la-gestion-de-almacenes\/#breadcrumb\",\"itemListElement\":[{\"@type\":\"ListItem\",\"position\":1,\"name\":\"Portada\",\"item\":\"https:\/\/www.grupolanave.com\/informacion\/\"},{\"@type\":\"ListItem\",\"position\":2,\"name\":\"Qu\u00e9 es el m\u00e9todo FEFO en la gesti\u00f3n de almacenes\"}]},{\"@type\":\"WebSite\",\"@id\":\"https:\/\/www.grupolanave.com\/informacion\/#website\",\"url\":\"https:\/\/www.grupolanave.com\/informacion\/\",\"name\":\"Grupo La Nave\",\"description\":\"Alquiler de trasteros y minialmacenes\",\"publisher\":{\"@id\":\"https:\/\/www.grupolanave.com\/informacion\/#organization\"},\"potentialAction\":[{\"@type\":\"SearchAction\",\"target\":{\"@type\":\"EntryPoint\",\"urlTemplate\":\"https:\/\/www.grupolanave.com\/informacion\/?s={search_term_string}\"},\"query-input\":\"required name=search_term_string\"}],\"inLanguage\":\"es\"},{\"@type\":\"Organization\",\"@id\":\"https:\/\/www.grupolanave.com\/informacion\/#organization\",\"name\":\"Grupo La Nave\",\"url\":\"https:\/\/www.grupolanave.com\/informacion\/\",\"logo\":{\"@type\":\"ImageObject\",\"inLanguage\":\"es\",\"@id\":\"https:\/\/www.grupolanave.com\/informacion\/#\/schema\/logo\/image\/\",\"url\":\"https:\/\/www.grupolanave.com\/informacion\/wp-content\/uploads\/2021\/04\/cropped-logo-trasteros.png\",\"contentUrl\":\"https:\/\/www.grupolanave.com\/informacion\/wp-content\/uploads\/2021\/04\/cropped-logo-trasteros.png\",\"width\":291,\"height\":85,\"caption\":\"Grupo La Nave\"},\"image\":{\"@id\":\"https:\/\/www.grupolanave.com\/informacion\/#\/schema\/logo\/image\/\"}},{\"@type\":\"Person\",\"@id\":\"https:\/\/www.grupolanave.com\/informacion\/#\/schema\/person\/e5a234affc161cbc11f28a4b305e10c4\",\"name\":\"lanave\",\"image\":{\"@type\":\"ImageObject\",\"inLanguage\":\"es\",\"@id\":\"https:\/\/www.grupolanave.com\/informacion\/#\/schema\/person\/image\/\",\"url\":\"https:\/\/secure.gravatar.com\/avatar\/4149137097ddd89bf75c953b3f2ed1e1?s=96&d=mm&r=g\",\"contentUrl\":\"https:\/\/secure.gravatar.com\/avatar\/4149137097ddd89bf75c953b3f2ed1e1?s=96&d=mm&r=g\",\"caption\":\"lanave\"},\"sameAs\":[\"https:\/\/www.grupolanave.com\/informacion\"],\"url\":\"https:\/\/www.grupolanave.com\/informacion\/author\/lanave\/\"}]}<\/script>\n<!-- \/ Yoast SEO plugin. -->","yoast_head_json":{"title":"Qu\u00e9 es el m\u00e9todo FEFO en la gesti\u00f3n de almacenes - Grupo La Nave","robots":{"index":"index","follow":"follow","max-snippet":"max-snippet:-1","max-image-preview":"max-image-preview:large","max-video-preview":"max-video-preview:-1"},"canonical":"https:\/\/www.grupolanave.com\/informacion\/que-es-el-metodo-fefo-en-la-gestion-de-almacenes\/","og_locale":"es_ES","og_type":"article","og_title":"Qu\u00e9 es el m\u00e9todo FEFO en la gesti\u00f3n de almacenes - Grupo La Nave","og_description":"A la hora de gestionar un almac\u00e9n es muy importante apostar por un sistema que permita organizar y controlar todos los productos y las tareas de forma eficiente y precisa. Entre las distintas alternativas existentes, el&nbsp;m\u00e9todo FEFO&nbsp;es uno de los m\u00e1s interesantes, sobre todo para aquellos negocios que trabajan con productos que tienen una fecha [&hellip;]","og_url":"https:\/\/www.grupolanave.com\/informacion\/que-es-el-metodo-fefo-en-la-gestion-de-almacenes\/","og_site_name":"Grupo La Nave","article_published_time":"2023-10-05T08:55:37+00:00","og_image":[{"width":1000,"height":667,"url":"https:\/\/www.grupolanave.com\/informacion\/wp-content\/uploads\/2023\/10\/sistema_fefo.jpg","type":"image\/jpeg"}],"author":"lanave","twitter_card":"summary_large_image","twitter_misc":{"Escrito por":"lanave","Tiempo de lectura":"3 minutos"},"schema":{"@context":"https:\/\/schema.org","@graph":[{"@type":"Article","@id":"https:\/\/www.grupolanave.com\/informacion\/que-es-el-metodo-fefo-en-la-gestion-de-almacenes\/#article","isPartOf":{"@id":"https:\/\/www.grupolanave.com\/informacion\/que-es-el-metodo-fefo-en-la-gestion-de-almacenes\/"},"author":{"name":"lanave","@id":"https:\/\/www.grupolanave.com\/informacion\/#\/schema\/person\/e5a234affc161cbc11f28a4b305e10c4"},"headline":"Qu\u00e9 es el m\u00e9todo FEFO en la gesti\u00f3n de almacenes","datePublished":"2023-10-05T08:55:37+00:00","dateModified":"2023-10-05T08:55:37+00:00","mainEntityOfPage":{"@id":"https:\/\/www.grupolanave.com\/informacion\/que-es-el-metodo-fefo-en-la-gestion-de-almacenes\/"},"wordCount":604,"commentCount":0,"publisher":{"@id":"https:\/\/www.grupolanave.com\/informacion\/#organization"},"image":{"@id":"https:\/\/www.grupolanave.com\/informacion\/que-es-el-metodo-fefo-en-la-gestion-de-almacenes\/#primaryimage"},"thumbnailUrl":"https:\/\/www.grupolanave.com\/informacion\/wp-content\/uploads\/2023\/10\/sistema_fefo.jpg","inLanguage":"es","potentialAction":[{"@type":"CommentAction","name":"Comment","target":["https:\/\/www.grupolanave.com\/informacion\/que-es-el-metodo-fefo-en-la-gestion-de-almacenes\/#respond"]}]},{"@type":"WebPage","@id":"https:\/\/www.grupolanave.com\/informacion\/que-es-el-metodo-fefo-en-la-gestion-de-almacenes\/","url":"https:\/\/www.grupolanave.com\/informacion\/que-es-el-metodo-fefo-en-la-gestion-de-almacenes\/","name":"Qu\u00e9 es el m\u00e9todo FEFO en la gesti\u00f3n de almacenes - Grupo La Nave","isPartOf":{"@id":"https:\/\/www.grupolanave.com\/informacion\/#website"},"primaryImageOfPage":{"@id":"https:\/\/www.grupolanave.com\/informacion\/que-es-el-metodo-fefo-en-la-gestion-de-almacenes\/#primaryimage"},"image":{"@id":"https:\/\/www.grupolanave.com\/informacion\/que-es-el-metodo-fefo-en-la-gestion-de-almacenes\/#primaryimage"},"thumbnailUrl":"https:\/\/www.grupolanave.com\/informacion\/wp-content\/uploads\/2023\/10\/sistema_fefo.jpg","datePublished":"2023-10-05T08:55:37+00:00","dateModified":"2023-10-05T08:55:37+00:00","breadcrumb":{"@id":"https:\/\/www.grupolanave.com\/informacion\/que-es-el-metodo-fefo-en-la-gestion-de-almacenes\/#breadcrumb"},"inLanguage":"es","potentialAction":[{"@type":"ReadAction","target":["https:\/\/www.grupolanave.com\/informacion\/que-es-el-metodo-fefo-en-la-gestion-de-almacenes\/"]}]},{"@type":"ImageObject","inLanguage":"es","@id":"https:\/\/www.grupolanave.com\/informacion\/que-es-el-metodo-fefo-en-la-gestion-de-almacenes\/#primaryimage","url":"https:\/\/www.grupolanave.com\/informacion\/wp-content\/uploads\/2023\/10\/sistema_fefo.jpg","contentUrl":"https:\/\/www.grupolanave.com\/informacion\/wp-content\/uploads\/2023\/10\/sistema_fefo.jpg","width":1000,"height":667},{"@type":"BreadcrumbList","@id":"https:\/\/www.grupolanave.com\/informacion\/que-es-el-metodo-fefo-en-la-gestion-de-almacenes\/#breadcrumb","itemListElement":[{"@type":"ListItem","position":1,"name":"Portada","item":"https:\/\/www.grupolanave.com\/informacion\/"},{"@type":"ListItem","position":2,"name":"Qu\u00e9 es el m\u00e9todo FEFO en la gesti\u00f3n de almacenes"}]},{"@type":"WebSite","@id":"https:\/\/www.grupolanave.com\/informacion\/#website","url":"https:\/\/www.grupolanave.com\/informacion\/","name":"Grupo La Nave","description":"Alquiler de trasteros y minialmacenes","publisher":{"@id":"https:\/\/www.grupolanave.com\/informacion\/#organization"},"potentialAction":[{"@type":"SearchAction","target":{"@type":"EntryPoint","urlTemplate":"https:\/\/www.grupolanave.com\/informacion\/?s={search_term_string}"},"query-input":"required name=search_term_string"}],"inLanguage":"es"},{"@type":"Organization","@id":"https:\/\/www.grupolanave.com\/informacion\/#organization","name":"Grupo La Nave","url":"https:\/\/www.grupolanave.com\/informacion\/","logo":{"@type":"ImageObject","inLanguage":"es","@id":"https:\/\/www.grupolanave.com\/informacion\/#\/schema\/logo\/image\/","url":"https:\/\/www.grupolanave.com\/informacion\/wp-content\/uploads\/2021\/04\/cropped-logo-trasteros.png","contentUrl":"https:\/\/www.grupolanave.com\/informacion\/wp-content\/uploads\/2021\/04\/cropped-logo-trasteros.png","width":291,"height":85,"caption":"Grupo La Nave"},"image":{"@id":"https:\/\/www.grupolanave.com\/informacion\/#\/schema\/logo\/image\/"}},{"@type":"Person","@id":"https:\/\/www.grupolanave.com\/informacion\/#\/schema\/person\/e5a234affc161cbc11f28a4b305e10c4","name":"lanave","image":{"@type":"ImageObject","inLanguage":"es","@id":"https:\/\/www.grupolanave.com\/informacion\/#\/schema\/person\/image\/","url":"https:\/\/secure.gravatar.com\/avatar\/4149137097ddd89bf75c953b3f2ed1e1?s=96&d=mm&r=g","contentUrl":"https:\/\/secure.gravatar.com\/avatar\/4149137097ddd89bf75c953b3f2ed1e1?s=96&d=mm&r=g","caption":"lanave"},"sameAs":["https:\/\/www.grupolanave.com\/informacion"],"url":"https:\/\/www.grupolanave.com\/informacion\/author\/lanave\/"}]}},"_links":{"self":[{"href":"https:\/\/www.grupolanave.com\/informacion\/wp-json\/wp\/v2\/posts\/526"}],"collection":[{"href":"https:\/\/www.grupolanave.com\/informacion\/wp-json\/wp\/v2\/posts"}],"about":[{"href":"https:\/\/www.grupolanave.com\/informacion\/wp-json\/wp\/v2\/types\/post"}],"author":[{"embeddable":true,"href":"https:\/\/www.grupolanave.com\/informacion\/wp-json\/wp\/v2\/users\/1"}],"replies":[{"embeddable":true,"href":"https:\/\/www.grupolanave.com\/informacion\/wp-json\/wp\/v2\/comments?post=526"}],"version-history":[{"count":1,"href":"https:\/\/www.grupolanave.com\/informacion\/wp-json\/wp\/v2\/posts\/526\/revisions"}],"predecessor-version":[{"id":528,"href":"https:\/\/www.grupolanave.com\/informacion\/wp-json\/wp\/v2\/posts\/526\/revisions\/528"}],"wp:featuredmedia":[{"embeddable":true,"href":"https:\/\/www.grupolanave.com\/informacion\/wp-json\/wp\/v2\/media\/527"}],"wp:attachment":[{"href":"https:\/\/www.grupolanave.com\/informacion\/wp-json\/wp\/v2\/media?parent=526"}],"wp:term":[{"taxonomy":"category","embeddable":true,"href":"https:\/\/www.grupolanave.com\/informacion\/wp-json\/wp\/v2\/categories?post=526"},{"taxonomy":"post_tag","embeddable":true,"href":"https:\/\/www.grupolanave.com\/informacion\/wp-json\/wp\/v2\/tags?post=526"}],"curies":[{"name":"wp","href":"https:\/\/api.w.org\/{rel}","templated":true}]}}