{"id":66,"date":"2021-04-07T10:55:17","date_gmt":"2021-04-07T10:55:17","guid":{"rendered":"https:\/\/www.grupolanave.com\/informacion\/?p=66"},"modified":"2021-04-07T10:55:17","modified_gmt":"2021-04-07T10:55:17","slug":"almacenar-ropa-en-un-trastero","status":"publish","type":"post","link":"https:\/\/www.grupolanave.com\/informacion\/almacenar-ropa-en-un-trastero\/","title":{"rendered":"Almacenar ropa en un trastero"},"content":{"rendered":"\n<p>Todos hemos llegado a ser \u201cv\u00edctimas\u201d de la acumulaci\u00f3n de ropa, ya sea debido al aumento de la familia por la incorporaci\u00f3n de nuevos integrantes, adquisici\u00f3n de nuevas prendas por cambio de tallas, o simplemente porque se nos pasa la mano comprando. Tarde o temprano, siempre llega el momento en el que no sabemos d\u00f3nde almacenarla y no queremos deshacernos de ella.<\/p>\n\n\n\n<p>La soluci\u00f3n para el almacenamiento de ropa que no tenemos en uso la encontramos en el alquiler de trasteros y en su funcionalidad para guardar elementos para los que no tenemos espacio en casa.<\/p>\n\n\n\n<p>Cuando la familia aumenta por el nacimiento de un beb\u00e9 se llega a acumular mucha ropa debido al r\u00e1pido crecimiento de \u00e9stos, pero cuando se trata de una familia en busca de m\u00e1s hijos es usual que se pretenda almacenar la ropa para su futura reutilizaci\u00f3n.<\/p>\n\n\n\n<p>Lo primero que se debe hacer en este caso es realizar un inventario de lo que se va a guardar, o simplemente identificar la caja donde ser\u00e1 depositada, etiquet\u00e1ndola para que sepamos lo que contiene y no caiga en el olvido por un simple despiste.<\/p>\n\n\n\n<p>Por otro lado, es importante saber lo que tenemos para poder clasificar la ropa entre lo que de verdad queremos almacenar y lo que podemos desechar o donar. Adem\u00e1s, si se trata de ropa que tenemos en mente utilizar dentro de un periodo corto de tiempo ser\u00eda conveniente que se mantenga a mano o por encima del resto.<\/p>\n\n\n\n<p>Antes de comenzar a organizar la ropa en nuestro trastero debemos limpiarla y lavarla de manera correcta, tal y como lo indica en cada una de sus etiquetas. Porque si no lo hacemos, corremos el riesgo de que se estropee con el tiempo o llegue a oler mal. As\u00ed mismo, tenemos que saber que no es conveniente que se almacene la ropa en bolsas de pl\u00e1stico, ya que al estar guardada puede acumular humedad y transferirse a la ropa.<\/p>\n\n\n\n<p>Se dice que es m\u00e1s importante el lugar donde almacenas la ropa, que el c\u00f3mo la almacenas, por lo que intentaremos buscar un lugar en nuestro trastero que sea oscuro, seco y fresco. Tambi\u00e9n se recomienda que exista una ligera corriente de aire y que no haya contacto directo con la luz del sol. Todo esto es fundamental para el mantenimiento de los tejidos de la ropa.<\/p>\n\n\n\n<p>Es imprescindible evitar doblar en exceso la ropa y por otra parte, volver a acomodar la ropa una vez al a\u00f1o dobl\u00e1ndola de manera diferente para que los pliegues no se asienten y se empiecen a desgastar. Un \u00faltimo consejo es evitar en la medida de lo posible las perchas de metal, pues con el tiempo pueden arruinar nuestra ropa.<\/p>\n\n\n\n<p>Los consejos de almacenamiento en trasteros nunca est\u00e1n de m\u00e1s, por eso desde Grupo La Nave os damos los m\u00e1s importantes para que pod\u00e1is llevarlos a cabo.<\/p>\n","protected":false},"excerpt":{"rendered":"<p>Todos hemos llegado a ser \u201cv\u00edctimas\u201d de la acumulaci\u00f3n de ropa, ya sea debido al aumento de la familia por la incorporaci\u00f3n de nuevos integrantes, adquisici\u00f3n de nuevas prendas por cambio de tallas, o simplemente porque se nos pasa la mano comprando. Tarde o temprano, siempre llega el momento en el que no sabemos d\u00f3nde [&hellip;]<\/p>\n","protected":false},"author":1,"featured_media":67,"comment_status":"open","ping_status":"open","sticky":false,"template":"","format":"standard","meta":{"footnotes":""},"categories":[1],"tags":[],"yoast_head":"<!-- This site is optimized with the Yoast SEO plugin v22.8 - https:\/\/yoast.com\/wordpress\/plugins\/seo\/ -->\n<title>Almacenar ropa en un trastero - Grupo La Nave<\/title>\n<meta name=\"description\" content=\"Desde Grupo La Nave os damos los consejos m\u00e1s importantes para que pod\u00e1is almacenar para ropa correctamente en trasteros.\" \/>\n<meta name=\"robots\" content=\"index, follow, max-snippet:-1, max-image-preview:large, max-video-preview:-1\" \/>\n<link rel=\"canonical\" href=\"https:\/\/www.grupolanave.com\/informacion\/almacenar-ropa-en-un-trastero\/\" \/>\n<meta property=\"og:locale\" content=\"es_ES\" \/>\n<meta property=\"og:type\" content=\"article\" \/>\n<meta property=\"og:title\" content=\"Almacenar ropa en un trastero - Grupo La Nave\" \/>\n<meta property=\"og:description\" content=\"Desde Grupo La Nave os damos los consejos m\u00e1s importantes para que pod\u00e1is almacenar para ropa correctamente en trasteros.\" \/>\n<meta property=\"og:url\" content=\"https:\/\/www.grupolanave.com\/informacion\/almacenar-ropa-en-un-trastero\/\" \/>\n<meta property=\"og:site_name\" content=\"Grupo La Nave\" \/>\n<meta property=\"article:published_time\" content=\"2021-04-07T10:55:17+00:00\" \/>\n<meta property=\"og:image\" content=\"https:\/\/www.grupolanave.com\/informacion\/wp-content\/uploads\/2021\/04\/almacenar-ropa-en-un-trastero.jpg\" \/>\n\t<meta property=\"og:image:width\" content=\"400\" \/>\n\t<meta property=\"og:image:height\" content=\"523\" \/>\n\t<meta property=\"og:image:type\" content=\"image\/jpeg\" \/>\n<meta name=\"author\" content=\"lanave\" \/>\n<meta name=\"twitter:card\" content=\"summary_large_image\" \/>\n<meta name=\"twitter:label1\" content=\"Escrito por\" \/>\n\t<meta name=\"twitter:data1\" content=\"lanave\" \/>\n\t<meta name=\"twitter:label2\" content=\"Tiempo de lectura\" \/>\n\t<meta name=\"twitter:data2\" content=\"3 minutos\" \/>\n<script type=\"application\/ld+json\" class=\"yoast-schema-graph\">{\"@context\":\"https:\/\/schema.org\",\"@graph\":[{\"@type\":\"Article\",\"@id\":\"https:\/\/www.grupolanave.com\/informacion\/almacenar-ropa-en-un-trastero\/#article\",\"isPartOf\":{\"@id\":\"https:\/\/www.grupolanave.com\/informacion\/almacenar-ropa-en-un-trastero\/\"},\"author\":{\"name\":\"lanave\",\"@id\":\"https:\/\/www.grupolanave.com\/informacion\/#\/schema\/person\/e5a234affc161cbc11f28a4b305e10c4\"},\"headline\":\"Almacenar ropa en un trastero\",\"datePublished\":\"2021-04-07T10:55:17+00:00\",\"dateModified\":\"2021-04-07T10:55:17+00:00\",\"mainEntityOfPage\":{\"@id\":\"https:\/\/www.grupolanave.com\/informacion\/almacenar-ropa-en-un-trastero\/\"},\"wordCount\":505,\"commentCount\":0,\"publisher\":{\"@id\":\"https:\/\/www.grupolanave.com\/informacion\/#organization\"},\"image\":{\"@id\":\"https:\/\/www.grupolanave.com\/informacion\/almacenar-ropa-en-un-trastero\/#primaryimage\"},\"thumbnailUrl\":\"https:\/\/www.grupolanave.com\/informacion\/wp-content\/uploads\/2021\/04\/almacenar-ropa-en-un-trastero.jpg\",\"inLanguage\":\"es\",\"potentialAction\":[{\"@type\":\"CommentAction\",\"name\":\"Comment\",\"target\":[\"https:\/\/www.grupolanave.com\/informacion\/almacenar-ropa-en-un-trastero\/#respond\"]}]},{\"@type\":\"WebPage\",\"@id\":\"https:\/\/www.grupolanave.com\/informacion\/almacenar-ropa-en-un-trastero\/\",\"url\":\"https:\/\/www.grupolanave.com\/informacion\/almacenar-ropa-en-un-trastero\/\",\"name\":\"Almacenar ropa en un trastero - Grupo La Nave\",\"isPartOf\":{\"@id\":\"https:\/\/www.grupolanave.com\/informacion\/#website\"},\"primaryImageOfPage\":{\"@id\":\"https:\/\/www.grupolanave.com\/informacion\/almacenar-ropa-en-un-trastero\/#primaryimage\"},\"image\":{\"@id\":\"https:\/\/www.grupolanave.com\/informacion\/almacenar-ropa-en-un-trastero\/#primaryimage\"},\"thumbnailUrl\":\"https:\/\/www.grupolanave.com\/informacion\/wp-content\/uploads\/2021\/04\/almacenar-ropa-en-un-trastero.jpg\",\"datePublished\":\"2021-04-07T10:55:17+00:00\",\"dateModified\":\"2021-04-07T10:55:17+00:00\",\"description\":\"Desde Grupo La Nave os damos los consejos m\u00e1s importantes para que pod\u00e1is almacenar para ropa correctamente en trasteros.\",\"breadcrumb\":{\"@id\":\"https:\/\/www.grupolanave.com\/informacion\/almacenar-ropa-en-un-trastero\/#breadcrumb\"},\"inLanguage\":\"es\",\"potentialAction\":[{\"@type\":\"ReadAction\",\"target\":[\"https:\/\/www.grupolanave.com\/informacion\/almacenar-ropa-en-un-trastero\/\"]}]},{\"@type\":\"ImageObject\",\"inLanguage\":\"es\",\"@id\":\"https:\/\/www.grupolanave.com\/informacion\/almacenar-ropa-en-un-trastero\/#primaryimage\",\"url\":\"https:\/\/www.grupolanave.com\/informacion\/wp-content\/uploads\/2021\/04\/almacenar-ropa-en-un-trastero.jpg\",\"contentUrl\":\"https:\/\/www.grupolanave.com\/informacion\/wp-content\/uploads\/2021\/04\/almacenar-ropa-en-un-trastero.jpg\",\"width\":400,\"height\":523},{\"@type\":\"BreadcrumbList\",\"@id\":\"https:\/\/www.grupolanave.com\/informacion\/almacenar-ropa-en-un-trastero\/#breadcrumb\",\"itemListElement\":[{\"@type\":\"ListItem\",\"position\":1,\"name\":\"Portada\",\"item\":\"https:\/\/www.grupolanave.com\/informacion\/\"},{\"@type\":\"ListItem\",\"position\":2,\"name\":\"Almacenar ropa en un trastero\"}]},{\"@type\":\"WebSite\",\"@id\":\"https:\/\/www.grupolanave.com\/informacion\/#website\",\"url\":\"https:\/\/www.grupolanave.com\/informacion\/\",\"name\":\"Grupo La Nave\",\"description\":\"Alquiler de trasteros y minialmacenes\",\"publisher\":{\"@id\":\"https:\/\/www.grupolanave.com\/informacion\/#organization\"},\"potentialAction\":[{\"@type\":\"SearchAction\",\"target\":{\"@type\":\"EntryPoint\",\"urlTemplate\":\"https:\/\/www.grupolanave.com\/informacion\/?s={search_term_string}\"},\"query-input\":\"required name=search_term_string\"}],\"inLanguage\":\"es\"},{\"@type\":\"Organization\",\"@id\":\"https:\/\/www.grupolanave.com\/informacion\/#organization\",\"name\":\"Grupo La Nave\",\"url\":\"https:\/\/www.grupolanave.com\/informacion\/\",\"logo\":{\"@type\":\"ImageObject\",\"inLanguage\":\"es\",\"@id\":\"https:\/\/www.grupolanave.com\/informacion\/#\/schema\/logo\/image\/\",\"url\":\"https:\/\/www.grupolanave.com\/informacion\/wp-content\/uploads\/2021\/04\/cropped-logo-trasteros.png\",\"contentUrl\":\"https:\/\/www.grupolanave.com\/informacion\/wp-content\/uploads\/2021\/04\/cropped-logo-trasteros.png\",\"width\":291,\"height\":85,\"caption\":\"Grupo La Nave\"},\"image\":{\"@id\":\"https:\/\/www.grupolanave.com\/informacion\/#\/schema\/logo\/image\/\"}},{\"@type\":\"Person\",\"@id\":\"https:\/\/www.grupolanave.com\/informacion\/#\/schema\/person\/e5a234affc161cbc11f28a4b305e10c4\",\"name\":\"lanave\",\"image\":{\"@type\":\"ImageObject\",\"inLanguage\":\"es\",\"@id\":\"https:\/\/www.grupolanave.com\/informacion\/#\/schema\/person\/image\/\",\"url\":\"https:\/\/secure.gravatar.com\/avatar\/4149137097ddd89bf75c953b3f2ed1e1?s=96&d=mm&r=g\",\"contentUrl\":\"https:\/\/secure.gravatar.com\/avatar\/4149137097ddd89bf75c953b3f2ed1e1?s=96&d=mm&r=g\",\"caption\":\"lanave\"},\"sameAs\":[\"https:\/\/www.grupolanave.com\/informacion\"],\"url\":\"https:\/\/www.grupolanave.com\/informacion\/author\/lanave\/\"}]}<\/script>\n<!-- \/ Yoast SEO plugin. -->","yoast_head_json":{"title":"Almacenar ropa en un trastero - Grupo La Nave","description":"Desde Grupo La Nave os damos los consejos m\u00e1s importantes para que pod\u00e1is almacenar para ropa correctamente en trasteros.","robots":{"index":"index","follow":"follow","max-snippet":"max-snippet:-1","max-image-preview":"max-image-preview:large","max-video-preview":"max-video-preview:-1"},"canonical":"https:\/\/www.grupolanave.com\/informacion\/almacenar-ropa-en-un-trastero\/","og_locale":"es_ES","og_type":"article","og_title":"Almacenar ropa en un trastero - Grupo La Nave","og_description":"Desde Grupo La Nave os damos los consejos m\u00e1s importantes para que pod\u00e1is almacenar para ropa correctamente en trasteros.","og_url":"https:\/\/www.grupolanave.com\/informacion\/almacenar-ropa-en-un-trastero\/","og_site_name":"Grupo La Nave","article_published_time":"2021-04-07T10:55:17+00:00","og_image":[{"width":400,"height":523,"url":"https:\/\/www.grupolanave.com\/informacion\/wp-content\/uploads\/2021\/04\/almacenar-ropa-en-un-trastero.jpg","type":"image\/jpeg"}],"author":"lanave","twitter_card":"summary_large_image","twitter_misc":{"Escrito por":"lanave","Tiempo de lectura":"3 minutos"},"schema":{"@context":"https:\/\/schema.org","@graph":[{"@type":"Article","@id":"https:\/\/www.grupolanave.com\/informacion\/almacenar-ropa-en-un-trastero\/#article","isPartOf":{"@id":"https:\/\/www.grupolanave.com\/informacion\/almacenar-ropa-en-un-trastero\/"},"author":{"name":"lanave","@id":"https:\/\/www.grupolanave.com\/informacion\/#\/schema\/person\/e5a234affc161cbc11f28a4b305e10c4"},"headline":"Almacenar ropa en un trastero","datePublished":"2021-04-07T10:55:17+00:00","dateModified":"2021-04-07T10:55:17+00:00","mainEntityOfPage":{"@id":"https:\/\/www.grupolanave.com\/informacion\/almacenar-ropa-en-un-trastero\/"},"wordCount":505,"commentCount":0,"publisher":{"@id":"https:\/\/www.grupolanave.com\/informacion\/#organization"},"image":{"@id":"https:\/\/www.grupolanave.com\/informacion\/almacenar-ropa-en-un-trastero\/#primaryimage"},"thumbnailUrl":"https:\/\/www.grupolanave.com\/informacion\/wp-content\/uploads\/2021\/04\/almacenar-ropa-en-un-trastero.jpg","inLanguage":"es","potentialAction":[{"@type":"CommentAction","name":"Comment","target":["https:\/\/www.grupolanave.com\/informacion\/almacenar-ropa-en-un-trastero\/#respond"]}]},{"@type":"WebPage","@id":"https:\/\/www.grupolanave.com\/informacion\/almacenar-ropa-en-un-trastero\/","url":"https:\/\/www.grupolanave.com\/informacion\/almacenar-ropa-en-un-trastero\/","name":"Almacenar ropa en un trastero - Grupo La Nave","isPartOf":{"@id":"https:\/\/www.grupolanave.com\/informacion\/#website"},"primaryImageOfPage":{"@id":"https:\/\/www.grupolanave.com\/informacion\/almacenar-ropa-en-un-trastero\/#primaryimage"},"image":{"@id":"https:\/\/www.grupolanave.com\/informacion\/almacenar-ropa-en-un-trastero\/#primaryimage"},"thumbnailUrl":"https:\/\/www.grupolanave.com\/informacion\/wp-content\/uploads\/2021\/04\/almacenar-ropa-en-un-trastero.jpg","datePublished":"2021-04-07T10:55:17+00:00","dateModified":"2021-04-07T10:55:17+00:00","description":"Desde Grupo La Nave os damos los consejos m\u00e1s importantes para que pod\u00e1is almacenar para ropa correctamente en trasteros.","breadcrumb":{"@id":"https:\/\/www.grupolanave.com\/informacion\/almacenar-ropa-en-un-trastero\/#breadcrumb"},"inLanguage":"es","potentialAction":[{"@type":"ReadAction","target":["https:\/\/www.grupolanave.com\/informacion\/almacenar-ropa-en-un-trastero\/"]}]},{"@type":"ImageObject","inLanguage":"es","@id":"https:\/\/www.grupolanave.com\/informacion\/almacenar-ropa-en-un-trastero\/#primaryimage","url":"https:\/\/www.grupolanave.com\/informacion\/wp-content\/uploads\/2021\/04\/almacenar-ropa-en-un-trastero.jpg","contentUrl":"https:\/\/www.grupolanave.com\/informacion\/wp-content\/uploads\/2021\/04\/almacenar-ropa-en-un-trastero.jpg","width":400,"height":523},{"@type":"BreadcrumbList","@id":"https:\/\/www.grupolanave.com\/informacion\/almacenar-ropa-en-un-trastero\/#breadcrumb","itemListElement":[{"@type":"ListItem","position":1,"name":"Portada","item":"https:\/\/www.grupolanave.com\/informacion\/"},{"@type":"ListItem","position":2,"name":"Almacenar ropa en un trastero"}]},{"@type":"WebSite","@id":"https:\/\/www.grupolanave.com\/informacion\/#website","url":"https:\/\/www.grupolanave.com\/informacion\/","name":"Grupo La Nave","description":"Alquiler de trasteros y minialmacenes","publisher":{"@id":"https:\/\/www.grupolanave.com\/informacion\/#organization"},"potentialAction":[{"@type":"SearchAction","target":{"@type":"EntryPoint","urlTemplate":"https:\/\/www.grupolanave.com\/informacion\/?s={search_term_string}"},"query-input":"required name=search_term_string"}],"inLanguage":"es"},{"@type":"Organization","@id":"https:\/\/www.grupolanave.com\/informacion\/#organization","name":"Grupo La Nave","url":"https:\/\/www.grupolanave.com\/informacion\/","logo":{"@type":"ImageObject","inLanguage":"es","@id":"https:\/\/www.grupolanave.com\/informacion\/#\/schema\/logo\/image\/","url":"https:\/\/www.grupolanave.com\/informacion\/wp-content\/uploads\/2021\/04\/cropped-logo-trasteros.png","contentUrl":"https:\/\/www.grupolanave.com\/informacion\/wp-content\/uploads\/2021\/04\/cropped-logo-trasteros.png","width":291,"height":85,"caption":"Grupo La Nave"},"image":{"@id":"https:\/\/www.grupolanave.com\/informacion\/#\/schema\/logo\/image\/"}},{"@type":"Person","@id":"https:\/\/www.grupolanave.com\/informacion\/#\/schema\/person\/e5a234affc161cbc11f28a4b305e10c4","name":"lanave","image":{"@type":"ImageObject","inLanguage":"es","@id":"https:\/\/www.grupolanave.com\/informacion\/#\/schema\/person\/image\/","url":"https:\/\/secure.gravatar.com\/avatar\/4149137097ddd89bf75c953b3f2ed1e1?s=96&d=mm&r=g","contentUrl":"https:\/\/secure.gravatar.com\/avatar\/4149137097ddd89bf75c953b3f2ed1e1?s=96&d=mm&r=g","caption":"lanave"},"sameAs":["https:\/\/www.grupolanave.com\/informacion"],"url":"https:\/\/www.grupolanave.com\/informacion\/author\/lanave\/"}]}},"_links":{"self":[{"href":"https:\/\/www.grupolanave.com\/informacion\/wp-json\/wp\/v2\/posts\/66"}],"collection":[{"href":"https:\/\/www.grupolanave.com\/informacion\/wp-json\/wp\/v2\/posts"}],"about":[{"href":"https:\/\/www.grupolanave.com\/informacion\/wp-json\/wp\/v2\/types\/post"}],"author":[{"embeddable":true,"href":"https:\/\/www.grupolanave.com\/informacion\/wp-json\/wp\/v2\/users\/1"}],"replies":[{"embeddable":true,"href":"https:\/\/www.grupolanave.com\/informacion\/wp-json\/wp\/v2\/comments?post=66"}],"version-history":[{"count":1,"href":"https:\/\/www.grupolanave.com\/informacion\/wp-json\/wp\/v2\/posts\/66\/revisions"}],"predecessor-version":[{"id":68,"href":"https:\/\/www.grupolanave.com\/informacion\/wp-json\/wp\/v2\/posts\/66\/revisions\/68"}],"wp:featuredmedia":[{"embeddable":true,"href":"https:\/\/www.grupolanave.com\/informacion\/wp-json\/wp\/v2\/media\/67"}],"wp:attachment":[{"href":"https:\/\/www.grupolanave.com\/informacion\/wp-json\/wp\/v2\/media?parent=66"}],"wp:term":[{"taxonomy":"category","embeddable":true,"href":"https:\/\/www.grupolanave.com\/informacion\/wp-json\/wp\/v2\/categories?post=66"},{"taxonomy":"post_tag","embeddable":true,"href":"https:\/\/www.grupolanave.com\/informacion\/wp-json\/wp\/v2\/tags?post=66"}],"curies":[{"name":"wp","href":"https:\/\/api.w.org\/{rel}","templated":true}]}}