{"id":75,"date":"2021-04-07T10:57:30","date_gmt":"2021-04-07T10:57:30","guid":{"rendered":"https:\/\/www.grupolanave.com\/informacion\/?p=75"},"modified":"2021-04-07T10:57:31","modified_gmt":"2021-04-07T10:57:31","slug":"guardar-las-cosas-de-mi-hijo-independizado","status":"publish","type":"post","link":"https:\/\/www.grupolanave.com\/informacion\/guardar-las-cosas-de-mi-hijo-independizado\/","title":{"rendered":"\u00bfHIJOS INDEPENDIZADOS? \u00a1NECESITAS UN TRASTERO!"},"content":{"rendered":"\n<p>Ha llegado ese d\u00eda tan temido y, a la vez, esperado por los padres&#8230; La independencia de los hijos.<\/p>\n\n\n\n<p>La primera reacci\u00f3n es la de ponerse triste porque se van. Muchos intentamos mantener sus habitaciones intactas para, de alguna forma, seguir teni\u00e9ndolos presentes. Pero esto solo dura unos meses. Unos meses en los que piensas: \u201cAhora que no est\u00e1n, puedo hacerme ese estudio que tanto llevo queriendo desde hace a\u00f1os, pero no ten\u00eda espacio suficiente\u201d o \u201cPor fin puedo tener un gimnasio en casa para hacer deporte\u201d. Pero&#8230; \u00bfQu\u00e9 hago con todas sus cosas?<\/p>\n\n\n\n<p>\u00a1Nosotros tenemos la respuesta! En Grupo La Nave te ofrecemos nuestro <a href=\"https:\/\/www.grupolanave.com\/index.html\">alquiler de trasteros<\/a> para que guardes todas las cosas de tus hijos que tantos recuerdos buenos tienen. Los peluches de cuando eran peque\u00f1os, sus apuntes del colegio y universidad, esa ropa de la que no quieren deshacerse porque alg\u00fan d\u00eda pueden volver a usar, esos patines que se compraron y les da pena tirar porque alg\u00fan d\u00eda van a querer ir a patinar por la playa&#8230;<\/p>\n\n\n\n<p>En nuestros trasteros podr\u00e1s dejar todas estas cosas y m\u00e1s, para que puedas, por fin, usar esas habitaciones de casa para lo que realmente quieres. T\u00fa eliges los metros que vas a necesitar y nosotros te los damos.<\/p>\n\n\n\n<p>\u00bfA\u00fan tienes dudas? \u00bfQuieres saber precios? No dudes en <a href=\"https:\/\/www.grupolanave.com\/locales-trastero-alquiler.html\">pedirnos presupuesto<\/a><\/p>\n\n\n\n<p>Pero si a\u00fan est\u00e1s indeciso sobre el alquiler de trasteros de Grupo La Nave, queremos que sepas que tenemos un servicio de vigilancia y alarma 24 horas para que todas las cosas de tus hijos est\u00e9n a salvo. Y adem\u00e1s, recuerda que contamos con parking propio para descargar y cargar todo lo que necesites y cuando lo necesites&#8230; \u00a1Todo son ventajas!<\/p>\n\n\n\n<p>Si tus hijos se han independizado&#8230; \u00bfPor qu\u00e9 no vas reutilizar sus habitaciones? \u00a1Te esperamos en Grupo La Nave! <a href=\"https:\/\/www.grupolanave.com\/index.html\">T\u00fa eliges el m\u00e1s cercano a ti<\/a>:<\/p>\n","protected":false},"excerpt":{"rendered":"<p>Ha llegado ese d\u00eda tan temido y, a la vez, esperado por los padres&#8230; La independencia de los hijos. La primera reacci\u00f3n es la de ponerse triste porque se van. Muchos intentamos mantener sus habitaciones intactas para, de alguna forma, seguir teni\u00e9ndolos presentes. Pero esto solo dura unos meses. Unos meses en los que piensas: [&hellip;]<\/p>\n","protected":false},"author":1,"featured_media":76,"comment_status":"open","ping_status":"open","sticky":false,"template":"","format":"standard","meta":{"footnotes":""},"categories":[1],"tags":[],"yoast_head":"<!-- This site is optimized with the Yoast SEO plugin v22.8 - https:\/\/yoast.com\/wordpress\/plugins\/seo\/ -->\n<title>\u00bfHIJOS INDEPENDIZADOS? \u00a1NECESITAS UN TRASTERO! - Grupo La Nave<\/title>\n<meta name=\"description\" content=\"En Grupo La Nave te ofrecemos el alquiler de trasteros para que puedas reutilizar esas habitaciones vac\u00edas y montar as\u00ed tus ideas en casa.\" \/>\n<meta name=\"robots\" content=\"index, follow, max-snippet:-1, max-image-preview:large, max-video-preview:-1\" \/>\n<link rel=\"canonical\" href=\"https:\/\/www.grupolanave.com\/informacion\/guardar-las-cosas-de-mi-hijo-independizado\/\" \/>\n<meta property=\"og:locale\" content=\"es_ES\" \/>\n<meta property=\"og:type\" content=\"article\" \/>\n<meta property=\"og:title\" content=\"\u00bfHIJOS INDEPENDIZADOS? \u00a1NECESITAS UN TRASTERO! - Grupo La Nave\" \/>\n<meta property=\"og:description\" content=\"En Grupo La Nave te ofrecemos el alquiler de trasteros para que puedas reutilizar esas habitaciones vac\u00edas y montar as\u00ed tus ideas en casa.\" \/>\n<meta property=\"og:url\" content=\"https:\/\/www.grupolanave.com\/informacion\/guardar-las-cosas-de-mi-hijo-independizado\/\" \/>\n<meta property=\"og:site_name\" content=\"Grupo La Nave\" \/>\n<meta property=\"article:published_time\" content=\"2021-04-07T10:57:30+00:00\" \/>\n<meta property=\"article:modified_time\" content=\"2021-04-07T10:57:31+00:00\" \/>\n<meta property=\"og:image\" content=\"https:\/\/www.grupolanave.com\/informacion\/wp-content\/uploads\/2021\/04\/indpendencia-padres-hijos.jpg\" \/>\n\t<meta property=\"og:image:width\" content=\"580\" \/>\n\t<meta property=\"og:image:height\" content=\"371\" \/>\n\t<meta property=\"og:image:type\" content=\"image\/jpeg\" \/>\n<meta name=\"author\" content=\"lanave\" \/>\n<meta name=\"twitter:card\" content=\"summary_large_image\" \/>\n<meta name=\"twitter:label1\" content=\"Escrito por\" \/>\n\t<meta name=\"twitter:data1\" content=\"lanave\" \/>\n\t<meta name=\"twitter:label2\" content=\"Tiempo de lectura\" \/>\n\t<meta name=\"twitter:data2\" content=\"2 minutos\" \/>\n<script type=\"application\/ld+json\" class=\"yoast-schema-graph\">{\"@context\":\"https:\/\/schema.org\",\"@graph\":[{\"@type\":\"Article\",\"@id\":\"https:\/\/www.grupolanave.com\/informacion\/guardar-las-cosas-de-mi-hijo-independizado\/#article\",\"isPartOf\":{\"@id\":\"https:\/\/www.grupolanave.com\/informacion\/guardar-las-cosas-de-mi-hijo-independizado\/\"},\"author\":{\"name\":\"lanave\",\"@id\":\"https:\/\/www.grupolanave.com\/informacion\/#\/schema\/person\/e5a234affc161cbc11f28a4b305e10c4\"},\"headline\":\"\u00bfHIJOS INDEPENDIZADOS? \u00a1NECESITAS UN TRASTERO!\",\"datePublished\":\"2021-04-07T10:57:30+00:00\",\"dateModified\":\"2021-04-07T10:57:31+00:00\",\"mainEntityOfPage\":{\"@id\":\"https:\/\/www.grupolanave.com\/informacion\/guardar-las-cosas-de-mi-hijo-independizado\/\"},\"wordCount\":330,\"commentCount\":0,\"publisher\":{\"@id\":\"https:\/\/www.grupolanave.com\/informacion\/#organization\"},\"image\":{\"@id\":\"https:\/\/www.grupolanave.com\/informacion\/guardar-las-cosas-de-mi-hijo-independizado\/#primaryimage\"},\"thumbnailUrl\":\"https:\/\/www.grupolanave.com\/informacion\/wp-content\/uploads\/2021\/04\/indpendencia-padres-hijos.jpg\",\"inLanguage\":\"es\",\"potentialAction\":[{\"@type\":\"CommentAction\",\"name\":\"Comment\",\"target\":[\"https:\/\/www.grupolanave.com\/informacion\/guardar-las-cosas-de-mi-hijo-independizado\/#respond\"]}]},{\"@type\":\"WebPage\",\"@id\":\"https:\/\/www.grupolanave.com\/informacion\/guardar-las-cosas-de-mi-hijo-independizado\/\",\"url\":\"https:\/\/www.grupolanave.com\/informacion\/guardar-las-cosas-de-mi-hijo-independizado\/\",\"name\":\"\u00bfHIJOS INDEPENDIZADOS? \u00a1NECESITAS UN TRASTERO! - Grupo La Nave\",\"isPartOf\":{\"@id\":\"https:\/\/www.grupolanave.com\/informacion\/#website\"},\"primaryImageOfPage\":{\"@id\":\"https:\/\/www.grupolanave.com\/informacion\/guardar-las-cosas-de-mi-hijo-independizado\/#primaryimage\"},\"image\":{\"@id\":\"https:\/\/www.grupolanave.com\/informacion\/guardar-las-cosas-de-mi-hijo-independizado\/#primaryimage\"},\"thumbnailUrl\":\"https:\/\/www.grupolanave.com\/informacion\/wp-content\/uploads\/2021\/04\/indpendencia-padres-hijos.jpg\",\"datePublished\":\"2021-04-07T10:57:30+00:00\",\"dateModified\":\"2021-04-07T10:57:31+00:00\",\"description\":\"En Grupo La Nave te ofrecemos el alquiler de trasteros para que puedas reutilizar esas habitaciones vac\u00edas y montar as\u00ed tus ideas en casa.\",\"breadcrumb\":{\"@id\":\"https:\/\/www.grupolanave.com\/informacion\/guardar-las-cosas-de-mi-hijo-independizado\/#breadcrumb\"},\"inLanguage\":\"es\",\"potentialAction\":[{\"@type\":\"ReadAction\",\"target\":[\"https:\/\/www.grupolanave.com\/informacion\/guardar-las-cosas-de-mi-hijo-independizado\/\"]}]},{\"@type\":\"ImageObject\",\"inLanguage\":\"es\",\"@id\":\"https:\/\/www.grupolanave.com\/informacion\/guardar-las-cosas-de-mi-hijo-independizado\/#primaryimage\",\"url\":\"https:\/\/www.grupolanave.com\/informacion\/wp-content\/uploads\/2021\/04\/indpendencia-padres-hijos.jpg\",\"contentUrl\":\"https:\/\/www.grupolanave.com\/informacion\/wp-content\/uploads\/2021\/04\/indpendencia-padres-hijos.jpg\",\"width\":580,\"height\":371},{\"@type\":\"BreadcrumbList\",\"@id\":\"https:\/\/www.grupolanave.com\/informacion\/guardar-las-cosas-de-mi-hijo-independizado\/#breadcrumb\",\"itemListElement\":[{\"@type\":\"ListItem\",\"position\":1,\"name\":\"Portada\",\"item\":\"https:\/\/www.grupolanave.com\/informacion\/\"},{\"@type\":\"ListItem\",\"position\":2,\"name\":\"\u00bfHIJOS INDEPENDIZADOS? \u00a1NECESITAS UN TRASTERO!\"}]},{\"@type\":\"WebSite\",\"@id\":\"https:\/\/www.grupolanave.com\/informacion\/#website\",\"url\":\"https:\/\/www.grupolanave.com\/informacion\/\",\"name\":\"Grupo La Nave\",\"description\":\"Alquiler de trasteros y minialmacenes\",\"publisher\":{\"@id\":\"https:\/\/www.grupolanave.com\/informacion\/#organization\"},\"potentialAction\":[{\"@type\":\"SearchAction\",\"target\":{\"@type\":\"EntryPoint\",\"urlTemplate\":\"https:\/\/www.grupolanave.com\/informacion\/?s={search_term_string}\"},\"query-input\":\"required name=search_term_string\"}],\"inLanguage\":\"es\"},{\"@type\":\"Organization\",\"@id\":\"https:\/\/www.grupolanave.com\/informacion\/#organization\",\"name\":\"Grupo La Nave\",\"url\":\"https:\/\/www.grupolanave.com\/informacion\/\",\"logo\":{\"@type\":\"ImageObject\",\"inLanguage\":\"es\",\"@id\":\"https:\/\/www.grupolanave.com\/informacion\/#\/schema\/logo\/image\/\",\"url\":\"https:\/\/www.grupolanave.com\/informacion\/wp-content\/uploads\/2021\/04\/cropped-logo-trasteros.png\",\"contentUrl\":\"https:\/\/www.grupolanave.com\/informacion\/wp-content\/uploads\/2021\/04\/cropped-logo-trasteros.png\",\"width\":291,\"height\":85,\"caption\":\"Grupo La Nave\"},\"image\":{\"@id\":\"https:\/\/www.grupolanave.com\/informacion\/#\/schema\/logo\/image\/\"}},{\"@type\":\"Person\",\"@id\":\"https:\/\/www.grupolanave.com\/informacion\/#\/schema\/person\/e5a234affc161cbc11f28a4b305e10c4\",\"name\":\"lanave\",\"image\":{\"@type\":\"ImageObject\",\"inLanguage\":\"es\",\"@id\":\"https:\/\/www.grupolanave.com\/informacion\/#\/schema\/person\/image\/\",\"url\":\"https:\/\/secure.gravatar.com\/avatar\/4149137097ddd89bf75c953b3f2ed1e1?s=96&d=mm&r=g\",\"contentUrl\":\"https:\/\/secure.gravatar.com\/avatar\/4149137097ddd89bf75c953b3f2ed1e1?s=96&d=mm&r=g\",\"caption\":\"lanave\"},\"sameAs\":[\"https:\/\/www.grupolanave.com\/informacion\"],\"url\":\"https:\/\/www.grupolanave.com\/informacion\/author\/lanave\/\"}]}<\/script>\n<!-- \/ Yoast SEO plugin. -->","yoast_head_json":{"title":"\u00bfHIJOS INDEPENDIZADOS? \u00a1NECESITAS UN TRASTERO! - Grupo La Nave","description":"En Grupo La Nave te ofrecemos el alquiler de trasteros para que puedas reutilizar esas habitaciones vac\u00edas y montar as\u00ed tus ideas en casa.","robots":{"index":"index","follow":"follow","max-snippet":"max-snippet:-1","max-image-preview":"max-image-preview:large","max-video-preview":"max-video-preview:-1"},"canonical":"https:\/\/www.grupolanave.com\/informacion\/guardar-las-cosas-de-mi-hijo-independizado\/","og_locale":"es_ES","og_type":"article","og_title":"\u00bfHIJOS INDEPENDIZADOS? \u00a1NECESITAS UN TRASTERO! - Grupo La Nave","og_description":"En Grupo La Nave te ofrecemos el alquiler de trasteros para que puedas reutilizar esas habitaciones vac\u00edas y montar as\u00ed tus ideas en casa.","og_url":"https:\/\/www.grupolanave.com\/informacion\/guardar-las-cosas-de-mi-hijo-independizado\/","og_site_name":"Grupo La Nave","article_published_time":"2021-04-07T10:57:30+00:00","article_modified_time":"2021-04-07T10:57:31+00:00","og_image":[{"width":580,"height":371,"url":"https:\/\/www.grupolanave.com\/informacion\/wp-content\/uploads\/2021\/04\/indpendencia-padres-hijos.jpg","type":"image\/jpeg"}],"author":"lanave","twitter_card":"summary_large_image","twitter_misc":{"Escrito por":"lanave","Tiempo de lectura":"2 minutos"},"schema":{"@context":"https:\/\/schema.org","@graph":[{"@type":"Article","@id":"https:\/\/www.grupolanave.com\/informacion\/guardar-las-cosas-de-mi-hijo-independizado\/#article","isPartOf":{"@id":"https:\/\/www.grupolanave.com\/informacion\/guardar-las-cosas-de-mi-hijo-independizado\/"},"author":{"name":"lanave","@id":"https:\/\/www.grupolanave.com\/informacion\/#\/schema\/person\/e5a234affc161cbc11f28a4b305e10c4"},"headline":"\u00bfHIJOS INDEPENDIZADOS? \u00a1NECESITAS UN TRASTERO!","datePublished":"2021-04-07T10:57:30+00:00","dateModified":"2021-04-07T10:57:31+00:00","mainEntityOfPage":{"@id":"https:\/\/www.grupolanave.com\/informacion\/guardar-las-cosas-de-mi-hijo-independizado\/"},"wordCount":330,"commentCount":0,"publisher":{"@id":"https:\/\/www.grupolanave.com\/informacion\/#organization"},"image":{"@id":"https:\/\/www.grupolanave.com\/informacion\/guardar-las-cosas-de-mi-hijo-independizado\/#primaryimage"},"thumbnailUrl":"https:\/\/www.grupolanave.com\/informacion\/wp-content\/uploads\/2021\/04\/indpendencia-padres-hijos.jpg","inLanguage":"es","potentialAction":[{"@type":"CommentAction","name":"Comment","target":["https:\/\/www.grupolanave.com\/informacion\/guardar-las-cosas-de-mi-hijo-independizado\/#respond"]}]},{"@type":"WebPage","@id":"https:\/\/www.grupolanave.com\/informacion\/guardar-las-cosas-de-mi-hijo-independizado\/","url":"https:\/\/www.grupolanave.com\/informacion\/guardar-las-cosas-de-mi-hijo-independizado\/","name":"\u00bfHIJOS INDEPENDIZADOS? \u00a1NECESITAS UN TRASTERO! - Grupo La Nave","isPartOf":{"@id":"https:\/\/www.grupolanave.com\/informacion\/#website"},"primaryImageOfPage":{"@id":"https:\/\/www.grupolanave.com\/informacion\/guardar-las-cosas-de-mi-hijo-independizado\/#primaryimage"},"image":{"@id":"https:\/\/www.grupolanave.com\/informacion\/guardar-las-cosas-de-mi-hijo-independizado\/#primaryimage"},"thumbnailUrl":"https:\/\/www.grupolanave.com\/informacion\/wp-content\/uploads\/2021\/04\/indpendencia-padres-hijos.jpg","datePublished":"2021-04-07T10:57:30+00:00","dateModified":"2021-04-07T10:57:31+00:00","description":"En Grupo La Nave te ofrecemos el alquiler de trasteros para que puedas reutilizar esas habitaciones vac\u00edas y montar as\u00ed tus ideas en casa.","breadcrumb":{"@id":"https:\/\/www.grupolanave.com\/informacion\/guardar-las-cosas-de-mi-hijo-independizado\/#breadcrumb"},"inLanguage":"es","potentialAction":[{"@type":"ReadAction","target":["https:\/\/www.grupolanave.com\/informacion\/guardar-las-cosas-de-mi-hijo-independizado\/"]}]},{"@type":"ImageObject","inLanguage":"es","@id":"https:\/\/www.grupolanave.com\/informacion\/guardar-las-cosas-de-mi-hijo-independizado\/#primaryimage","url":"https:\/\/www.grupolanave.com\/informacion\/wp-content\/uploads\/2021\/04\/indpendencia-padres-hijos.jpg","contentUrl":"https:\/\/www.grupolanave.com\/informacion\/wp-content\/uploads\/2021\/04\/indpendencia-padres-hijos.jpg","width":580,"height":371},{"@type":"BreadcrumbList","@id":"https:\/\/www.grupolanave.com\/informacion\/guardar-las-cosas-de-mi-hijo-independizado\/#breadcrumb","itemListElement":[{"@type":"ListItem","position":1,"name":"Portada","item":"https:\/\/www.grupolanave.com\/informacion\/"},{"@type":"ListItem","position":2,"name":"\u00bfHIJOS INDEPENDIZADOS? \u00a1NECESITAS UN TRASTERO!"}]},{"@type":"WebSite","@id":"https:\/\/www.grupolanave.com\/informacion\/#website","url":"https:\/\/www.grupolanave.com\/informacion\/","name":"Grupo La Nave","description":"Alquiler de trasteros y minialmacenes","publisher":{"@id":"https:\/\/www.grupolanave.com\/informacion\/#organization"},"potentialAction":[{"@type":"SearchAction","target":{"@type":"EntryPoint","urlTemplate":"https:\/\/www.grupolanave.com\/informacion\/?s={search_term_string}"},"query-input":"required name=search_term_string"}],"inLanguage":"es"},{"@type":"Organization","@id":"https:\/\/www.grupolanave.com\/informacion\/#organization","name":"Grupo La Nave","url":"https:\/\/www.grupolanave.com\/informacion\/","logo":{"@type":"ImageObject","inLanguage":"es","@id":"https:\/\/www.grupolanave.com\/informacion\/#\/schema\/logo\/image\/","url":"https:\/\/www.grupolanave.com\/informacion\/wp-content\/uploads\/2021\/04\/cropped-logo-trasteros.png","contentUrl":"https:\/\/www.grupolanave.com\/informacion\/wp-content\/uploads\/2021\/04\/cropped-logo-trasteros.png","width":291,"height":85,"caption":"Grupo La Nave"},"image":{"@id":"https:\/\/www.grupolanave.com\/informacion\/#\/schema\/logo\/image\/"}},{"@type":"Person","@id":"https:\/\/www.grupolanave.com\/informacion\/#\/schema\/person\/e5a234affc161cbc11f28a4b305e10c4","name":"lanave","image":{"@type":"ImageObject","inLanguage":"es","@id":"https:\/\/www.grupolanave.com\/informacion\/#\/schema\/person\/image\/","url":"https:\/\/secure.gravatar.com\/avatar\/4149137097ddd89bf75c953b3f2ed1e1?s=96&d=mm&r=g","contentUrl":"https:\/\/secure.gravatar.com\/avatar\/4149137097ddd89bf75c953b3f2ed1e1?s=96&d=mm&r=g","caption":"lanave"},"sameAs":["https:\/\/www.grupolanave.com\/informacion"],"url":"https:\/\/www.grupolanave.com\/informacion\/author\/lanave\/"}]}},"_links":{"self":[{"href":"https:\/\/www.grupolanave.com\/informacion\/wp-json\/wp\/v2\/posts\/75"}],"collection":[{"href":"https:\/\/www.grupolanave.com\/informacion\/wp-json\/wp\/v2\/posts"}],"about":[{"href":"https:\/\/www.grupolanave.com\/informacion\/wp-json\/wp\/v2\/types\/post"}],"author":[{"embeddable":true,"href":"https:\/\/www.grupolanave.com\/informacion\/wp-json\/wp\/v2\/users\/1"}],"replies":[{"embeddable":true,"href":"https:\/\/www.grupolanave.com\/informacion\/wp-json\/wp\/v2\/comments?post=75"}],"version-history":[{"count":1,"href":"https:\/\/www.grupolanave.com\/informacion\/wp-json\/wp\/v2\/posts\/75\/revisions"}],"predecessor-version":[{"id":77,"href":"https:\/\/www.grupolanave.com\/informacion\/wp-json\/wp\/v2\/posts\/75\/revisions\/77"}],"wp:featuredmedia":[{"embeddable":true,"href":"https:\/\/www.grupolanave.com\/informacion\/wp-json\/wp\/v2\/media\/76"}],"wp:attachment":[{"href":"https:\/\/www.grupolanave.com\/informacion\/wp-json\/wp\/v2\/media?parent=75"}],"wp:term":[{"taxonomy":"category","embeddable":true,"href":"https:\/\/www.grupolanave.com\/informacion\/wp-json\/wp\/v2\/categories?post=75"},{"taxonomy":"post_tag","embeddable":true,"href":"https:\/\/www.grupolanave.com\/informacion\/wp-json\/wp\/v2\/tags?post=75"}],"curies":[{"name":"wp","href":"https:\/\/api.w.org\/{rel}","templated":true}]}}