{"id":965,"date":"2024-05-17T08:54:17","date_gmt":"2024-05-17T08:54:17","guid":{"rendered":"https:\/\/www.grupolanave.com\/informacion\/?p=965"},"modified":"2024-05-17T08:54:18","modified_gmt":"2024-05-17T08:54:18","slug":"5-formas-de-aumentar-la-capacidad-de-almacen","status":"publish","type":"post","link":"https:\/\/www.grupolanave.com\/informacion\/5-formas-de-aumentar-la-capacidad-de-almacen\/","title":{"rendered":"5 formas de aumentar la capacidad de almac\u00e9n"},"content":{"rendered":"\n<p>Organizar un almac\u00e9n es una labor minuciosa que requiere una atenci\u00f3n y una organizaci\u00f3n constante, as\u00ed como la implementaci\u00f3n de sistemas y procesos para garantizar su eficiencia. Por eso, creemos que puede venirte bien conocer algunos consejos para mantener el orden y optimizar la capacidad de almac\u00e9n.<\/p>\n\n\n\n<h2 class=\"wp-block-heading\">1. Pensar en la organizaci\u00f3n<\/h2>\n\n\n\n<p>Aunque parezca obvio, para mejorar y aprovechar al m\u00e1ximo la capacidad de almac\u00e9n, es fundamental que haya una<strong>&nbsp;organizaci\u00f3n previa del espacio disponible.<\/strong>&nbsp;Esto quiere decir que, antes de comenzar a guardar productos, hay que invertir tiempo en realizar un inventario, decidir qu\u00e9 sistema de almacenaje se va a utilizar, c\u00f3mo se van a localizar los art\u00edculos, etc.<\/p>\n\n\n\n<p>Un almac\u00e9n bien organizado, no solo nos permite optimizar el espacio, sino que tambi\u00e9n es mucho m\u00e1s seguro y reduce el riesgo de accidentes.<\/p>\n\n\n\n<p>Tambi\u00e9n es importante&nbsp;<strong>calcular el espacio real del almac\u00e9n<\/strong>&nbsp;para una gesti\u00f3n eficiente de los recursos y evitar problemas de sobrecarga. \u00bfC\u00f3mo determinar la capacidad de un almac\u00e9n? La f\u00f3rmula m\u00e1s eficaz es la siguiente:<\/p>\n\n\n\n<p><em>Metros cuadrados de la superficie del almac\u00e9n \u2013 metros cuadrados totales de las zonas no destinadas al almacenaje) x altura m\u00e1xima de almacenaje, desde el suelo \u00fatil al techo \u00fatil.<\/em><\/p>\n\n\n\n<h2 class=\"wp-block-heading\">2. Elegir el mejor sistema de gesti\u00f3n de inventario<\/h2>\n\n\n\n<p>Implementa un sistema de gesti\u00f3n de inventario eficiente que te permita realizar un&nbsp;<strong>seguimiento preciso de las existencias,<\/strong>&nbsp;identificar productos obsoletos o de baja rotaci\u00f3n y optimizar los pedidos para evitar excesos de&nbsp;<em>stock<\/em>&nbsp;innecesarios.<\/p>\n\n\n\n<h2 class=\"wp-block-heading\">3. Aprovechar el espacio vertical<\/h2>\n\n\n\n<p>Aprovechar cada cent\u00edmetro de espacio es otro punto clave para mejorar las capacidades de almac\u00e9n. Una buena manera de lograrlo es&nbsp;<strong>instalar estanter\u00edas o armarios que lleguen hasta el techo<\/strong>&nbsp;para aprovechar totalmente la altura disponible y liberar espacio en el suelo.<\/p>\n\n\n\n<p>Sin embargo, al comenzar a utilizar el espacio vertical, tambi\u00e9n hay que tener en cuenta que necesitaremos<strong>&nbsp;adquirir equipo adicional, como escaleras o elevadores,<\/strong>&nbsp;para acceder a los productos que est\u00e1n a mayor altura.<\/p>\n\n\n\n<h2 class=\"wp-block-heading\">4. Elegir el mejor sistema de almacenaje<\/h2>\n\n\n\n<p>Otro punto importante es escoger el sistema m\u00e1s adecuado a nuestras necesidades para organizar la mercanc\u00eda de manera eficiente. Entre los sistemas disponibles se encuentran<strong>&nbsp;el ordenado, desordenado, en bloque, por orden de llegada y seg\u00fan el flujo de entrada y salida<\/strong>&nbsp;(como&nbsp;<em>Last in-First out<\/em>&nbsp;o<em>&nbsp;First in-First out<\/em>). La elecci\u00f3n del sistema m\u00e1s eficiente depender\u00e1 del tipo de mercanc\u00eda almacenada, la distribuci\u00f3n del espacio y la mano de obra disponible.<\/p>\n\n\n\n<p>Las&nbsp;<strong>estanter\u00edas selectivas<\/strong>&nbsp;son las m\u00e1s comunes en almacenes debido a su versatilidad. Permiten acceder f\u00e1cilmente a cada pal\u00e9 de almacenamiento sin tener que mover otros. Esto las hace ideales para almacenes con una gran variedad de productos y una rotaci\u00f3n constante de inventario. Tambi\u00e9n existen las&nbsp;<strong>estanter\u00edas compactas que funcionan con carriles<\/strong>&nbsp;que facilitan el acceso a todos los productos.<\/p>\n\n\n\n<h2 class=\"wp-block-heading\">5. Externalizar el almacenaje<\/h2>\n\n\n\n<p>Si tu almac\u00e9n llega a su capacidad m\u00e1xima y necesitas m\u00e1s espacio de almacenaje de forma temporal o a largo plazo, tambi\u00e9n existe la opci\u00f3n de&nbsp;<strong>contratar los servicios de una empresa especializada en almacenaje.<\/strong>&nbsp;Estos servicios suelen ofrecer soluciones adaptadas a las necesidades de cada cliente, contratos flexibles, acceso 24 horas y servicios de vigilancia para garantizar la seguridad de tus productos.<\/p>\n\n\n\n<p>Si necesitas aumentar tu capacidad de almac\u00e9n, en&nbsp;<a target=\"_blank\" href=\"https:\/\/www.grupolanave.com\/\" rel=\"noreferrer noopener\">Grupo la Nave<\/a>&nbsp;contamos con diferentes opciones para&nbsp;<a target=\"_blank\" href=\"https:\/\/www.grupolanave.com\/trasteros-autonomos-empresas\/ahorrar-oficina\" rel=\"noreferrer noopener\">empresas y aut\u00f3nomos<\/a>.<\/p>\n","protected":false},"excerpt":{"rendered":"<p>Organizar un almac\u00e9n es una labor minuciosa que requiere una atenci\u00f3n y una organizaci\u00f3n constante, as\u00ed como la implementaci\u00f3n de sistemas y procesos para garantizar su eficiencia. Por eso, creemos que puede venirte bien conocer algunos consejos para mantener el orden y optimizar la capacidad de almac\u00e9n. 1. Pensar en la organizaci\u00f3n Aunque parezca obvio, [&hellip;]<\/p>\n","protected":false},"author":1,"featured_media":966,"comment_status":"open","ping_status":"open","sticky":false,"template":"","format":"standard","meta":{"footnotes":""},"categories":[1],"tags":[],"yoast_head":"<!-- This site is optimized with the Yoast SEO plugin v22.8 - https:\/\/yoast.com\/wordpress\/plugins\/seo\/ -->\n<title>5 formas de aumentar la capacidad de almac\u00e9n - Grupo La Nave<\/title>\n<meta name=\"robots\" content=\"index, follow, max-snippet:-1, max-image-preview:large, max-video-preview:-1\" \/>\n<link rel=\"canonical\" href=\"https:\/\/www.grupolanave.com\/informacion\/5-formas-de-aumentar-la-capacidad-de-almacen\/\" \/>\n<meta property=\"og:locale\" content=\"es_ES\" \/>\n<meta property=\"og:type\" content=\"article\" \/>\n<meta property=\"og:title\" content=\"5 formas de aumentar la capacidad de almac\u00e9n - Grupo La Nave\" \/>\n<meta property=\"og:description\" content=\"Organizar un almac\u00e9n es una labor minuciosa que requiere una atenci\u00f3n y una organizaci\u00f3n constante, as\u00ed como la implementaci\u00f3n de sistemas y procesos para garantizar su eficiencia. Por eso, creemos que puede venirte bien conocer algunos consejos para mantener el orden y optimizar la capacidad de almac\u00e9n. 1. Pensar en la organizaci\u00f3n Aunque parezca obvio, [&hellip;]\" \/>\n<meta property=\"og:url\" content=\"https:\/\/www.grupolanave.com\/informacion\/5-formas-de-aumentar-la-capacidad-de-almacen\/\" \/>\n<meta property=\"og:site_name\" content=\"Grupo La Nave\" \/>\n<meta property=\"article:published_time\" content=\"2024-05-17T08:54:17+00:00\" \/>\n<meta property=\"article:modified_time\" content=\"2024-05-17T08:54:18+00:00\" \/>\n<meta property=\"og:image\" content=\"https:\/\/www.grupolanave.com\/informacion\/wp-content\/uploads\/2024\/05\/capacidad_almacen-1.jpg\" \/>\n\t<meta property=\"og:image:width\" content=\"1000\" \/>\n\t<meta property=\"og:image:height\" content=\"735\" \/>\n\t<meta property=\"og:image:type\" content=\"image\/jpeg\" \/>\n<meta name=\"author\" content=\"lanave\" \/>\n<meta name=\"twitter:card\" content=\"summary_large_image\" \/>\n<meta name=\"twitter:label1\" content=\"Escrito por\" \/>\n\t<meta name=\"twitter:data1\" content=\"lanave\" \/>\n\t<meta name=\"twitter:label2\" content=\"Tiempo de lectura\" \/>\n\t<meta name=\"twitter:data2\" content=\"3 minutos\" \/>\n<script type=\"application\/ld+json\" class=\"yoast-schema-graph\">{\"@context\":\"https:\/\/schema.org\",\"@graph\":[{\"@type\":\"Article\",\"@id\":\"https:\/\/www.grupolanave.com\/informacion\/5-formas-de-aumentar-la-capacidad-de-almacen\/#article\",\"isPartOf\":{\"@id\":\"https:\/\/www.grupolanave.com\/informacion\/5-formas-de-aumentar-la-capacidad-de-almacen\/\"},\"author\":{\"name\":\"lanave\",\"@id\":\"https:\/\/www.grupolanave.com\/informacion\/#\/schema\/person\/e5a234affc161cbc11f28a4b305e10c4\"},\"headline\":\"5 formas de aumentar la capacidad de almac\u00e9n\",\"datePublished\":\"2024-05-17T08:54:17+00:00\",\"dateModified\":\"2024-05-17T08:54:18+00:00\",\"mainEntityOfPage\":{\"@id\":\"https:\/\/www.grupolanave.com\/informacion\/5-formas-de-aumentar-la-capacidad-de-almacen\/\"},\"wordCount\":628,\"commentCount\":0,\"publisher\":{\"@id\":\"https:\/\/www.grupolanave.com\/informacion\/#organization\"},\"image\":{\"@id\":\"https:\/\/www.grupolanave.com\/informacion\/5-formas-de-aumentar-la-capacidad-de-almacen\/#primaryimage\"},\"thumbnailUrl\":\"https:\/\/www.grupolanave.com\/informacion\/wp-content\/uploads\/2024\/05\/capacidad_almacen-1.jpg\",\"inLanguage\":\"es\",\"potentialAction\":[{\"@type\":\"CommentAction\",\"name\":\"Comment\",\"target\":[\"https:\/\/www.grupolanave.com\/informacion\/5-formas-de-aumentar-la-capacidad-de-almacen\/#respond\"]}]},{\"@type\":\"WebPage\",\"@id\":\"https:\/\/www.grupolanave.com\/informacion\/5-formas-de-aumentar-la-capacidad-de-almacen\/\",\"url\":\"https:\/\/www.grupolanave.com\/informacion\/5-formas-de-aumentar-la-capacidad-de-almacen\/\",\"name\":\"5 formas de aumentar la capacidad de almac\u00e9n - Grupo La Nave\",\"isPartOf\":{\"@id\":\"https:\/\/www.grupolanave.com\/informacion\/#website\"},\"primaryImageOfPage\":{\"@id\":\"https:\/\/www.grupolanave.com\/informacion\/5-formas-de-aumentar-la-capacidad-de-almacen\/#primaryimage\"},\"image\":{\"@id\":\"https:\/\/www.grupolanave.com\/informacion\/5-formas-de-aumentar-la-capacidad-de-almacen\/#primaryimage\"},\"thumbnailUrl\":\"https:\/\/www.grupolanave.com\/informacion\/wp-content\/uploads\/2024\/05\/capacidad_almacen-1.jpg\",\"datePublished\":\"2024-05-17T08:54:17+00:00\",\"dateModified\":\"2024-05-17T08:54:18+00:00\",\"breadcrumb\":{\"@id\":\"https:\/\/www.grupolanave.com\/informacion\/5-formas-de-aumentar-la-capacidad-de-almacen\/#breadcrumb\"},\"inLanguage\":\"es\",\"potentialAction\":[{\"@type\":\"ReadAction\",\"target\":[\"https:\/\/www.grupolanave.com\/informacion\/5-formas-de-aumentar-la-capacidad-de-almacen\/\"]}]},{\"@type\":\"ImageObject\",\"inLanguage\":\"es\",\"@id\":\"https:\/\/www.grupolanave.com\/informacion\/5-formas-de-aumentar-la-capacidad-de-almacen\/#primaryimage\",\"url\":\"https:\/\/www.grupolanave.com\/informacion\/wp-content\/uploads\/2024\/05\/capacidad_almacen-1.jpg\",\"contentUrl\":\"https:\/\/www.grupolanave.com\/informacion\/wp-content\/uploads\/2024\/05\/capacidad_almacen-1.jpg\",\"width\":1000,\"height\":735},{\"@type\":\"BreadcrumbList\",\"@id\":\"https:\/\/www.grupolanave.com\/informacion\/5-formas-de-aumentar-la-capacidad-de-almacen\/#breadcrumb\",\"itemListElement\":[{\"@type\":\"ListItem\",\"position\":1,\"name\":\"Portada\",\"item\":\"https:\/\/www.grupolanave.com\/informacion\/\"},{\"@type\":\"ListItem\",\"position\":2,\"name\":\"5 formas de aumentar la capacidad de almac\u00e9n\"}]},{\"@type\":\"WebSite\",\"@id\":\"https:\/\/www.grupolanave.com\/informacion\/#website\",\"url\":\"https:\/\/www.grupolanave.com\/informacion\/\",\"name\":\"Grupo La Nave\",\"description\":\"Alquiler de trasteros y minialmacenes\",\"publisher\":{\"@id\":\"https:\/\/www.grupolanave.com\/informacion\/#organization\"},\"potentialAction\":[{\"@type\":\"SearchAction\",\"target\":{\"@type\":\"EntryPoint\",\"urlTemplate\":\"https:\/\/www.grupolanave.com\/informacion\/?s={search_term_string}\"},\"query-input\":\"required name=search_term_string\"}],\"inLanguage\":\"es\"},{\"@type\":\"Organization\",\"@id\":\"https:\/\/www.grupolanave.com\/informacion\/#organization\",\"name\":\"Grupo La Nave\",\"url\":\"https:\/\/www.grupolanave.com\/informacion\/\",\"logo\":{\"@type\":\"ImageObject\",\"inLanguage\":\"es\",\"@id\":\"https:\/\/www.grupolanave.com\/informacion\/#\/schema\/logo\/image\/\",\"url\":\"https:\/\/www.grupolanave.com\/informacion\/wp-content\/uploads\/2021\/04\/cropped-logo-trasteros.png\",\"contentUrl\":\"https:\/\/www.grupolanave.com\/informacion\/wp-content\/uploads\/2021\/04\/cropped-logo-trasteros.png\",\"width\":291,\"height\":85,\"caption\":\"Grupo La Nave\"},\"image\":{\"@id\":\"https:\/\/www.grupolanave.com\/informacion\/#\/schema\/logo\/image\/\"}},{\"@type\":\"Person\",\"@id\":\"https:\/\/www.grupolanave.com\/informacion\/#\/schema\/person\/e5a234affc161cbc11f28a4b305e10c4\",\"name\":\"lanave\",\"image\":{\"@type\":\"ImageObject\",\"inLanguage\":\"es\",\"@id\":\"https:\/\/www.grupolanave.com\/informacion\/#\/schema\/person\/image\/\",\"url\":\"https:\/\/secure.gravatar.com\/avatar\/4149137097ddd89bf75c953b3f2ed1e1?s=96&d=mm&r=g\",\"contentUrl\":\"https:\/\/secure.gravatar.com\/avatar\/4149137097ddd89bf75c953b3f2ed1e1?s=96&d=mm&r=g\",\"caption\":\"lanave\"},\"sameAs\":[\"https:\/\/www.grupolanave.com\/informacion\"],\"url\":\"https:\/\/www.grupolanave.com\/informacion\/author\/lanave\/\"}]}<\/script>\n<!-- \/ Yoast SEO plugin. -->","yoast_head_json":{"title":"5 formas de aumentar la capacidad de almac\u00e9n - Grupo La Nave","robots":{"index":"index","follow":"follow","max-snippet":"max-snippet:-1","max-image-preview":"max-image-preview:large","max-video-preview":"max-video-preview:-1"},"canonical":"https:\/\/www.grupolanave.com\/informacion\/5-formas-de-aumentar-la-capacidad-de-almacen\/","og_locale":"es_ES","og_type":"article","og_title":"5 formas de aumentar la capacidad de almac\u00e9n - Grupo La Nave","og_description":"Organizar un almac\u00e9n es una labor minuciosa que requiere una atenci\u00f3n y una organizaci\u00f3n constante, as\u00ed como la implementaci\u00f3n de sistemas y procesos para garantizar su eficiencia. Por eso, creemos que puede venirte bien conocer algunos consejos para mantener el orden y optimizar la capacidad de almac\u00e9n. 1. Pensar en la organizaci\u00f3n Aunque parezca obvio, [&hellip;]","og_url":"https:\/\/www.grupolanave.com\/informacion\/5-formas-de-aumentar-la-capacidad-de-almacen\/","og_site_name":"Grupo La Nave","article_published_time":"2024-05-17T08:54:17+00:00","article_modified_time":"2024-05-17T08:54:18+00:00","og_image":[{"width":1000,"height":735,"url":"https:\/\/www.grupolanave.com\/informacion\/wp-content\/uploads\/2024\/05\/capacidad_almacen-1.jpg","type":"image\/jpeg"}],"author":"lanave","twitter_card":"summary_large_image","twitter_misc":{"Escrito por":"lanave","Tiempo de lectura":"3 minutos"},"schema":{"@context":"https:\/\/schema.org","@graph":[{"@type":"Article","@id":"https:\/\/www.grupolanave.com\/informacion\/5-formas-de-aumentar-la-capacidad-de-almacen\/#article","isPartOf":{"@id":"https:\/\/www.grupolanave.com\/informacion\/5-formas-de-aumentar-la-capacidad-de-almacen\/"},"author":{"name":"lanave","@id":"https:\/\/www.grupolanave.com\/informacion\/#\/schema\/person\/e5a234affc161cbc11f28a4b305e10c4"},"headline":"5 formas de aumentar la capacidad de almac\u00e9n","datePublished":"2024-05-17T08:54:17+00:00","dateModified":"2024-05-17T08:54:18+00:00","mainEntityOfPage":{"@id":"https:\/\/www.grupolanave.com\/informacion\/5-formas-de-aumentar-la-capacidad-de-almacen\/"},"wordCount":628,"commentCount":0,"publisher":{"@id":"https:\/\/www.grupolanave.com\/informacion\/#organization"},"image":{"@id":"https:\/\/www.grupolanave.com\/informacion\/5-formas-de-aumentar-la-capacidad-de-almacen\/#primaryimage"},"thumbnailUrl":"https:\/\/www.grupolanave.com\/informacion\/wp-content\/uploads\/2024\/05\/capacidad_almacen-1.jpg","inLanguage":"es","potentialAction":[{"@type":"CommentAction","name":"Comment","target":["https:\/\/www.grupolanave.com\/informacion\/5-formas-de-aumentar-la-capacidad-de-almacen\/#respond"]}]},{"@type":"WebPage","@id":"https:\/\/www.grupolanave.com\/informacion\/5-formas-de-aumentar-la-capacidad-de-almacen\/","url":"https:\/\/www.grupolanave.com\/informacion\/5-formas-de-aumentar-la-capacidad-de-almacen\/","name":"5 formas de aumentar la capacidad de almac\u00e9n - Grupo La Nave","isPartOf":{"@id":"https:\/\/www.grupolanave.com\/informacion\/#website"},"primaryImageOfPage":{"@id":"https:\/\/www.grupolanave.com\/informacion\/5-formas-de-aumentar-la-capacidad-de-almacen\/#primaryimage"},"image":{"@id":"https:\/\/www.grupolanave.com\/informacion\/5-formas-de-aumentar-la-capacidad-de-almacen\/#primaryimage"},"thumbnailUrl":"https:\/\/www.grupolanave.com\/informacion\/wp-content\/uploads\/2024\/05\/capacidad_almacen-1.jpg","datePublished":"2024-05-17T08:54:17+00:00","dateModified":"2024-05-17T08:54:18+00:00","breadcrumb":{"@id":"https:\/\/www.grupolanave.com\/informacion\/5-formas-de-aumentar-la-capacidad-de-almacen\/#breadcrumb"},"inLanguage":"es","potentialAction":[{"@type":"ReadAction","target":["https:\/\/www.grupolanave.com\/informacion\/5-formas-de-aumentar-la-capacidad-de-almacen\/"]}]},{"@type":"ImageObject","inLanguage":"es","@id":"https:\/\/www.grupolanave.com\/informacion\/5-formas-de-aumentar-la-capacidad-de-almacen\/#primaryimage","url":"https:\/\/www.grupolanave.com\/informacion\/wp-content\/uploads\/2024\/05\/capacidad_almacen-1.jpg","contentUrl":"https:\/\/www.grupolanave.com\/informacion\/wp-content\/uploads\/2024\/05\/capacidad_almacen-1.jpg","width":1000,"height":735},{"@type":"BreadcrumbList","@id":"https:\/\/www.grupolanave.com\/informacion\/5-formas-de-aumentar-la-capacidad-de-almacen\/#breadcrumb","itemListElement":[{"@type":"ListItem","position":1,"name":"Portada","item":"https:\/\/www.grupolanave.com\/informacion\/"},{"@type":"ListItem","position":2,"name":"5 formas de aumentar la capacidad de almac\u00e9n"}]},{"@type":"WebSite","@id":"https:\/\/www.grupolanave.com\/informacion\/#website","url":"https:\/\/www.grupolanave.com\/informacion\/","name":"Grupo La Nave","description":"Alquiler de trasteros y minialmacenes","publisher":{"@id":"https:\/\/www.grupolanave.com\/informacion\/#organization"},"potentialAction":[{"@type":"SearchAction","target":{"@type":"EntryPoint","urlTemplate":"https:\/\/www.grupolanave.com\/informacion\/?s={search_term_string}"},"query-input":"required name=search_term_string"}],"inLanguage":"es"},{"@type":"Organization","@id":"https:\/\/www.grupolanave.com\/informacion\/#organization","name":"Grupo La Nave","url":"https:\/\/www.grupolanave.com\/informacion\/","logo":{"@type":"ImageObject","inLanguage":"es","@id":"https:\/\/www.grupolanave.com\/informacion\/#\/schema\/logo\/image\/","url":"https:\/\/www.grupolanave.com\/informacion\/wp-content\/uploads\/2021\/04\/cropped-logo-trasteros.png","contentUrl":"https:\/\/www.grupolanave.com\/informacion\/wp-content\/uploads\/2021\/04\/cropped-logo-trasteros.png","width":291,"height":85,"caption":"Grupo La Nave"},"image":{"@id":"https:\/\/www.grupolanave.com\/informacion\/#\/schema\/logo\/image\/"}},{"@type":"Person","@id":"https:\/\/www.grupolanave.com\/informacion\/#\/schema\/person\/e5a234affc161cbc11f28a4b305e10c4","name":"lanave","image":{"@type":"ImageObject","inLanguage":"es","@id":"https:\/\/www.grupolanave.com\/informacion\/#\/schema\/person\/image\/","url":"https:\/\/secure.gravatar.com\/avatar\/4149137097ddd89bf75c953b3f2ed1e1?s=96&d=mm&r=g","contentUrl":"https:\/\/secure.gravatar.com\/avatar\/4149137097ddd89bf75c953b3f2ed1e1?s=96&d=mm&r=g","caption":"lanave"},"sameAs":["https:\/\/www.grupolanave.com\/informacion"],"url":"https:\/\/www.grupolanave.com\/informacion\/author\/lanave\/"}]}},"_links":{"self":[{"href":"https:\/\/www.grupolanave.com\/informacion\/wp-json\/wp\/v2\/posts\/965"}],"collection":[{"href":"https:\/\/www.grupolanave.com\/informacion\/wp-json\/wp\/v2\/posts"}],"about":[{"href":"https:\/\/www.grupolanave.com\/informacion\/wp-json\/wp\/v2\/types\/post"}],"author":[{"embeddable":true,"href":"https:\/\/www.grupolanave.com\/informacion\/wp-json\/wp\/v2\/users\/1"}],"replies":[{"embeddable":true,"href":"https:\/\/www.grupolanave.com\/informacion\/wp-json\/wp\/v2\/comments?post=965"}],"version-history":[{"count":1,"href":"https:\/\/www.grupolanave.com\/informacion\/wp-json\/wp\/v2\/posts\/965\/revisions"}],"predecessor-version":[{"id":967,"href":"https:\/\/www.grupolanave.com\/informacion\/wp-json\/wp\/v2\/posts\/965\/revisions\/967"}],"wp:featuredmedia":[{"embeddable":true,"href":"https:\/\/www.grupolanave.com\/informacion\/wp-json\/wp\/v2\/media\/966"}],"wp:attachment":[{"href":"https:\/\/www.grupolanave.com\/informacion\/wp-json\/wp\/v2\/media?parent=965"}],"wp:term":[{"taxonomy":"category","embeddable":true,"href":"https:\/\/www.grupolanave.com\/informacion\/wp-json\/wp\/v2\/categories?post=965"},{"taxonomy":"post_tag","embeddable":true,"href":"https:\/\/www.grupolanave.com\/informacion\/wp-json\/wp\/v2\/tags?post=965"}],"curies":[{"name":"wp","href":"https:\/\/api.w.org\/{rel}","templated":true}]}}