{"id":971,"date":"2024-05-17T08:56:00","date_gmt":"2024-05-17T08:56:00","guid":{"rendered":"https:\/\/www.grupolanave.com\/informacion\/?p=971"},"modified":"2024-05-17T08:56:01","modified_gmt":"2024-05-17T08:56:01","slug":"6-recuerdos-de-la-infancia-de-tus-hijos-que-debes-conservar","status":"publish","type":"post","link":"https:\/\/www.grupolanave.com\/informacion\/6-recuerdos-de-la-infancia-de-tus-hijos-que-debes-conservar\/","title":{"rendered":"6 recuerdos de la infancia de tus hijos que debes conservar\u00a0"},"content":{"rendered":"\n<p>\u00bfEs bueno conservar recuerdos de la infancia? Hoy en d\u00eda,<strong>&nbsp;la sociedad consumista nos empuja a deshacernos de las cosas viejas para dejar espacio a lo nuevo<\/strong>, como si solo los objetos reci\u00e9n estrenados tuviesen valor. Tambi\u00e9n se promueve la idea minimalista de tener, \u00fanicamente, cosas que nos puedan ofrecer un uso pr\u00e1ctico.<\/p>\n\n\n\n<p>Al mismo tiempo, la tecnolog\u00eda nos ofrece la posibilidad de digitalizarlo todo, aunque con ese proceso se pierda la esencia de lo material. Est\u00e1 muy bien intentar no caer en la acumulaci\u00f3n, pero ese af\u00e1n de deshacernos de todo no es tan positivo como parece.<\/p>\n\n\n\n<h2 class=\"wp-block-heading\">Por qu\u00e9 es importante conservar los recuerdos de la infancia<\/h2>\n\n\n\n<p><strong>Son nuestras pertenencias m\u00e1s antiguas las que nos conectan con el pasado<\/strong>&nbsp;y nos traen de vuelta a esos momentos tan felices de nuestra vida.<\/p>\n\n\n\n<p>Las corrientes filos\u00f3ficas de moda nos hablan mucho de la importancia del desapego y nos invitan a viajar ligero para alcanzar m\u00e1s f\u00e1cilmente la felicidad. Sin embargo, lo material tiene un valor muy importante, y es que hay objetos que funcionan como una especie de talism\u00e1n capaz de activar esa tecla en nuestro cerebro que nos devuelve de inmediato a un instante especial. Dicho de otra forma:&nbsp;<strong>nos ayudan a recuperar recuerdos y emociones de nuestra memoria.<\/strong><\/p>\n\n\n\n<p>Seguro que en tu infancia ten\u00edas una cajita con peque\u00f1os tesoros muy importantes para ti. Y cada vez que la revisabas sent\u00edas un mont\u00f3n de cosas, pues lo mismo ocurre en la edad adulta. Pero vamos a ver con m\u00e1s detalle por qu\u00e9 es tan significativo conservar algunas cosas de la infancia.<\/p>\n\n\n\n<h3 class=\"wp-block-heading\">Valor cultural<\/h3>\n\n\n\n<p>Los recuerdos de la infancia y la adolescencia no son solo objetos, sino que cuentan historias valiosas sobre nuestra trayectoria personal e incluso nuestra cultura. Son como una ventana al pasado que&nbsp;<strong>nos muestran c\u00f3mo eran las cosas y las tradiciones en otras generaciones.<\/strong>&nbsp;Mantener estos recuerdos nos ayuda a conservar nuestra identidad.<\/p>\n\n\n\n<h3 class=\"wp-block-heading\">Crecimiento personal<\/h3>\n\n\n\n<p>Nuestros recuerdos materiales son como un diario de vida que nos permite ver nuestro progreso y evoluci\u00f3n a lo largo del tiempo.&nbsp;<strong>Al mirar hacia atr\u00e1s, podemos aprender de nuestras experiencias<\/strong>, celebrar nuestros logros y tambi\u00e9n reconocer las lecciones que hemos aprendido en el camino.<\/p>\n\n\n\n<h3 class=\"wp-block-heading\">Sentido de pertenencia<\/h3>\n\n\n\n<p>Cada recuerdo es una pieza de nuestro rompecabezas personal. Nos ayudan a definir qui\u00e9nes somos, ya que contienen la esencia de nuestros&nbsp;<strong>momentos m\u00e1s relevantes, nuestras relaciones y nuestras pasiones<\/strong>. Adem\u00e1s, compartir estos recuerdos con seres queridos crea lazos emocionales m\u00e1s profundos y nos hace sentir parte de algo m\u00e1s grande.<\/p>\n\n\n\n<h3 class=\"wp-block-heading\">Valor emocional y consuelo<\/h3>\n\n\n\n<p>Los recuerdos materiales tienen un valor emocional incomparable. Son como abrazos del pasado que&nbsp;<strong>nos reconfortan en momentos dif\u00edciles<\/strong>, nos hacen sonre\u00edr recordando momentos felices y nos recuerdan que al final, todo pasa.<\/p>\n\n\n\n<h2 class=\"wp-block-heading\">6 cosas de la infancia de tus hijos que debes conservar<\/h2>\n\n\n\n<p>Conservar recuerdos materiales es mucho m\u00e1s que simplemente guardar objetos viejos, es preservar nuestra historia, nuestra identidad y nuestra conexi\u00f3n con lo que realmente importa en la vida: nuestros momentos, nuestras relaciones y nuestras emociones.<\/p>\n\n\n\n<p>Si tienes hijos y quieres saber cu\u00e1les son las cosas m\u00e1s importantes a conservar&nbsp;<strong>para cuando sean mayores<\/strong>, toma nota de estas ideas.<\/p>\n\n\n\n<h3 class=\"wp-block-heading\">1. Fotos en papel<\/h3>\n\n\n\n<p>Con la popularidad creciente de los&nbsp;<em>smartphones<\/em>&nbsp;y c\u00e1maras digitales, las fotos impresas han pasado a un segundo plano y con ellas, ese valor especial que sol\u00edan tener.<\/p>\n\n\n\n<p>A pesar de que ahora tenemos la facilidad de almacenar miles de fotos en nuestros dispositivos, no podemos negar&nbsp;<strong>el encanto y el significado \u00fanico que tienen las fotos en papel, colocadas con cari\u00f1o en un bonito \u00e1lbum.<\/strong>&nbsp;Esas fotograf\u00edas que a\u00fan conservamos de momentos especiales, de aquel viaje inolvidable o de celebraciones familiares, tienen un valor sentimental que va m\u00e1s all\u00e1 de lo digital.<\/p>\n\n\n\n<h3 class=\"wp-block-heading\">2. Su peluche preferido<\/h3>\n\n\n\n<p>Los peluches pueden ser muy especiales. Aunque est\u00e9n un poco desgastados o rotos, siguen siendo un tesoro cargado de significado.<\/p>\n\n\n\n<p>Los ni\u00f1os se abrazan a ellos para sentir confort en los momentos de tristeza, frustraci\u00f3n o miedo, y los convierten casi en un alter ego; son m\u00e1s que simples juguetes. No importa la edad que tengamos, conservar su peluche favorito es una manera de&nbsp;<strong>mantener viva esa conexi\u00f3n con ellos.<\/strong>&nbsp;Es uno de esos recuerdos de un bebe que merece la pena mantener en casa.<\/p>\n\n\n\n<h3 class=\"wp-block-heading\">3. Su cuento favorito<\/h3>\n\n\n\n<p>Los cuentos de la infancia tienen un lugar especial en nuestro coraz\u00f3n. Aunque lo conozcamos de memoria, no nos cans\u00e1bamos de escucharlo una y otra vez. Puede que incluso t\u00fa hayas conservado un cuento favorito para le\u00e9rselo a tus propios hijos.<\/p>\n\n\n\n<p>Conservar los libros ilustrados favoritos de tus hijos es&nbsp;<strong>uno de los recuerdos materiales m\u00e1s bonitos que podemos tener<\/strong>, no solo por el valor intr\u00ednseco que tienen los libros de por s\u00ed, sino tambi\u00e9n por lo que les hac\u00eda sentir.<\/p>\n\n\n\n<h3 class=\"wp-block-heading\">4. Colecciones de cromos<\/h3>\n\n\n\n<p>Los cromos tienen ese encanto atemporal que nos transporta a nuestra infancia. Cada \u00e9poca tiene sus modas, pero la emoci\u00f3n de coleccionar e intercambiar cromos repetidos para completar un \u00e1lbum es una sensaci\u00f3n que todos los ni\u00f1os y ni\u00f1as deber\u00edan disfrutar.<\/p>\n\n\n\n<p>Quien dice cromos, dice&nbsp;<strong>cualquier otro objeto coleccionable<\/strong>: figuritas de dinosaurios, legos, piedras especiales, etc. Las colecciones requieren meses o a\u00f1os de dedicaci\u00f3n, as\u00ed que son recuerdos que no se deben tirar.<\/p>\n\n\n\n<h3 class=\"wp-block-heading\">5. Libros o cuadernos escolares<\/h3>\n\n\n\n<p>Los libros y los cuadernos escolares pueden ser verdaderos tesoros llenos de recuerdos. Siempre es interesante guardar algunos elementos representativos de cada etapa, como&nbsp;<strong>dibujos de los primeros trazos, su primer bolet\u00edn de notas, un examen del que se sinti\u00f3 especialmente orgulloso o alguna redacci\u00f3n divertida.<\/strong><\/p>\n\n\n\n<p>Este tipo de recuerdos tienen un valor sentimental incalculable. Guardarlo todo de la etapa escolar ser\u00eda imposible, pero s\u00ed merece la pena conservar al menos un par de libros o cuadernos.<\/p>\n\n\n\n<h3 class=\"wp-block-heading\">6. Manualidades y ropa especial<\/h3>\n\n\n\n<p>Los regalos hechos a mano durante la infancia son tesoros que debemos guardar con cari\u00f1o, al menos los m\u00e1s especiales, los que fueron<strong>&nbsp;hechos con una dosis extra de cari\u00f1o<\/strong>&nbsp;o que coincidieron con una etapa vital m\u00e1s cargada de emociones.<\/p>\n\n\n\n<p>Y qu\u00e9 decir de los recuerdos de sus&nbsp;<strong>actividades extraescolares<\/strong>. El traje de f\u00fatbol, las zapatillas de ballet, el traje de sevillanas o la medalla de final de curso de nataci\u00f3n. Cada uno de estos recuerdos nos transporta a momentos llenos de<strong>&nbsp;alegr\u00eda y orgullo<\/strong>, y nos recuerda el esfuerzo y la dedicaci\u00f3n que pusieron en cada actividad.<\/p>\n\n\n\n<p>Como ves, hay muchos motivos para conservar con nosotros los recuerdos de la infancia de nuestros hijos. Si el problema es el espacio, puedes recurrir a un servicio de almacenaje fuera de casa. En Grupo la Nave, tenemos&nbsp;<a target=\"_blank\" href=\"https:\/\/www.grupolanave.com\/trasteros-particulares\/espacio-extra\" rel=\"noreferrer noopener\">trasteros adaptados<\/a>&nbsp;a las necesidades de cualquier familia y cualquier bolsillo.<\/p>\n","protected":false},"excerpt":{"rendered":"<p>\u00bfEs bueno conservar recuerdos de la infancia? Hoy en d\u00eda,&nbsp;la sociedad consumista nos empuja a deshacernos de las cosas viejas para dejar espacio a lo nuevo, como si solo los objetos reci\u00e9n estrenados tuviesen valor. Tambi\u00e9n se promueve la idea minimalista de tener, \u00fanicamente, cosas que nos puedan ofrecer un uso pr\u00e1ctico. Al mismo tiempo, [&hellip;]<\/p>\n","protected":false},"author":1,"featured_media":972,"comment_status":"open","ping_status":"open","sticky":false,"template":"","format":"standard","meta":{"footnotes":""},"categories":[1],"tags":[],"yoast_head":"<!-- This site is optimized with the Yoast SEO plugin v22.8 - https:\/\/yoast.com\/wordpress\/plugins\/seo\/ -->\n<title>6 recuerdos de la infancia de tus hijos que debes conservar\u00a0 - Grupo La Nave<\/title>\n<meta name=\"robots\" content=\"index, follow, max-snippet:-1, max-image-preview:large, max-video-preview:-1\" \/>\n<link rel=\"canonical\" href=\"https:\/\/www.grupolanave.com\/informacion\/6-recuerdos-de-la-infancia-de-tus-hijos-que-debes-conservar\/\" \/>\n<meta property=\"og:locale\" content=\"es_ES\" \/>\n<meta property=\"og:type\" content=\"article\" \/>\n<meta property=\"og:title\" content=\"6 recuerdos de la infancia de tus hijos que debes conservar\u00a0 - Grupo La Nave\" \/>\n<meta property=\"og:description\" content=\"\u00bfEs bueno conservar recuerdos de la infancia? Hoy en d\u00eda,&nbsp;la sociedad consumista nos empuja a deshacernos de las cosas viejas para dejar espacio a lo nuevo, como si solo los objetos reci\u00e9n estrenados tuviesen valor. Tambi\u00e9n se promueve la idea minimalista de tener, \u00fanicamente, cosas que nos puedan ofrecer un uso pr\u00e1ctico. Al mismo tiempo, [&hellip;]\" \/>\n<meta property=\"og:url\" content=\"https:\/\/www.grupolanave.com\/informacion\/6-recuerdos-de-la-infancia-de-tus-hijos-que-debes-conservar\/\" \/>\n<meta property=\"og:site_name\" content=\"Grupo La Nave\" \/>\n<meta property=\"article:published_time\" content=\"2024-05-17T08:56:00+00:00\" \/>\n<meta property=\"article:modified_time\" content=\"2024-05-17T08:56:01+00:00\" \/>\n<meta property=\"og:image\" content=\"https:\/\/www.grupolanave.com\/informacion\/wp-content\/uploads\/2024\/05\/recuerdo-1.jpg\" \/>\n\t<meta property=\"og:image:width\" content=\"1500\" \/>\n\t<meta property=\"og:image:height\" content=\"1034\" \/>\n\t<meta property=\"og:image:type\" content=\"image\/jpeg\" \/>\n<meta name=\"author\" content=\"lanave\" \/>\n<meta name=\"twitter:card\" content=\"summary_large_image\" \/>\n<meta name=\"twitter:label1\" content=\"Escrito por\" \/>\n\t<meta name=\"twitter:data1\" content=\"lanave\" \/>\n\t<meta name=\"twitter:label2\" content=\"Tiempo de lectura\" \/>\n\t<meta name=\"twitter:data2\" content=\"6 minutos\" \/>\n<script type=\"application\/ld+json\" class=\"yoast-schema-graph\">{\"@context\":\"https:\/\/schema.org\",\"@graph\":[{\"@type\":\"Article\",\"@id\":\"https:\/\/www.grupolanave.com\/informacion\/6-recuerdos-de-la-infancia-de-tus-hijos-que-debes-conservar\/#article\",\"isPartOf\":{\"@id\":\"https:\/\/www.grupolanave.com\/informacion\/6-recuerdos-de-la-infancia-de-tus-hijos-que-debes-conservar\/\"},\"author\":{\"name\":\"lanave\",\"@id\":\"https:\/\/www.grupolanave.com\/informacion\/#\/schema\/person\/e5a234affc161cbc11f28a4b305e10c4\"},\"headline\":\"6 recuerdos de la infancia de tus hijos que debes conservar\u00a0\",\"datePublished\":\"2024-05-17T08:56:00+00:00\",\"dateModified\":\"2024-05-17T08:56:01+00:00\",\"mainEntityOfPage\":{\"@id\":\"https:\/\/www.grupolanave.com\/informacion\/6-recuerdos-de-la-infancia-de-tus-hijos-que-debes-conservar\/\"},\"wordCount\":1202,\"commentCount\":0,\"publisher\":{\"@id\":\"https:\/\/www.grupolanave.com\/informacion\/#organization\"},\"image\":{\"@id\":\"https:\/\/www.grupolanave.com\/informacion\/6-recuerdos-de-la-infancia-de-tus-hijos-que-debes-conservar\/#primaryimage\"},\"thumbnailUrl\":\"https:\/\/www.grupolanave.com\/informacion\/wp-content\/uploads\/2024\/05\/recuerdo-1.jpg\",\"inLanguage\":\"es\",\"potentialAction\":[{\"@type\":\"CommentAction\",\"name\":\"Comment\",\"target\":[\"https:\/\/www.grupolanave.com\/informacion\/6-recuerdos-de-la-infancia-de-tus-hijos-que-debes-conservar\/#respond\"]}]},{\"@type\":\"WebPage\",\"@id\":\"https:\/\/www.grupolanave.com\/informacion\/6-recuerdos-de-la-infancia-de-tus-hijos-que-debes-conservar\/\",\"url\":\"https:\/\/www.grupolanave.com\/informacion\/6-recuerdos-de-la-infancia-de-tus-hijos-que-debes-conservar\/\",\"name\":\"6 recuerdos de la infancia de tus hijos que debes conservar\u00a0 - Grupo La Nave\",\"isPartOf\":{\"@id\":\"https:\/\/www.grupolanave.com\/informacion\/#website\"},\"primaryImageOfPage\":{\"@id\":\"https:\/\/www.grupolanave.com\/informacion\/6-recuerdos-de-la-infancia-de-tus-hijos-que-debes-conservar\/#primaryimage\"},\"image\":{\"@id\":\"https:\/\/www.grupolanave.com\/informacion\/6-recuerdos-de-la-infancia-de-tus-hijos-que-debes-conservar\/#primaryimage\"},\"thumbnailUrl\":\"https:\/\/www.grupolanave.com\/informacion\/wp-content\/uploads\/2024\/05\/recuerdo-1.jpg\",\"datePublished\":\"2024-05-17T08:56:00+00:00\",\"dateModified\":\"2024-05-17T08:56:01+00:00\",\"breadcrumb\":{\"@id\":\"https:\/\/www.grupolanave.com\/informacion\/6-recuerdos-de-la-infancia-de-tus-hijos-que-debes-conservar\/#breadcrumb\"},\"inLanguage\":\"es\",\"potentialAction\":[{\"@type\":\"ReadAction\",\"target\":[\"https:\/\/www.grupolanave.com\/informacion\/6-recuerdos-de-la-infancia-de-tus-hijos-que-debes-conservar\/\"]}]},{\"@type\":\"ImageObject\",\"inLanguage\":\"es\",\"@id\":\"https:\/\/www.grupolanave.com\/informacion\/6-recuerdos-de-la-infancia-de-tus-hijos-que-debes-conservar\/#primaryimage\",\"url\":\"https:\/\/www.grupolanave.com\/informacion\/wp-content\/uploads\/2024\/05\/recuerdo-1.jpg\",\"contentUrl\":\"https:\/\/www.grupolanave.com\/informacion\/wp-content\/uploads\/2024\/05\/recuerdo-1.jpg\",\"width\":1500,\"height\":1034},{\"@type\":\"BreadcrumbList\",\"@id\":\"https:\/\/www.grupolanave.com\/informacion\/6-recuerdos-de-la-infancia-de-tus-hijos-que-debes-conservar\/#breadcrumb\",\"itemListElement\":[{\"@type\":\"ListItem\",\"position\":1,\"name\":\"Portada\",\"item\":\"https:\/\/www.grupolanave.com\/informacion\/\"},{\"@type\":\"ListItem\",\"position\":2,\"name\":\"6 recuerdos de la infancia de tus hijos que debes conservar\u00a0\"}]},{\"@type\":\"WebSite\",\"@id\":\"https:\/\/www.grupolanave.com\/informacion\/#website\",\"url\":\"https:\/\/www.grupolanave.com\/informacion\/\",\"name\":\"Grupo La Nave\",\"description\":\"Alquiler de trasteros y minialmacenes\",\"publisher\":{\"@id\":\"https:\/\/www.grupolanave.com\/informacion\/#organization\"},\"potentialAction\":[{\"@type\":\"SearchAction\",\"target\":{\"@type\":\"EntryPoint\",\"urlTemplate\":\"https:\/\/www.grupolanave.com\/informacion\/?s={search_term_string}\"},\"query-input\":\"required name=search_term_string\"}],\"inLanguage\":\"es\"},{\"@type\":\"Organization\",\"@id\":\"https:\/\/www.grupolanave.com\/informacion\/#organization\",\"name\":\"Grupo La Nave\",\"url\":\"https:\/\/www.grupolanave.com\/informacion\/\",\"logo\":{\"@type\":\"ImageObject\",\"inLanguage\":\"es\",\"@id\":\"https:\/\/www.grupolanave.com\/informacion\/#\/schema\/logo\/image\/\",\"url\":\"https:\/\/www.grupolanave.com\/informacion\/wp-content\/uploads\/2021\/04\/cropped-logo-trasteros.png\",\"contentUrl\":\"https:\/\/www.grupolanave.com\/informacion\/wp-content\/uploads\/2021\/04\/cropped-logo-trasteros.png\",\"width\":291,\"height\":85,\"caption\":\"Grupo La Nave\"},\"image\":{\"@id\":\"https:\/\/www.grupolanave.com\/informacion\/#\/schema\/logo\/image\/\"}},{\"@type\":\"Person\",\"@id\":\"https:\/\/www.grupolanave.com\/informacion\/#\/schema\/person\/e5a234affc161cbc11f28a4b305e10c4\",\"name\":\"lanave\",\"image\":{\"@type\":\"ImageObject\",\"inLanguage\":\"es\",\"@id\":\"https:\/\/www.grupolanave.com\/informacion\/#\/schema\/person\/image\/\",\"url\":\"https:\/\/secure.gravatar.com\/avatar\/4149137097ddd89bf75c953b3f2ed1e1?s=96&d=mm&r=g\",\"contentUrl\":\"https:\/\/secure.gravatar.com\/avatar\/4149137097ddd89bf75c953b3f2ed1e1?s=96&d=mm&r=g\",\"caption\":\"lanave\"},\"sameAs\":[\"https:\/\/www.grupolanave.com\/informacion\"],\"url\":\"https:\/\/www.grupolanave.com\/informacion\/author\/lanave\/\"}]}<\/script>\n<!-- \/ Yoast SEO plugin. -->","yoast_head_json":{"title":"6 recuerdos de la infancia de tus hijos que debes conservar\u00a0 - Grupo La Nave","robots":{"index":"index","follow":"follow","max-snippet":"max-snippet:-1","max-image-preview":"max-image-preview:large","max-video-preview":"max-video-preview:-1"},"canonical":"https:\/\/www.grupolanave.com\/informacion\/6-recuerdos-de-la-infancia-de-tus-hijos-que-debes-conservar\/","og_locale":"es_ES","og_type":"article","og_title":"6 recuerdos de la infancia de tus hijos que debes conservar\u00a0 - Grupo La Nave","og_description":"\u00bfEs bueno conservar recuerdos de la infancia? Hoy en d\u00eda,&nbsp;la sociedad consumista nos empuja a deshacernos de las cosas viejas para dejar espacio a lo nuevo, como si solo los objetos reci\u00e9n estrenados tuviesen valor. Tambi\u00e9n se promueve la idea minimalista de tener, \u00fanicamente, cosas que nos puedan ofrecer un uso pr\u00e1ctico. Al mismo tiempo, [&hellip;]","og_url":"https:\/\/www.grupolanave.com\/informacion\/6-recuerdos-de-la-infancia-de-tus-hijos-que-debes-conservar\/","og_site_name":"Grupo La Nave","article_published_time":"2024-05-17T08:56:00+00:00","article_modified_time":"2024-05-17T08:56:01+00:00","og_image":[{"width":1500,"height":1034,"url":"https:\/\/www.grupolanave.com\/informacion\/wp-content\/uploads\/2024\/05\/recuerdo-1.jpg","type":"image\/jpeg"}],"author":"lanave","twitter_card":"summary_large_image","twitter_misc":{"Escrito por":"lanave","Tiempo de lectura":"6 minutos"},"schema":{"@context":"https:\/\/schema.org","@graph":[{"@type":"Article","@id":"https:\/\/www.grupolanave.com\/informacion\/6-recuerdos-de-la-infancia-de-tus-hijos-que-debes-conservar\/#article","isPartOf":{"@id":"https:\/\/www.grupolanave.com\/informacion\/6-recuerdos-de-la-infancia-de-tus-hijos-que-debes-conservar\/"},"author":{"name":"lanave","@id":"https:\/\/www.grupolanave.com\/informacion\/#\/schema\/person\/e5a234affc161cbc11f28a4b305e10c4"},"headline":"6 recuerdos de la infancia de tus hijos que debes conservar\u00a0","datePublished":"2024-05-17T08:56:00+00:00","dateModified":"2024-05-17T08:56:01+00:00","mainEntityOfPage":{"@id":"https:\/\/www.grupolanave.com\/informacion\/6-recuerdos-de-la-infancia-de-tus-hijos-que-debes-conservar\/"},"wordCount":1202,"commentCount":0,"publisher":{"@id":"https:\/\/www.grupolanave.com\/informacion\/#organization"},"image":{"@id":"https:\/\/www.grupolanave.com\/informacion\/6-recuerdos-de-la-infancia-de-tus-hijos-que-debes-conservar\/#primaryimage"},"thumbnailUrl":"https:\/\/www.grupolanave.com\/informacion\/wp-content\/uploads\/2024\/05\/recuerdo-1.jpg","inLanguage":"es","potentialAction":[{"@type":"CommentAction","name":"Comment","target":["https:\/\/www.grupolanave.com\/informacion\/6-recuerdos-de-la-infancia-de-tus-hijos-que-debes-conservar\/#respond"]}]},{"@type":"WebPage","@id":"https:\/\/www.grupolanave.com\/informacion\/6-recuerdos-de-la-infancia-de-tus-hijos-que-debes-conservar\/","url":"https:\/\/www.grupolanave.com\/informacion\/6-recuerdos-de-la-infancia-de-tus-hijos-que-debes-conservar\/","name":"6 recuerdos de la infancia de tus hijos que debes conservar\u00a0 - Grupo La Nave","isPartOf":{"@id":"https:\/\/www.grupolanave.com\/informacion\/#website"},"primaryImageOfPage":{"@id":"https:\/\/www.grupolanave.com\/informacion\/6-recuerdos-de-la-infancia-de-tus-hijos-que-debes-conservar\/#primaryimage"},"image":{"@id":"https:\/\/www.grupolanave.com\/informacion\/6-recuerdos-de-la-infancia-de-tus-hijos-que-debes-conservar\/#primaryimage"},"thumbnailUrl":"https:\/\/www.grupolanave.com\/informacion\/wp-content\/uploads\/2024\/05\/recuerdo-1.jpg","datePublished":"2024-05-17T08:56:00+00:00","dateModified":"2024-05-17T08:56:01+00:00","breadcrumb":{"@id":"https:\/\/www.grupolanave.com\/informacion\/6-recuerdos-de-la-infancia-de-tus-hijos-que-debes-conservar\/#breadcrumb"},"inLanguage":"es","potentialAction":[{"@type":"ReadAction","target":["https:\/\/www.grupolanave.com\/informacion\/6-recuerdos-de-la-infancia-de-tus-hijos-que-debes-conservar\/"]}]},{"@type":"ImageObject","inLanguage":"es","@id":"https:\/\/www.grupolanave.com\/informacion\/6-recuerdos-de-la-infancia-de-tus-hijos-que-debes-conservar\/#primaryimage","url":"https:\/\/www.grupolanave.com\/informacion\/wp-content\/uploads\/2024\/05\/recuerdo-1.jpg","contentUrl":"https:\/\/www.grupolanave.com\/informacion\/wp-content\/uploads\/2024\/05\/recuerdo-1.jpg","width":1500,"height":1034},{"@type":"BreadcrumbList","@id":"https:\/\/www.grupolanave.com\/informacion\/6-recuerdos-de-la-infancia-de-tus-hijos-que-debes-conservar\/#breadcrumb","itemListElement":[{"@type":"ListItem","position":1,"name":"Portada","item":"https:\/\/www.grupolanave.com\/informacion\/"},{"@type":"ListItem","position":2,"name":"6 recuerdos de la infancia de tus hijos que debes conservar\u00a0"}]},{"@type":"WebSite","@id":"https:\/\/www.grupolanave.com\/informacion\/#website","url":"https:\/\/www.grupolanave.com\/informacion\/","name":"Grupo La Nave","description":"Alquiler de trasteros y minialmacenes","publisher":{"@id":"https:\/\/www.grupolanave.com\/informacion\/#organization"},"potentialAction":[{"@type":"SearchAction","target":{"@type":"EntryPoint","urlTemplate":"https:\/\/www.grupolanave.com\/informacion\/?s={search_term_string}"},"query-input":"required name=search_term_string"}],"inLanguage":"es"},{"@type":"Organization","@id":"https:\/\/www.grupolanave.com\/informacion\/#organization","name":"Grupo La Nave","url":"https:\/\/www.grupolanave.com\/informacion\/","logo":{"@type":"ImageObject","inLanguage":"es","@id":"https:\/\/www.grupolanave.com\/informacion\/#\/schema\/logo\/image\/","url":"https:\/\/www.grupolanave.com\/informacion\/wp-content\/uploads\/2021\/04\/cropped-logo-trasteros.png","contentUrl":"https:\/\/www.grupolanave.com\/informacion\/wp-content\/uploads\/2021\/04\/cropped-logo-trasteros.png","width":291,"height":85,"caption":"Grupo La Nave"},"image":{"@id":"https:\/\/www.grupolanave.com\/informacion\/#\/schema\/logo\/image\/"}},{"@type":"Person","@id":"https:\/\/www.grupolanave.com\/informacion\/#\/schema\/person\/e5a234affc161cbc11f28a4b305e10c4","name":"lanave","image":{"@type":"ImageObject","inLanguage":"es","@id":"https:\/\/www.grupolanave.com\/informacion\/#\/schema\/person\/image\/","url":"https:\/\/secure.gravatar.com\/avatar\/4149137097ddd89bf75c953b3f2ed1e1?s=96&d=mm&r=g","contentUrl":"https:\/\/secure.gravatar.com\/avatar\/4149137097ddd89bf75c953b3f2ed1e1?s=96&d=mm&r=g","caption":"lanave"},"sameAs":["https:\/\/www.grupolanave.com\/informacion"],"url":"https:\/\/www.grupolanave.com\/informacion\/author\/lanave\/"}]}},"_links":{"self":[{"href":"https:\/\/www.grupolanave.com\/informacion\/wp-json\/wp\/v2\/posts\/971"}],"collection":[{"href":"https:\/\/www.grupolanave.com\/informacion\/wp-json\/wp\/v2\/posts"}],"about":[{"href":"https:\/\/www.grupolanave.com\/informacion\/wp-json\/wp\/v2\/types\/post"}],"author":[{"embeddable":true,"href":"https:\/\/www.grupolanave.com\/informacion\/wp-json\/wp\/v2\/users\/1"}],"replies":[{"embeddable":true,"href":"https:\/\/www.grupolanave.com\/informacion\/wp-json\/wp\/v2\/comments?post=971"}],"version-history":[{"count":1,"href":"https:\/\/www.grupolanave.com\/informacion\/wp-json\/wp\/v2\/posts\/971\/revisions"}],"predecessor-version":[{"id":973,"href":"https:\/\/www.grupolanave.com\/informacion\/wp-json\/wp\/v2\/posts\/971\/revisions\/973"}],"wp:featuredmedia":[{"embeddable":true,"href":"https:\/\/www.grupolanave.com\/informacion\/wp-json\/wp\/v2\/media\/972"}],"wp:attachment":[{"href":"https:\/\/www.grupolanave.com\/informacion\/wp-json\/wp\/v2\/media?parent=971"}],"wp:term":[{"taxonomy":"category","embeddable":true,"href":"https:\/\/www.grupolanave.com\/informacion\/wp-json\/wp\/v2\/categories?post=971"},{"taxonomy":"post_tag","embeddable":true,"href":"https:\/\/www.grupolanave.com\/informacion\/wp-json\/wp\/v2\/tags?post=971"}],"curies":[{"name":"wp","href":"https:\/\/api.w.org\/{rel}","templated":true}]}}